{"id":14327,"date":"2024-06-17T18:11:08","date_gmt":"2024-06-17T21:11:08","guid":{"rendered":"https:\/\/vimagazine.com.br\/?p=14327"},"modified":"2024-06-17T18:11:10","modified_gmt":"2024-06-17T21:11:10","slug":"estilo-classico-revisitado-elementos-que-marcaram-epoca-e-que-seguem-aclamados-no-decor","status":"publish","type":"post","link":"https:\/\/vimagazine.com.br\/?p=14327","title":{"rendered":"Estilo cl\u00e1ssico revisitado: elementos que marcaram \u00e9poca e que seguem aclamados no d\u00e9cor"},"content":{"rendered":"\n<p><\/p>\n\n\n\n<p><\/p>\n\n\n\n<p><em>O requinte das boiseries e das molduras vitorianas, al\u00e9m do charme das pe\u00e7as retr\u00f4, s\u00e3o alguns dos exemplos de itens que podem ser aplicados dentro de uma leitura contempor\u00e2nea nos projetos de interiores\u00a0<\/em><\/p>\n\n\n\n<p><\/p>\n\n\n\n<p><\/p>\n\n\n\n<p><\/p>\n\n\n\n<p>Nesse dormit\u00f3rio projetado pela\u00a0<strong>arquiteta Ana Rozenblit<\/strong>, a\u00a0<em>boiserie<\/em>, criada no s\u00e9culo XVII, ganhou uma roupagem atual com a inser\u00e7\u00e3o de uma cabeceira estofada e lumin\u00e1rias douradas. A t\u00e9cnica de mesclar elementos cl\u00e1ssicos com itens recentes resulta em um cen\u00e1rio disruptivo e repleto de camadas para aprecia\u00e7\u00e3o <\/p>\n\n\n\n<p><\/p>\n\n\n\n<p>A arquitetura \u00e9 uma arte milenar que coleciona, atrav\u00e9s dos s\u00e9culos, muitos recursos que expressaram solu\u00e7\u00f5es ou mesmo a vis\u00e3o daquilo que era considerado belo e valoroso para aquele per\u00edodo. Todo esse conhecimento \u00e9 acumulativo e n\u00e3o necessariamente excludente ou datado, por isso muitos m\u00e9todos cl\u00e1ssicos podem \u2013 e devem, por assim dizer \u2013 ser usados, at\u00e9 os dias de hoje, dentro de uma roupagem moderna e criativa.&nbsp;<\/p>\n\n\n\n<p>Para a&nbsp;<strong>arquiteta Ana Rozenblit<\/strong>, respons\u00e1vel pelo&nbsp;<strong>escrit\u00f3rio Spa\u00e7o Interior<\/strong>, revisitar&nbsp;<strong>cl\u00e1ssicos<\/strong>&nbsp;\u00e9 uma importante ferramenta de trabalho, pois muitas dessas estrat\u00e9gias se mant\u00eam por sua atemporalidade ou por incorporarem novos recortes para a vida moderna. &#8220;<em>Um cl\u00e1ssico recebe esse status por ser algo que marcou a hist\u00f3ria e dificilmente ser\u00e1 esquecido<\/em>&#8220;, explica a profissional sobre o tema. &#8220;<em>Utilizar esses elementos entrega ao d\u00e9cor cen\u00e1rios disruptivos e irreverentes que s\u00e3o pura criatividade!<\/em>&#8220;, completa a arquiteta que costuma mesclar o passado com o presente para desenvolver projetos inesquec\u00edveis e personalizados.<\/p>\n\n\n\n<p>Confira, a seguir, uma sele\u00e7\u00e3o de recursos que ressurgiram em aplica\u00e7\u00f5es poderosas que a profissional adicionou em seus projetos:<\/p>\n\n\n\n<p><strong>Boiserie<\/strong><\/p>\n\n\n\n<p>Muito popular na arquitetura desde o s\u00e9culo XVII, a\u00a0<em>boiserie<\/em>\u00a0nos remete ao movimento art\u00edstico Rococ\u00f3, quando as molduras nas paredes conquistaram os pal\u00e1cios franceses. Atualmente, s\u00e3o feitas com MDF, gesso ou poliuretano e diversificaram sua presen\u00e7a em diversos c\u00f4modos de um im\u00f3vel.<\/p>\n\n\n\n<p><\/p>\n\n\n\n<figure class=\"wp-block-image size-full\"><img width=\"767\" height=\"512\" src=\"https:\/\/vimagazine.com.br\/wp-content\/uploads\/2024\/06\/70e89117-ce94-4a87-b113-fc0294841ffb.jpg\" alt=\"\" class=\"wp-image-14328\" srcset=\"https:\/\/vimagazine.com.br\/wp-content\/uploads\/2024\/06\/70e89117-ce94-4a87-b113-fc0294841ffb.jpg 767w, https:\/\/vimagazine.com.br\/wp-content\/uploads\/2024\/06\/70e89117-ce94-4a87-b113-fc0294841ffb-300x200.jpg 300w\" sizes=\"(max-width: 767px) 100vw, 767px\" \/><\/figure>\n\n\n\n<p class=\"has-medium-font-size\"><em>&#8220;Trabalhar com a\u00a0boiserie\u00a0em im\u00f3veis com p\u00e9 direto duplo \u00e9 uma jogada interessante para valorizar a amplitude das paredes&#8221;,\u00a0<\/em>indica a\u00a0<strong>arquiteta Ana Rozenblit<\/strong>, que \u00e9 apaixonada pelo recurso e o inseriu nessa moderna cobertura. Atrav\u00e9s dela, living\u00a0e \u00e1rea gourmet tornaram-se ainda mais majestosos, evocando a sensa\u00e7\u00e3o de infinitude e sofistica\u00e7\u00e3o <\/p>\n\n\n\n<p><\/p>\n\n\n\n<p>Elas tamb\u00e9m s\u00e3o \u00f3timas escolhas para abrilhantar os dormit\u00f3rios, principalmente quando o d\u00e9cor se guia dentro de um caminho estil\u00edstico que cruza os estilos rom\u00e2ntico e cl\u00e1ssico. &#8220;<em>Sem d\u00favidas, \u00e9 o ambiente onde os clientes mais solicitam a boiserie e n\u00e3o \u00e9 para menos, pois ela entrega uma atmosfera on\u00edrica e elegante onde todos se sentem pr\u00edncipes e princesas de suas pr\u00f3prias trajet\u00f3rias<\/em>&#8220;, analisa a profissional sobre como o artif\u00edcio que conversa com o imagin\u00e1rio e contribui com a constru\u00e7\u00e3o da casa dos sonhos.\u00a0<\/p>\n\n\n\n<p><\/p>\n\n\n\n<figure class=\"wp-block-image size-full\"><img width=\"795\" height=\"591\" src=\"https:\/\/vimagazine.com.br\/wp-content\/uploads\/2024\/06\/52516b10-822e-46eb-b14e-004495879172.jpg\" alt=\"\" class=\"wp-image-14329\" srcset=\"https:\/\/vimagazine.com.br\/wp-content\/uploads\/2024\/06\/52516b10-822e-46eb-b14e-004495879172.jpg 795w, https:\/\/vimagazine.com.br\/wp-content\/uploads\/2024\/06\/52516b10-822e-46eb-b14e-004495879172-300x223.jpg 300w, https:\/\/vimagazine.com.br\/wp-content\/uploads\/2024\/06\/52516b10-822e-46eb-b14e-004495879172-768x571.jpg 768w\" sizes=\"(max-width: 795px) 100vw, 795px\" \/><\/figure>\n\n\n\n<p>Utilizando a\u00a0boiserie, este dormit\u00f3rio exalta uma paleta de cores l\u00edrica pela predomin\u00e2ncia do cinza, tanto nos m\u00f3veis quanto no enxoval, com a delicadeza complementar do rosa |\u00a0<strong>Projeto: Spa\u00e7o Interior | FOTOS: Kadu Lopes<\/strong><\/p>\n\n\n\n<p><\/p>\n\n\n\n<p><strong><em>Brise-soleil&nbsp;<\/em><\/strong><\/p>\n\n\n\n<p>Com historiadores e estudiosos marcando o&nbsp;<em>boom<\/em>&nbsp;dos brises entre as d\u00e9cadas de 1930 e 1940, durante o modernismo arquitet\u00f4nico, o&nbsp;<em>Brise-soleil<\/em>&nbsp;(do franc\u00eas, quebra-sol) ganhou duas vers\u00f5es: uma mais ampla para a constru\u00e7\u00e3o civil, controlando a entrada do sol em pr\u00e9dios e edifica\u00e7\u00f5es robustas, e em vers\u00f5es residenciais, com tamanho condizente com os projetos de interiores.<\/p>\n\n\n\n<p>&#8220;<em>Eu adoro traz\u00ea-lo por sua funcionalidade em varandas amplas ou ambientes integrados que podem contar com uma divis\u00f3ria vazada<\/em>&#8220;, pontua a arquiteta que trabalha com o mecanismo para delimitar espa\u00e7os e controlar a entrada de ilumina\u00e7\u00e3o natural nas \u00e1reas sociais de um lar.\u00a0<\/p>\n\n\n\n<p><\/p>\n\n\n\n<figure class=\"wp-block-image size-full\"><img width=\"701\" height=\"520\" src=\"https:\/\/vimagazine.com.br\/wp-content\/uploads\/2024\/06\/12bb709c-d6ab-49b9-adb8-4004deaf60a0.jpg\" alt=\"\" class=\"wp-image-14330\" srcset=\"https:\/\/vimagazine.com.br\/wp-content\/uploads\/2024\/06\/12bb709c-d6ab-49b9-adb8-4004deaf60a0.jpg 701w, https:\/\/vimagazine.com.br\/wp-content\/uploads\/2024\/06\/12bb709c-d6ab-49b9-adb8-4004deaf60a0-300x223.jpg 300w\" sizes=\"(max-width: 701px) 100vw, 701px\" \/><\/figure>\n\n\n\n<p><\/p>\n\n\n\n<p>Com ripas largas na cor branca, o\u00a0<em>brise<\/em>\u00a0desenhada pela\u00a0<strong>arquiteta Ana Rozenblit<\/strong>\u00a0possui a movimenta\u00e7\u00e3o que possibilita o livre-arb\u00edtrio do morador: quando fechada, separa o estar da varanda gourmet, mas do contr\u00e1rio, a sua abertura, na diagonal, integra os dois espa\u00e7os <\/p>\n\n\n\n<p><\/p>\n\n\n\n<figure class=\"wp-block-image size-full\"><img width=\"691\" height=\"461\" src=\"https:\/\/vimagazine.com.br\/wp-content\/uploads\/2024\/06\/f7bea61e-141d-46f4-b4cc-a9ce413b0dfb.jpg\" alt=\"\" class=\"wp-image-14331\" srcset=\"https:\/\/vimagazine.com.br\/wp-content\/uploads\/2024\/06\/f7bea61e-141d-46f4-b4cc-a9ce413b0dfb.jpg 691w, https:\/\/vimagazine.com.br\/wp-content\/uploads\/2024\/06\/f7bea61e-141d-46f4-b4cc-a9ce413b0dfb-300x200.jpg 300w\" sizes=\"(max-width: 691px) 100vw, 691px\" \/><\/figure>\n\n\n\n<p>Quando aberto, o\u00a0<em>brise\u00a0<\/em>enaltece o elo entre o sofisticado e moderno presente na \u00e1rea social deste apartamento localizado na capital paulista.\u00a0O branco das l\u00e2minas combina com a base tonal neutra escolhida pela\u00a0<strong>arquiteta Ana Rozenblit<\/strong>\u00a0para o d\u00e9cor\u00a0<\/p>\n\n\n\n<p><\/p>\n\n\n\n<p><strong>A ess\u00eancia vitoriana<\/strong><\/p>\n\n\n\n<p>Milenares e protagonistas de grandes estudos nos campos da f\u00edsica e da filosofia, os espelhos foram inseridos no d\u00e9cor com o aux\u00edlio de molduras grossas e ornamentais, protegendo a pe\u00e7a no transporte e se destacando como centro na decora\u00e7\u00e3o. Hoje em dia \u00e9 bastante comum que os espelhos inseridos nos projetos residenciais revelem guarni\u00e7\u00f5es minimalistas ou invis\u00edveis, por\u00e9m se engana quem pensa que a rebuscada refer\u00eancia barroca saiu de moda!<\/p>\n\n\n\n<p><\/p>\n\n\n\n<figure class=\"wp-block-image size-full\"><img width=\"470\" height=\"704\" src=\"https:\/\/vimagazine.com.br\/wp-content\/uploads\/2024\/06\/90087ff5-c1d3-467f-9ff0-a32608e5f60a.jpg\" alt=\"\" class=\"wp-image-14332\" srcset=\"https:\/\/vimagazine.com.br\/wp-content\/uploads\/2024\/06\/90087ff5-c1d3-467f-9ff0-a32608e5f60a.jpg 470w, https:\/\/vimagazine.com.br\/wp-content\/uploads\/2024\/06\/90087ff5-c1d3-467f-9ff0-a32608e5f60a-200x300.jpg 200w\" sizes=\"(max-width: 470px) 100vw, 470px\" \/><\/figure>\n\n\n\n<p>Com um cantinho especial para maquiagem, essa penteadeira de m\u00e1rmore ganhou uma companheira \u00e0 altura:\u00a0um espelho\u00a0com moldura dourada e desenho vitoriano, junto com a cadeira com design de \u00e9poca<\/p>\n\n\n\n<p>&#8220;<em>O emprego de molduras antigas \u00e9 uma maneira de contar e prestigiar a hist\u00f3ria humana atrav\u00e9s da arquitetura de interiores<\/em>&#8220;, descreve Ana. Ela conta que sua adi\u00e7\u00e3o se traduz como &#8220;<em>um ponto inesperado no c\u00f4modo que, como eternizado no livro &#8216;Alice Atrav\u00e9s do Espelho&#8217;, nos transporta para outro mundo atrav\u00e9s do reflexo emoldurado<\/em>&#8220;.\u00a0<\/p>\n\n\n\n<p><\/p>\n\n\n\n<figure class=\"wp-block-image size-full\"><img width=\"821\" height=\"614\" src=\"https:\/\/vimagazine.com.br\/wp-content\/uploads\/2024\/06\/98369cb5-902d-452c-b22f-395ed0f9240a.jpg\" alt=\"\" class=\"wp-image-14333\" srcset=\"https:\/\/vimagazine.com.br\/wp-content\/uploads\/2024\/06\/98369cb5-902d-452c-b22f-395ed0f9240a.jpg 821w, https:\/\/vimagazine.com.br\/wp-content\/uploads\/2024\/06\/98369cb5-902d-452c-b22f-395ed0f9240a-300x224.jpg 300w, https:\/\/vimagazine.com.br\/wp-content\/uploads\/2024\/06\/98369cb5-902d-452c-b22f-395ed0f9240a-768x574.jpg 768w\" sizes=\"(max-width: 821px) 100vw, 821px\" \/><\/figure>\n\n\n\n<p>Em ambientes sociais e at\u00e9 mesmo nos privativos, como nos dormit\u00f3rios, \u00e9 poss\u00edvel contar com molduras que entreguem um toque diferenciado na decora\u00e7\u00e3o, uma vez que as pe\u00e7as s\u00e3o, por si s\u00f3, pontos aten\u00e7\u00e3o e deslumbre |<\/p>\n\n\n\n<p><\/p>\n\n\n\n<p class=\"has-medium-font-size\"><strong>A ode aos eletrodom\u00e9sticos retr\u00f4<\/strong><\/p>\n\n\n\n<p>As d\u00e9cadas de 1950 e 1960 acompanharam uma verdadeira febre sobre os eletrodom\u00e9sticos coloridos \u2013 uma tend\u00eancia lan\u00e7ada nos Estados Unidos que conquistou o mundo e se estendeu para o Brasil at\u00e9 meados dos anos 80.\u00a0&#8220;<em>Eles nos trazem uma mem\u00f3ria afetiva muito grande, uma vez que encontramos com alguns desses eletros na casa de nossos av\u00f3s e antepassados<\/em>&#8220;, reflete a arquiteta sobre a import\u00e2ncia imaterial das pe\u00e7as.\u00a0<\/p>\n\n\n\n<p><\/p>\n\n\n\n<figure class=\"wp-block-image size-full\"><img width=\"798\" height=\"532\" src=\"https:\/\/vimagazine.com.br\/wp-content\/uploads\/2024\/06\/76fbad55-5f93-4de7-b61c-4a2a2b81102d.jpg\" alt=\"\" class=\"wp-image-14334\" srcset=\"https:\/\/vimagazine.com.br\/wp-content\/uploads\/2024\/06\/76fbad55-5f93-4de7-b61c-4a2a2b81102d.jpg 798w, https:\/\/vimagazine.com.br\/wp-content\/uploads\/2024\/06\/76fbad55-5f93-4de7-b61c-4a2a2b81102d-300x200.jpg 300w, https:\/\/vimagazine.com.br\/wp-content\/uploads\/2024\/06\/76fbad55-5f93-4de7-b61c-4a2a2b81102d-768x512.jpg 768w\" sizes=\"(max-width: 798px) 100vw, 798px\" \/><\/figure>\n\n\n\n<p>Para essa varanda gourmet, a\u00a0<strong>arquiteta Ana Rozenblit<\/strong>\u00a0inseriu um frigobar vermelho para atender aos moradores e visitantes que se concentram no espa\u00e7o para encontros e confraterniza\u00e7\u00f5es. A pe\u00e7a \u00e9 um ponto de cor essencial para o projeto, ganhando protagonismo, uma vez que a paleta neutra o permitiu se sobressair de maneira intencional e coesa<\/p>\n\n\n\n<p><\/p>\n\n\n\n<p class=\"has-medium-font-size\">S<strong>obre\u00a0Spa\u00e7o\u00a0Interior<\/strong><\/p>\n\n\n\n<p>Presente h\u00e1 25 anos no mercado de arquitetura e decora\u00e7\u00e3o, a&nbsp;Spa\u00e7o&nbsp;Interior&nbsp;Arquitetura tem no comando a arquiteta Ana Rozenblit. O escrit\u00f3rio realiza dezenas de projetos por ano, que v\u00e3o desde pequenas reformas at\u00e9 casas completas. As maiores inspira\u00e7\u00f5es da arquiteta v\u00eam dos desafios propostos em cada obra. Sempre atenta \u00e0s novidades do mercado e \u00e0s necessidades do cliente, desenvolve solu\u00e7\u00f5es criativas e inusitadas para im\u00f3veis dos mais variados tamanhos.<\/p>\n\n\n\n<p><a href=\"https:\/\/click.cse360.com.br\/Click\/AddCampaignEmailClick\/32c7fc1b-2a80-4c50-0584-08dc84b34103\/about%253ablank\/84a13bf5-1001-4b37-93cf-9aa5931b4a9b\/vimagazine@vimagazine.com.br\/True\" rel=\"noreferrer noopener\" target=\"_blank\">www.spacointerior.com.br<\/a><\/p>\n\n\n\n<p>@spacointerior<\/p>\n\n\n\n<p>Av. Rouxinol, 84 Cj. 51 &#8211; Moema, S\u00e3o Paulo \u2013 SP \/ (11) 98753-4033 (WhatsApp)<\/p>\n\n\n\n<p><strong>Projeto: Spa\u00e7o Interior | FOTOS: Kadu Lopes<\/strong><br><br><\/p>\n","protected":false},"excerpt":{"rendered":"<p>O requinte das boiseries e das molduras vitorianas, al\u00e9m do charme das pe\u00e7as retr\u00f4, s\u00e3o&#8230;<\/p>\n","protected":false},"author":1,"featured_media":14335,"comment_status":"closed","ping_status":"open","sticky":false,"template":"","format":"standard","meta":{"om_disable_all_campaigns":false,"_monsterinsights_skip_tracking":false,"_monsterinsights_sitenote_active":false,"_monsterinsights_sitenote_note":"","_monsterinsights_sitenote_category":0,"spay_email":""},"categories":[1],"tags":[],"jetpack_featured_media_url":"https:\/\/vimagazine.com.br\/wp-content\/uploads\/2024\/06\/903034a0-0fd9-4479-82cb-153e2436fd16.jpg","_links":{"self":[{"href":"https:\/\/vimagazine.com.br\/index.php?rest_route=\/wp\/v2\/posts\/14327"}],"collection":[{"href":"https:\/\/vimagazine.com.br\/index.php?rest_route=\/wp\/v2\/posts"}],"about":[{"href":"https:\/\/vimagazine.com.br\/index.php?rest_route=\/wp\/v2\/types\/post"}],"author":[{"embeddable":true,"href":"https:\/\/vimagazine.com.br\/index.php?rest_route=\/wp\/v2\/users\/1"}],"replies":[{"embeddable":true,"href":"https:\/\/vimagazine.com.br\/index.php?rest_route=%2Fwp%2Fv2%2Fcomments&post=14327"}],"version-history":[{"count":1,"href":"https:\/\/vimagazine.com.br\/index.php?rest_route=\/wp\/v2\/posts\/14327\/revisions"}],"predecessor-version":[{"id":14336,"href":"https:\/\/vimagazine.com.br\/index.php?rest_route=\/wp\/v2\/posts\/14327\/revisions\/14336"}],"wp:featuredmedia":[{"embeddable":true,"href":"https:\/\/vimagazine.com.br\/index.php?rest_route=\/wp\/v2\/media\/14335"}],"wp:attachment":[{"href":"https:\/\/vimagazine.com.br\/index.php?rest_route=%2Fwp%2Fv2%2Fmedia&parent=14327"}],"wp:term":[{"taxonomy":"category","embeddable":true,"href":"https:\/\/vimagazine.com.br\/index.php?rest_route=%2Fwp%2Fv2%2Fcategories&post=14327"},{"taxonomy":"post_tag","embeddable":true,"href":"https:\/\/vimagazine.com.br\/index.php?rest_route=%2Fwp%2Fv2%2Ftags&post=14327"}],"curies":[{"name":"wp","href":"https:\/\/api.w.org\/{rel}","templated":true}]}}