{"id":14375,"date":"2024-06-19T12:09:54","date_gmt":"2024-06-19T15:09:54","guid":{"rendered":"https:\/\/vimagazine.com.br\/?p=14375"},"modified":"2024-06-19T12:11:45","modified_gmt":"2024-06-19T15:11:45","slug":"monthal-apresenta-novas-colecoes-e-inovacoes-na-32-edicao-fevest-2024","status":"publish","type":"post","link":"https:\/\/vimagazine.com.br\/?p=14375","title":{"rendered":"Monthal apresenta Novas Cole\u00e7\u00f5es e Inova\u00e7\u00f5es na 32 EDI\u00c7\u00c3O FEVEST 2024"},"content":{"rendered":"\n<p><\/p>\n\n\n\n<p class=\"has-medium-font-size\"><strong>A Monthal tem o prazer de convidar voc\u00ea a visitar nosso stand na FEVEST 2024, onde celebraremos o lan\u00e7amento de nossas novas cole\u00e7\u00f5es e inova\u00e7\u00f5es exclusivas no mundo da moda e do bem-estar.<\/strong><\/p>\n\n\n\n<p><\/p>\n\n\n\n<p><\/p>\n\n\n\n<p>Nessa Edi\u00e7\u00e3o ser\u00e3o apresentadas as cole\u00e7\u00f5es:<\/p>\n\n\n\n<p>Cole\u00e7\u00e3o Ref\u00fagio: Eleg\u00e2ncia e Conforto para Noites Tranquilas<\/p>\n\n\n\n<p>A cole\u00e7\u00e3o &#8220;Ref\u00fagio&#8221; \u00e9 uma fus\u00e3o revigorante de frescor de ver\u00e3o e eleg\u00e2ncia relaxante,<\/p>\n\n\n\n<p>Cole\u00e7\u00e3o &#8220;Al Mare&#8221;: Uma Viagem \u00e0 Costa Amalfitana<\/p>\n\n\n\n<p>Inova\u00e7\u00e3o Sustent\u00e1vel: Biopolimento em Tecidos Premium<\/p>\n\n\n\n<p>Estamos orgulhosos de apresentar o processo de biopolimento, uma inova\u00e7\u00e3o sustent\u00e1vel que melhora a qualidade e textura das pe\u00e7as de algod\u00e3o. Utilizando um processo enzim\u00e1tico natural, livre de qu\u00edmicos e ecologicamente correto, o biopolimento evita a pilosidade, confere uma apar\u00eancia brilhante e luminosa e aumenta a suavidade dos tecidos.<\/p>\n\n\n\n<p>Nessa Edi\u00e7\u00e3o, FEVEST 2024, a grife Monthal Home Wear trar\u00e1 a novidade da realiza\u00e7\u00e3o durante a feira do &#8220;Podcast Monthal&#8221; com a CEO da marca Eleonora Erthal.&nbsp;&nbsp;&nbsp;&nbsp;&nbsp;<\/p>\n\n\n\n<p>Podcast Monthal: Di\u00e1logos sobre Sono, Qualidade de Vida e Empreendedorismo Feminino.<\/p>\n\n\n\n<p>Durante a FEVEST, a Monthal realizar\u00e1 um podcast exclusivo com grandes figuras de destaque na comunidade. Os temas abordados incluir\u00e3o sono, qualidade de vida e o papel da mulher no empreendedorismo. Este podcast ser\u00e1 uma oportunidade \u00fanica para explorar essas quest\u00f5es importantes e ouvir insights valiosos de especialistas.<\/p>\n\n\n\n<figure class=\"wp-container-2 wp-block-gallery-1 wp-block-gallery has-nested-images columns-4 is-cropped\">\n<figure class=\"wp-block-image size-large\"><img width=\"1277\" height=\"1920\" data-id=\"14376\"  src=\"https:\/\/vimagazine.com.br\/wp-content\/uploads\/2024\/06\/DSC0596.jpg\" alt=\"\" class=\"wp-image-14376\" srcset=\"https:\/\/vimagazine.com.br\/wp-content\/uploads\/2024\/06\/DSC0596.jpg 1277w, https:\/\/vimagazine.com.br\/wp-content\/uploads\/2024\/06\/DSC0596-200x300.jpg 200w, https:\/\/vimagazine.com.br\/wp-content\/uploads\/2024\/06\/DSC0596-681x1024.jpg 681w, https:\/\/vimagazine.com.br\/wp-content\/uploads\/2024\/06\/DSC0596-768x1155.jpg 768w, https:\/\/vimagazine.com.br\/wp-content\/uploads\/2024\/06\/DSC0596-1022x1536.jpg 1022w, https:\/\/vimagazine.com.br\/wp-content\/uploads\/2024\/06\/DSC0596-1024x1540.jpg 1024w\" sizes=\"(max-width: 1277px) 100vw, 1277px\" \/><\/figure>\n\n\n\n<figure class=\"wp-block-image size-large\"><img width=\"900\" height=\"1349\" data-id=\"14378\"  src=\"https:\/\/vimagazine.com.br\/wp-content\/uploads\/2024\/06\/Screenshot_20240616_182913_Gallery.jpg\" alt=\"\" class=\"wp-image-14378\" srcset=\"https:\/\/vimagazine.com.br\/wp-content\/uploads\/2024\/06\/Screenshot_20240616_182913_Gallery.jpg 900w, https:\/\/vimagazine.com.br\/wp-content\/uploads\/2024\/06\/Screenshot_20240616_182913_Gallery-200x300.jpg 200w, https:\/\/vimagazine.com.br\/wp-content\/uploads\/2024\/06\/Screenshot_20240616_182913_Gallery-683x1024.jpg 683w, https:\/\/vimagazine.com.br\/wp-content\/uploads\/2024\/06\/Screenshot_20240616_182913_Gallery-768x1151.jpg 768w\" sizes=\"(max-width: 900px) 100vw, 900px\" \/><\/figure>\n\n\n\n<figure class=\"wp-block-image size-large\"><img width=\"1277\" height=\"1920\" data-id=\"14379\"  src=\"https:\/\/vimagazine.com.br\/wp-content\/uploads\/2024\/06\/DSC2144.jpg\" alt=\"\" class=\"wp-image-14379\" srcset=\"https:\/\/vimagazine.com.br\/wp-content\/uploads\/2024\/06\/DSC2144.jpg 1277w, https:\/\/vimagazine.com.br\/wp-content\/uploads\/2024\/06\/DSC2144-200x300.jpg 200w, https:\/\/vimagazine.com.br\/wp-content\/uploads\/2024\/06\/DSC2144-681x1024.jpg 681w, https:\/\/vimagazine.com.br\/wp-content\/uploads\/2024\/06\/DSC2144-768x1155.jpg 768w, https:\/\/vimagazine.com.br\/wp-content\/uploads\/2024\/06\/DSC2144-1022x1536.jpg 1022w, https:\/\/vimagazine.com.br\/wp-content\/uploads\/2024\/06\/DSC2144-1024x1540.jpg 1024w\" sizes=\"(max-width: 1277px) 100vw, 1277px\" \/><\/figure>\n\n\n\n<figure class=\"wp-block-image size-large\"><img width=\"1277\" height=\"1920\" data-id=\"14380\"  src=\"https:\/\/vimagazine.com.br\/wp-content\/uploads\/2024\/06\/DSC2273.jpg\" alt=\"\" class=\"wp-image-14380\" srcset=\"https:\/\/vimagazine.com.br\/wp-content\/uploads\/2024\/06\/DSC2273.jpg 1277w, https:\/\/vimagazine.com.br\/wp-content\/uploads\/2024\/06\/DSC2273-200x300.jpg 200w, https:\/\/vimagazine.com.br\/wp-content\/uploads\/2024\/06\/DSC2273-681x1024.jpg 681w, https:\/\/vimagazine.com.br\/wp-content\/uploads\/2024\/06\/DSC2273-768x1155.jpg 768w, https:\/\/vimagazine.com.br\/wp-content\/uploads\/2024\/06\/DSC2273-1022x1536.jpg 1022w, https:\/\/vimagazine.com.br\/wp-content\/uploads\/2024\/06\/DSC2273-1024x1540.jpg 1024w\" sizes=\"(max-width: 1277px) 100vw, 1277px\" \/><\/figure>\n\n\n\n<figure class=\"wp-block-image size-large\"><img width=\"1920\" height=\"1278\" data-id=\"14377\"  src=\"https:\/\/vimagazine.com.br\/wp-content\/uploads\/2024\/06\/DSC1289.jpg\" alt=\"\" class=\"wp-image-14377\" srcset=\"https:\/\/vimagazine.com.br\/wp-content\/uploads\/2024\/06\/DSC1289.jpg 1920w, https:\/\/vimagazine.com.br\/wp-content\/uploads\/2024\/06\/DSC1289-300x200.jpg 300w, https:\/\/vimagazine.com.br\/wp-content\/uploads\/2024\/06\/DSC1289-1024x682.jpg 1024w, https:\/\/vimagazine.com.br\/wp-content\/uploads\/2024\/06\/DSC1289-768x511.jpg 768w, https:\/\/vimagazine.com.br\/wp-content\/uploads\/2024\/06\/DSC1289-1536x1022.jpg 1536w\" sizes=\"(max-width: 1920px) 100vw, 1920px\" \/><\/figure>\n<\/figure>\n\n\n\n<p><\/p>\n\n\n\n<p>Visite Nosso Stand na FEVEST 2024<\/p>\n\n\n\n<p>Estamos entusiasmados em convidar voc\u00ea a conferir nosso stand na FEVEST 2024. Descubra como nossas novas cole\u00e7\u00f5es e inova\u00e7\u00f5es podem transformar seu guarda-roupa e melhorar sua qualidade de vida. Venha experimentar o melhor do design, conforto e sustentabilidade com a Monthal.<\/p>\n\n\n\n<p>Data: 25 a 27 de junho de 2024<\/p>\n\n\n\n<p>Local: Feira de Moda \u00cdntima, Praia e Fitness, Nova Friburgo, RJ.<\/p>\n\n\n\n<p>Esperamos v\u00ea-lo l\u00e1 para celebrar o luxo, a eleg\u00e2ncia e o bem-estar com a Monthal. Venha se refugiar conosco e mergulhar na beleza da Costa Amalfitana.<br><br><\/p>\n\n\n\n<p>&nbsp;DG Assessoria e Comunica\u00e7\u00e3o<\/p>\n\n\n\n<p>Fotos Lucas Souza<\/p>\n","protected":false},"excerpt":{"rendered":"<p>A Monthal tem o prazer de convidar voc\u00ea a visitar nosso stand na FEVEST 2024,&#8230;<\/p>\n","protected":false},"author":1,"featured_media":14383,"comment_status":"closed","ping_status":"open","sticky":false,"template":"","format":"standard","meta":{"om_disable_all_campaigns":false,"_monsterinsights_skip_tracking":false,"_monsterinsights_sitenote_active":false,"_monsterinsights_sitenote_note":"","_monsterinsights_sitenote_category":0,"spay_email":""},"categories":[1],"tags":[],"jetpack_featured_media_url":"https:\/\/vimagazine.com.br\/wp-content\/uploads\/2024\/06\/Screenshot_20240616_182755_Gallery-1.jpg","_links":{"self":[{"href":"https:\/\/vimagazine.com.br\/index.php?rest_route=\/wp\/v2\/posts\/14375"}],"collection":[{"href":"https:\/\/vimagazine.com.br\/index.php?rest_route=\/wp\/v2\/posts"}],"about":[{"href":"https:\/\/vimagazine.com.br\/index.php?rest_route=\/wp\/v2\/types\/post"}],"author":[{"embeddable":true,"href":"https:\/\/vimagazine.com.br\/index.php?rest_route=\/wp\/v2\/users\/1"}],"replies":[{"embeddable":true,"href":"https:\/\/vimagazine.com.br\/index.php?rest_route=%2Fwp%2Fv2%2Fcomments&post=14375"}],"version-history":[{"count":2,"href":"https:\/\/vimagazine.com.br\/index.php?rest_route=\/wp\/v2\/posts\/14375\/revisions"}],"predecessor-version":[{"id":14384,"href":"https:\/\/vimagazine.com.br\/index.php?rest_route=\/wp\/v2\/posts\/14375\/revisions\/14384"}],"wp:featuredmedia":[{"embeddable":true,"href":"https:\/\/vimagazine.com.br\/index.php?rest_route=\/wp\/v2\/media\/14383"}],"wp:attachment":[{"href":"https:\/\/vimagazine.com.br\/index.php?rest_route=%2Fwp%2Fv2%2Fmedia&parent=14375"}],"wp:term":[{"taxonomy":"category","embeddable":true,"href":"https:\/\/vimagazine.com.br\/index.php?rest_route=%2Fwp%2Fv2%2Fcategories&post=14375"},{"taxonomy":"post_tag","embeddable":true,"href":"https:\/\/vimagazine.com.br\/index.php?rest_route=%2Fwp%2Fv2%2Ftags&post=14375"}],"curies":[{"name":"wp","href":"https:\/\/api.w.org\/{rel}","templated":true}]}}