{"id":14395,"date":"2024-06-19T20:15:42","date_gmt":"2024-06-19T23:15:42","guid":{"rendered":"https:\/\/vimagazine.com.br\/?p=14395"},"modified":"2024-06-19T20:16:05","modified_gmt":"2024-06-19T23:16:05","slug":"a-sertaneja-munique-jandre-lanca-o-single-cerejinha","status":"publish","type":"post","link":"https:\/\/vimagazine.com.br\/?p=14395","title":{"rendered":"A Sertaneja Munique Jandre lan\u00e7a o Single \u201cCerejinha\u201d"},"content":{"rendered":"\n<p>A cantora e compositora paranaense Munique Jandre, lan\u00e7a hoje (19 de junho), \u00a0o single\u00a0<strong>\u201cCerejinha\u201d\u00a0<\/strong>pela Virgin Records \u2013 Universal Music. <\/p>\n\n\n\n<p>A obra \u00e9 uma composi\u00e7\u00e3o de Matheus Junio, Magno Neves, Maikon Sampaio e Naldo Luz.<\/p>\n\n\n\n<p>A m\u00fasica foi gravada no est\u00fadio Vinicius Le\u00e3o, em S\u00e3o Paulo, com a produ\u00e7\u00e3o da Universal Music. <\/p>\n\n\n\n<p>A dire\u00e7\u00e3o de \u00e1udio ficou a cargo de Waleriano Le\u00e3o de Moraes, e a dire\u00e7\u00e3o de v\u00eddeo, por Renan Moraes. A equipe da Universal tamb\u00e9m contou com a dire\u00e7\u00e3o art\u00edstica de Miguel Cariello e a ger\u00eancia art\u00edstica de Henrique Badke.<\/p>\n\n\n\n<p>Conhecida por sua voz inconfund\u00edvel e letras que tocam o cora\u00e7\u00e3o, Munique anuncia com entusiasmo o lan\u00e7amento de seu mais recente single. <\/p>\n\n\n\n<p>A faixa, que promete ser um novo sucesso, j\u00e1 est\u00e1 dispon\u00edvel em todas as plataformas digitais, trazendo a ess\u00eancia aut\u00eantica e apaixonada que s\u00f3 Munique pode oferecer.<\/p>\n\n\n\n<p>A artista, que j\u00e1 conquistou uma base de f\u00e3s fiel com suas performances emocionantes e presen\u00e7a carism\u00e1tica, est\u00e1 pronta para alcan\u00e7ar novos patamares com este lan\u00e7amento.<\/p>\n\n\n\n<p> Ela continua a provar que \u00e9 uma for\u00e7a a ser reconhecida na ind\u00fastria da m\u00fasica, combinando talento, paix\u00e3o e uma dedica\u00e7\u00e3o incans\u00e1vel \u00e0 sua arte. <\/p>\n\n\n\n<p>Munique espera que este novo single ressoe com o p\u00fablico e traga a mesma alegria e inspira\u00e7\u00e3o que ela sentiu ao inclu\u00ed-lo em seu repert\u00f3rio.<\/p>\n\n\n\n<figure class=\"wp-block-image size-large\"><img width=\"680\" height=\"1024\" src=\"https:\/\/vimagazine.com.br\/wp-content\/uploads\/2024\/06\/DSC9769-1-680x1024.jpeg\" alt=\"\" class=\"wp-image-14398\" srcset=\"https:\/\/vimagazine.com.br\/wp-content\/uploads\/2024\/06\/DSC9769-1-680x1024.jpeg 680w, https:\/\/vimagazine.com.br\/wp-content\/uploads\/2024\/06\/DSC9769-1-199x300.jpeg 199w, https:\/\/vimagazine.com.br\/wp-content\/uploads\/2024\/06\/DSC9769-1-768x1157.jpeg 768w, https:\/\/vimagazine.com.br\/wp-content\/uploads\/2024\/06\/DSC9769-1-1020x1536.jpeg 1020w, https:\/\/vimagazine.com.br\/wp-content\/uploads\/2024\/06\/DSC9769-1-1024x1542.jpeg 1024w, https:\/\/vimagazine.com.br\/wp-content\/uploads\/2024\/06\/DSC9769-1.jpeg 1275w\" sizes=\"(max-width: 680px) 100vw, 680px\" \/><\/figure>\n\n\n\n<p><strong>\u201cCerejinha me conquistou de uma maneira diferente. <\/strong><\/p>\n\n\n\n<p><strong>Eu me apaixonei pela can\u00e7\u00e3o e fiz quest\u00e3o de inclu\u00ed-la em meu repert\u00f3rio.<\/strong><\/p>\n\n\n\n<p><strong> Ela tem uma pegada \u00fanica e, desde a primeira vez que ouvi, eu tive certeza de que tamb\u00e9m iria contagiar meus f\u00e3s.\u201d<\/strong>\u00a0comenta a artista.<\/p>\n\n\n\n<p><strong><u>Sobre Munique Jandre:<\/u><\/strong><\/p>\n\n\n\n<p>Munique \u00e9 uma cantora e compositora que tem deixado sua marca no mundo da m\u00fasica sertaneja.<\/p>\n\n\n\n<p> Com uma carreira que come\u00e7ou cedo e uma paix\u00e3o pela m\u00fasica que brilha em cada nota, Munique \u00e9 uma artista que vive e respira sua arte. <\/p>\n\n\n\n<p>Seu compromisso com a autenticidade e a express\u00e3o genu\u00edna a torna uma das vozes mais emocionantes e relevantes da m\u00fasica brasileira contempor\u00e2nea.<\/p>\n\n\n\n<p><strong>Vale a pena conferir!<\/strong><\/p>\n\n\n\n<figure class=\"wp-block-embed\"><div class=\"wp-block-embed__wrapper\">\nhttps:\/\/virginmusicbr.lnk.to\/Cerejinha\n<\/div><\/figure>\n\n\n\n<figure class=\"wp-block-embed is-type-video is-provider-youtube wp-block-embed-youtube wp-embed-aspect-16-9 wp-has-aspect-ratio\"><div class=\"wp-block-embed__wrapper\">\n<iframe loading=\"lazy\" title=\"Munique Jandre - Cerejinha (Clipe Oficial)\" width=\"640\" height=\"360\" src=\"https:\/\/www.youtube.com\/embed\/-skDnGC4pUc?feature=oembed\" frameborder=\"0\" allow=\"accelerometer; autoplay; clipboard-write; encrypted-media; gyroscope; picture-in-picture; web-share\" referrerpolicy=\"strict-origin-when-cross-origin\" allowfullscreen><\/iframe>\n<\/div><\/figure>\n\n\n\n<p><strong>Para saber mais acesse:<\/strong><\/p>\n\n\n\n<figure class=\"wp-block-embed\"><div class=\"wp-block-embed__wrapper\">\nhttps:\/\/www.instagram.com\/muniquejandre\/\n<\/div><\/figure>\n\n\n\n<figure class=\"wp-block-embed\"><div class=\"wp-block-embed__wrapper\">\nhttps:\/\/www.facebook.com\/muniquejandreoficial\/\n<\/div><\/figure>\n\n\n\n<figure class=\"wp-block-embed\"><div class=\"wp-block-embed__wrapper\">\nhttps:\/\/www.tiktok.com\/@muniquejandre\n<\/div><\/figure>\n\n\n\n<figure class=\"wp-block-embed\"><div class=\"wp-block-embed__wrapper\">\nhttps:\/\/www.youtube.com\/channel\/UCVw-CjmKUiRVvX7LU8bpLMQ\n<\/div><\/figure>\n\n\n\n<figure class=\"wp-block-embed is-type-rich is-provider-spotify wp-block-embed-spotify wp-embed-aspect-21-9 wp-has-aspect-ratio\"><div class=\"wp-block-embed__wrapper\">\n<iframe title=\"Spotify Embed: Munique Jandre\" style=\"border-radius: 12px\" width=\"100%\" height=\"352\" frameborder=\"0\" allowfullscreen allow=\"autoplay; clipboard-write; encrypted-media; fullscreen; picture-in-picture\" loading=\"lazy\" src=\"https:\/\/open.spotify.com\/embed\/artist\/3kFyW2dnpcuj3KxLcr9EXH?utm_source=oembed\"><\/iframe>\n<\/div><\/figure>\n\n\n\n<figure class=\"wp-block-embed\"><div class=\"wp-block-embed__wrapper\">\nhttps:\/\/music.apple.com\/br\/artist\/munique-jandre\/1635450225\n<\/div><\/figure>\n","protected":false},"excerpt":{"rendered":"<p>A cantora e compositora paranaense Munique Jandre, lan\u00e7a hoje (19 de junho), \u00a0o single\u00a0\u201cCerejinha\u201d\u00a0pela Virgin&#8230;<\/p>\n","protected":false},"author":3,"featured_media":14397,"comment_status":"closed","ping_status":"open","sticky":false,"template":"","format":"standard","meta":{"om_disable_all_campaigns":false,"_monsterinsights_skip_tracking":false,"_monsterinsights_sitenote_active":false,"_monsterinsights_sitenote_note":"","_monsterinsights_sitenote_category":0,"spay_email":""},"categories":[1],"tags":[],"jetpack_featured_media_url":"https:\/\/vimagazine.com.br\/wp-content\/uploads\/2024\/06\/nm-e1718838780885.jpg","_links":{"self":[{"href":"https:\/\/vimagazine.com.br\/index.php?rest_route=\/wp\/v2\/posts\/14395"}],"collection":[{"href":"https:\/\/vimagazine.com.br\/index.php?rest_route=\/wp\/v2\/posts"}],"about":[{"href":"https:\/\/vimagazine.com.br\/index.php?rest_route=\/wp\/v2\/types\/post"}],"author":[{"embeddable":true,"href":"https:\/\/vimagazine.com.br\/index.php?rest_route=\/wp\/v2\/users\/3"}],"replies":[{"embeddable":true,"href":"https:\/\/vimagazine.com.br\/index.php?rest_route=%2Fwp%2Fv2%2Fcomments&post=14395"}],"version-history":[{"count":2,"href":"https:\/\/vimagazine.com.br\/index.php?rest_route=\/wp\/v2\/posts\/14395\/revisions"}],"predecessor-version":[{"id":14400,"href":"https:\/\/vimagazine.com.br\/index.php?rest_route=\/wp\/v2\/posts\/14395\/revisions\/14400"}],"wp:featuredmedia":[{"embeddable":true,"href":"https:\/\/vimagazine.com.br\/index.php?rest_route=\/wp\/v2\/media\/14397"}],"wp:attachment":[{"href":"https:\/\/vimagazine.com.br\/index.php?rest_route=%2Fwp%2Fv2%2Fmedia&parent=14395"}],"wp:term":[{"taxonomy":"category","embeddable":true,"href":"https:\/\/vimagazine.com.br\/index.php?rest_route=%2Fwp%2Fv2%2Fcategories&post=14395"},{"taxonomy":"post_tag","embeddable":true,"href":"https:\/\/vimagazine.com.br\/index.php?rest_route=%2Fwp%2Fv2%2Ftags&post=14395"}],"curies":[{"name":"wp","href":"https:\/\/api.w.org\/{rel}","templated":true}]}}