{"id":14401,"date":"2024-06-19T20:24:46","date_gmt":"2024-06-19T23:24:46","guid":{"rendered":"https:\/\/vimagazine.com.br\/?p=14401"},"modified":"2024-06-19T20:25:22","modified_gmt":"2024-06-19T23:25:22","slug":"artistas-catarinenses-tem-oportunidade-de-aperfeicoamento-profissional","status":"publish","type":"post","link":"https:\/\/vimagazine.com.br\/?p=14401","title":{"rendered":"\u00a0Artistas catarinenses t\u00eam oportunidade de aperfei\u00e7oamento profissional"},"content":{"rendered":"\n<p class=\"has-text-align-center\"><em>Semin\u00e1rio gratuito nos dias 29 e 30 de junho contar\u00e1 com nomes respeitados do cen\u00e1rio cultural do Estado \u00e0 frente de palestras e workshops<\/em>.<\/p>\n\n\n\n<p class=\"has-text-align-center\">\u00a0Os artistas catarinenses ter\u00e3o uma grande oportunidade de forma\u00e7\u00e3o, reciclagem e troca de experi\u00eancias, contribuindo assim para a atua\u00e7\u00e3o e o desenvolvimento profissional em sua \u00e1rea.<\/p>\n\n\n\n<p class=\"has-text-align-center\"> Nos dias 29 e 30 de junho, a Galeria 33, em Joinville, promover\u00e1 o 33 TALKS Ideias Contempor\u00e2neas, um semin\u00e1rio com 32 horas de forma\u00e7\u00e3o e difus\u00e3o da produ\u00e7\u00e3o art\u00edstica contempor\u00e2nea catarinense com atividades presenciais e online, possibilitando a participa\u00e7\u00e3o de interessados de todo o Estado.<\/p>\n\n\n\n<figure class=\"wp-block-image aligncenter size-large\"><img width=\"724\" height=\"1024\" src=\"https:\/\/vimagazine.com.br\/wp-content\/uploads\/2024\/06\/Tirotti-724x1024.jpg\" alt=\"\" class=\"wp-image-14403\" srcset=\"https:\/\/vimagazine.com.br\/wp-content\/uploads\/2024\/06\/Tirotti-724x1024.jpg 724w, https:\/\/vimagazine.com.br\/wp-content\/uploads\/2024\/06\/Tirotti-212x300.jpg 212w, https:\/\/vimagazine.com.br\/wp-content\/uploads\/2024\/06\/Tirotti-768x1087.jpg 768w, https:\/\/vimagazine.com.br\/wp-content\/uploads\/2024\/06\/Tirotti-1086x1536.jpg 1086w, https:\/\/vimagazine.com.br\/wp-content\/uploads\/2024\/06\/Tirotti-1024x1449.jpg 1024w, https:\/\/vimagazine.com.br\/wp-content\/uploads\/2024\/06\/Tirotti.jpg 1357w\" sizes=\"(max-width: 724px) 100vw, 724px\" \/><\/figure>\n\n\n\n<p class=\"has-text-align-center\">As inscri\u00e7\u00f5es s\u00e3o gratuitas e podem ser feitas pelo site\u00a0<a href=\"http:\/\/www.sympla.com.br\/\" target=\"_blank\" rel=\"noreferrer noopener\">www.sympla.com.br<\/a>.<br>O evento pretende n\u00e3o s\u00f3 capacitar os artistas, mas promover o interc\u00e2mbio de conhecimentos, fomentar o desenvolvimento profissional e promover a divulga\u00e7\u00e3o da cultura regional. <\/p>\n\n\n\n<p class=\"has-text-align-center\">E far\u00e1 isso por meio de palestras, workshops e apresenta\u00e7\u00f5es de portf\u00f3lio, abordando pr\u00e1ticas art\u00edsticas contempor\u00e2neas, estrat\u00e9gias de carreira, participa\u00e7\u00e3o em iniciativas de fomento cultural e estrat\u00e9gias de comunica\u00e7\u00e3o, formando assim uma plataforma fundamental para a promo\u00e7\u00e3o, capacita\u00e7\u00e3o e enriquecimento da cena art\u00edstica em Santa Catarina.<\/p>\n\n\n\n<p class=\"has-text-align-center\"><br>Na programa\u00e7\u00e3o do TALKS est\u00e3o quatro palestras presenciais e quatro online (ao vivo pelo canal da galeria no Youtube), dois workshops sobre pr\u00e1ticas profissionais art\u00edsticas e oito apresenta\u00e7\u00f5es de portf\u00f3lio de artistas locais. <\/p>\n\n\n\n<figure class=\"wp-block-image aligncenter size-full\"><img width=\"340\" height=\"510\" src=\"https:\/\/vimagazine.com.br\/wp-content\/uploads\/2024\/06\/Neri-Cardoso.jpg\" alt=\"\" class=\"wp-image-14404\" srcset=\"https:\/\/vimagazine.com.br\/wp-content\/uploads\/2024\/06\/Neri-Cardoso.jpg 340w, https:\/\/vimagazine.com.br\/wp-content\/uploads\/2024\/06\/Neri-Cardoso-200x300.jpg 200w\" sizes=\"(max-width: 340px) 100vw, 340px\" \/><\/figure>\n\n\n\n<p class=\"has-text-align-center\">Os convidados para ministrar todas estas atividades s\u00e3o nomes de peso no cen\u00e1rio art\u00edstico catarinense: os artistas Ricardo Kolb, S\u00e9rgio Adriano, Tirotti e Anna Moraes; a historiadora, curadora e professora Kathlen Kohl; a jornalista N\u00e9ri Pedroso; a professora e cr\u00edtica de arte Luciane Garcez; a artista, editora e professora Kamilla Nunes; e a professora Sandra Makowiecky.<\/p>\n\n\n\n<p class=\"has-text-align-center\"><br>Enfim, o semin\u00e1rio TALKS Ideias Contempor\u00e2neas &#8211; que conta com recursos do Governo do Estado de Santa Catarina, pela Funda\u00e7\u00e3o Catarinense de Cultura (FCC), por meio do Pr\u00eamio Elisabete Anderle de Est\u00edmulo \u00e0 Cultura &#8211; \u00e9 um novo caminho para o crescimento intelectual e profissional de artistas, produtores e agentes culturais, fot\u00f3grafos, designers, curadores e qualquer pessoa que se relaciona com o mercado de arte e quer conhecer mais a fundo seu funcionamento e desafios.<\/p>\n\n\n\n<figure class=\"wp-block-image aligncenter size-large\"><img width=\"1024\" height=\"768\" src=\"https:\/\/vimagazine.com.br\/wp-content\/uploads\/2024\/06\/Sergio-Adriano-H-2-1024x768.jpeg\" alt=\"\" class=\"wp-image-14405\" srcset=\"https:\/\/vimagazine.com.br\/wp-content\/uploads\/2024\/06\/Sergio-Adriano-H-2-1024x768.jpeg 1024w, https:\/\/vimagazine.com.br\/wp-content\/uploads\/2024\/06\/Sergio-Adriano-H-2-300x225.jpeg 300w, https:\/\/vimagazine.com.br\/wp-content\/uploads\/2024\/06\/Sergio-Adriano-H-2-768x576.jpeg 768w, https:\/\/vimagazine.com.br\/wp-content\/uploads\/2024\/06\/Sergio-Adriano-H-2.jpeg 1280w\" sizes=\"(max-width: 1024px) 100vw, 1024px\" \/><\/figure>\n\n\n\n<p class=\"has-text-align-center\"><br><br><strong>SERVI\u00c7O:<br><br>O QU\u00ca: Semin\u00e1rio TALKS Ideias Contempor\u00e2neas.<br>QUANDO: Dias 29 e 30 de de junho, a partir das 9h.<br>ONDE: Galeria 33, rua Bento Gon\u00e7alves, 33, bairro Gl\u00f3ria, e pelo canal da Galeria 33 no Youtube.<br>QUANTO: Gratuito. Inscri\u00e7\u00f5es e programa\u00e7\u00e3o completa no site\u00a0<\/strong><a href=\"http:\/\/www.sympla.com.br\/\" target=\"_blank\" rel=\"noreferrer noopener\"><strong>www.sympla.com.br<\/strong><\/a><strong>.<\/strong><\/p>\n\n\n\n<figure class=\"wp-block-image aligncenter size-large\"><img width=\"724\" height=\"1024\" src=\"https:\/\/vimagazine.com.br\/wp-content\/uploads\/2024\/06\/Kethlen-Kohl-724x1024.jpeg\" alt=\"\" class=\"wp-image-14406\" srcset=\"https:\/\/vimagazine.com.br\/wp-content\/uploads\/2024\/06\/Kethlen-Kohl-724x1024.jpeg 724w, https:\/\/vimagazine.com.br\/wp-content\/uploads\/2024\/06\/Kethlen-Kohl-212x300.jpeg 212w, https:\/\/vimagazine.com.br\/wp-content\/uploads\/2024\/06\/Kethlen-Kohl-768x1086.jpeg 768w, https:\/\/vimagazine.com.br\/wp-content\/uploads\/2024\/06\/Kethlen-Kohl-1087x1536.jpeg 1087w, https:\/\/vimagazine.com.br\/wp-content\/uploads\/2024\/06\/Kethlen-Kohl-1024x1447.jpeg 1024w, https:\/\/vimagazine.com.br\/wp-content\/uploads\/2024\/06\/Kethlen-Kohl.jpeg 1132w\" sizes=\"(max-width: 724px) 100vw, 724px\" \/><\/figure>\n\n\n\n<p class=\"has-text-align-center\"><br><\/p>\n","protected":false},"excerpt":{"rendered":"<p>Semin\u00e1rio gratuito nos dias 29 e 30 de junho contar\u00e1 com nomes respeitados do cen\u00e1rio&#8230;<\/p>\n","protected":false},"author":3,"featured_media":14402,"comment_status":"closed","ping_status":"open","sticky":false,"template":"","format":"standard","meta":{"om_disable_all_campaigns":false,"_monsterinsights_skip_tracking":false,"_monsterinsights_sitenote_active":false,"_monsterinsights_sitenote_note":"","_monsterinsights_sitenote_category":0,"spay_email":""},"categories":[1],"tags":[],"jetpack_featured_media_url":"https:\/\/vimagazine.com.br\/wp-content\/uploads\/2024\/06\/Francine-Goudel.jpg","_links":{"self":[{"href":"https:\/\/vimagazine.com.br\/index.php?rest_route=\/wp\/v2\/posts\/14401"}],"collection":[{"href":"https:\/\/vimagazine.com.br\/index.php?rest_route=\/wp\/v2\/posts"}],"about":[{"href":"https:\/\/vimagazine.com.br\/index.php?rest_route=\/wp\/v2\/types\/post"}],"author":[{"embeddable":true,"href":"https:\/\/vimagazine.com.br\/index.php?rest_route=\/wp\/v2\/users\/3"}],"replies":[{"embeddable":true,"href":"https:\/\/vimagazine.com.br\/index.php?rest_route=%2Fwp%2Fv2%2Fcomments&post=14401"}],"version-history":[{"count":2,"href":"https:\/\/vimagazine.com.br\/index.php?rest_route=\/wp\/v2\/posts\/14401\/revisions"}],"predecessor-version":[{"id":14409,"href":"https:\/\/vimagazine.com.br\/index.php?rest_route=\/wp\/v2\/posts\/14401\/revisions\/14409"}],"wp:featuredmedia":[{"embeddable":true,"href":"https:\/\/vimagazine.com.br\/index.php?rest_route=\/wp\/v2\/media\/14402"}],"wp:attachment":[{"href":"https:\/\/vimagazine.com.br\/index.php?rest_route=%2Fwp%2Fv2%2Fmedia&parent=14401"}],"wp:term":[{"taxonomy":"category","embeddable":true,"href":"https:\/\/vimagazine.com.br\/index.php?rest_route=%2Fwp%2Fv2%2Fcategories&post=14401"},{"taxonomy":"post_tag","embeddable":true,"href":"https:\/\/vimagazine.com.br\/index.php?rest_route=%2Fwp%2Fv2%2Ftags&post=14401"}],"curies":[{"name":"wp","href":"https:\/\/api.w.org\/{rel}","templated":true}]}}