{"id":14417,"date":"2024-06-19T20:44:11","date_gmt":"2024-06-19T23:44:11","guid":{"rendered":"https:\/\/vimagazine.com.br\/?p=14417"},"modified":"2024-06-19T20:45:47","modified_gmt":"2024-06-19T23:45:47","slug":"afroreggae-e-afrogames-participam-do-lancamento-do-parque-tecnologico-de-marica","status":"publish","type":"post","link":"https:\/\/vimagazine.com.br\/?p=14417","title":{"rendered":"AfroReggae e AfroGames Participam do Lan\u00e7amento do Parque Tecnol\u00f3gico de Maric\u00e1"},"content":{"rendered":"\n<p>Na tarde de ontem (19), representantes do AfroReggae e AfroGames participaram do evento de lan\u00e7amento do Parque Tecnol\u00f3gico de Maric\u00e1.<\/p>\n\n\n\n<p> A cerim\u00f4nia de inaugura\u00e7\u00e3o foi marcada por entusiasmo e inova\u00e7\u00e3o, e destacou o compromisso da cidade em se tornar um polo de tecnologia e empreendedorismo.<\/p>\n\n\n\n<p>O Parque Tecnol\u00f3gico de Maric\u00e1 \u00e9 um espa\u00e7o multifuncional dedicado a impulsionar startups e fomentar o desenvolvimento tecnol\u00f3gico na regi\u00e3o. <\/p>\n\n\n\n<p>Al\u00e9m de ser uma incubadora de empresas, o parque oferece uma arena p\u00fablica para eventos, workshops e competi\u00e7\u00f5es.<\/p>\n\n\n\n<p> Uma das principais atra\u00e7\u00f5es do novo parque \u00e9 a oferta de aulas de desenvolvimento de jogos, visando capacitar jovens talentos na \u00e1rea de tecnologia e jogos digitais.<\/p>\n\n\n\n<p> Esse programa busca democratizar o acesso \u00e0 educa\u00e7\u00e3o tecnol\u00f3gica, proporcionando oportunidades para todos, independentemente de sua origem socioecon\u00f4mica.<\/p>\n\n\n\n<p>A presen\u00e7a dos representantes do AfroReggae e AfroGames no evento simboliza a integra\u00e7\u00e3o de iniciativas sociais com o progresso tecnol\u00f3gico.<\/p>\n\n\n\n<figure class=\"wp-block-image size-large\"><img width=\"1024\" height=\"768\" src=\"https:\/\/vimagazine.com.br\/wp-content\/uploads\/2024\/06\/WhatsApp-Image-2024-06-18-at-16.37.34-1024x768.jpeg\" alt=\"\" class=\"wp-image-14420\" srcset=\"https:\/\/vimagazine.com.br\/wp-content\/uploads\/2024\/06\/WhatsApp-Image-2024-06-18-at-16.37.34-1024x768.jpeg 1024w, https:\/\/vimagazine.com.br\/wp-content\/uploads\/2024\/06\/WhatsApp-Image-2024-06-18-at-16.37.34-300x225.jpeg 300w, https:\/\/vimagazine.com.br\/wp-content\/uploads\/2024\/06\/WhatsApp-Image-2024-06-18-at-16.37.34-768x576.jpeg 768w, https:\/\/vimagazine.com.br\/wp-content\/uploads\/2024\/06\/WhatsApp-Image-2024-06-18-at-16.37.34.jpeg 1280w\" sizes=\"(max-width: 1024px) 100vw, 1024px\" \/><\/figure>\n\n\n\n<p> O AfroReggae, conhecido por seu trabalho cultural e social nas comunidades, e o AfroGames, pioneiro em inserir jovens da periferia no universo dos eSports, s\u00e3o exemplos de como a tecnologia pode ser uma ferramenta poderosa para a inclus\u00e3o e o desenvolvimento social.<\/p>\n\n\n\n<p>Durante a visita, os representantes conheceram as instala\u00e7\u00f5es de \u00faltima gera\u00e7\u00e3o do parque, dialogaram com outros empreendedores e exploraram possibilidades de colabora\u00e7\u00e3o para futuros projetos.<\/p>\n\n\n\n<p> A participa\u00e7\u00e3o no lan\u00e7amento do Parque Tecnol\u00f3gico de Maric\u00e1 representa um passo importante para ambos os grupos, que veem no parque uma oportunidade de expandir suas atividades e impactar positivamente a vida de muitos jovens<\/p>\n\n\n\n<p>Assessoria de Imprensa<\/p>\n\n\n\n<p>Bia Saldanha Ar\u00eaas &#8211;&nbsp;Tel. &nbsp;21 98107 1450<\/p>\n\n\n\n<p>Rozangela Silva&nbsp;&#8211; Tel. 21 99998 1802&nbsp;<\/p>\n\n\n","protected":false},"excerpt":{"rendered":"<p>Na tarde de ontem (19), representantes do AfroReggae e AfroGames participaram do evento de lan\u00e7amento&#8230;<\/p>\n","protected":false},"author":3,"featured_media":14418,"comment_status":"closed","ping_status":"open","sticky":false,"template":"","format":"standard","meta":{"om_disable_all_campaigns":false,"_monsterinsights_skip_tracking":false,"_monsterinsights_sitenote_active":false,"_monsterinsights_sitenote_note":"","_monsterinsights_sitenote_category":0,"spay_email":""},"categories":[1],"tags":[],"jetpack_featured_media_url":"https:\/\/vimagazine.com.br\/wp-content\/uploads\/2024\/06\/Luca-Alves-Vinicius-Verly.-Joao-Paulo-Cred-Divulgacao-e1718840486489.jpeg","_links":{"self":[{"href":"https:\/\/vimagazine.com.br\/index.php?rest_route=\/wp\/v2\/posts\/14417"}],"collection":[{"href":"https:\/\/vimagazine.com.br\/index.php?rest_route=\/wp\/v2\/posts"}],"about":[{"href":"https:\/\/vimagazine.com.br\/index.php?rest_route=\/wp\/v2\/types\/post"}],"author":[{"embeddable":true,"href":"https:\/\/vimagazine.com.br\/index.php?rest_route=\/wp\/v2\/users\/3"}],"replies":[{"embeddable":true,"href":"https:\/\/vimagazine.com.br\/index.php?rest_route=%2Fwp%2Fv2%2Fcomments&post=14417"}],"version-history":[{"count":3,"href":"https:\/\/vimagazine.com.br\/index.php?rest_route=\/wp\/v2\/posts\/14417\/revisions"}],"predecessor-version":[{"id":14422,"href":"https:\/\/vimagazine.com.br\/index.php?rest_route=\/wp\/v2\/posts\/14417\/revisions\/14422"}],"wp:featuredmedia":[{"embeddable":true,"href":"https:\/\/vimagazine.com.br\/index.php?rest_route=\/wp\/v2\/media\/14418"}],"wp:attachment":[{"href":"https:\/\/vimagazine.com.br\/index.php?rest_route=%2Fwp%2Fv2%2Fmedia&parent=14417"}],"wp:term":[{"taxonomy":"category","embeddable":true,"href":"https:\/\/vimagazine.com.br\/index.php?rest_route=%2Fwp%2Fv2%2Fcategories&post=14417"},{"taxonomy":"post_tag","embeddable":true,"href":"https:\/\/vimagazine.com.br\/index.php?rest_route=%2Fwp%2Fv2%2Ftags&post=14417"}],"curies":[{"name":"wp","href":"https:\/\/api.w.org\/{rel}","templated":true}]}}