{"id":14423,"date":"2024-06-21T10:04:48","date_gmt":"2024-06-21T13:04:48","guid":{"rendered":"https:\/\/vimagazine.com.br\/?p=14423"},"modified":"2024-06-21T10:04:51","modified_gmt":"2024-06-21T13:04:51","slug":"greice-tijolo-por-tijoloe-praia-formosa-sao-os-grandes-vencedores-do-13o-olhar-de-cinema-confira-todos-os-premiados","status":"publish","type":"post","link":"https:\/\/vimagazine.com.br\/?p=14423","title":{"rendered":"&#8220;Greice&#8221;, &#8220;Tijolo por Tijolo&#8221;e &#8220;Praia Formosa&#8221; s\u00e3o os grandes vencedores do 13\u00ba Olhar de Cinema. Confira todos os premiados"},"content":{"rendered":"\n<p><\/p>\n\n\n\n<p><\/p>\n\n\n\n<p><strong><em>Produ\u00e7\u00f5es levaram o pr\u00eamio de Melhor Filme, Melhor Dire\u00e7\u00e3o e<\/em> <em>Melhor Dire\u00e7\u00e3o de Arte, respectivamente<\/em><\/strong><\/p>\n\n\n\n<p><\/p>\n\n\n\n<p>Na noite desta quarta-feira (19), ocorreu a cerim\u00f4nia de premia\u00e7\u00e3o do 13\u00ba&nbsp;<strong>Olhar de Cinema &#8211; Festival Internacional de Curitiba,<\/strong>&nbsp;ocupando a Capela Santa Maria, um dos espa\u00e7os culturais mais apreciados da capital paranaense.&nbsp;<\/p>\n\n\n\n<p>Por mais um ano, o evento bateu recorde de p\u00fablico com sess\u00f5es esgotadas, sendo marcado por estreias mundiais e nacionais, com a exibi\u00e7\u00e3o de produ\u00e7\u00f5es de todo o mundo e promovendo a democratiza\u00e7\u00e3o do acesso \u00e0 s\u00e9tima arte.\u00a0<\/p>\n\n\n\n<p><\/p>\n\n\n\n<figure class=\"wp-block-image size-large\"><img width=\"1024\" height=\"682\" src=\"https:\/\/vimagazine.com.br\/wp-content\/uploads\/2024\/06\/ecf47fce-0f4b-49cb-a03d-86e5a5f0ea1e-1024x682.jpg\" alt=\"\" class=\"wp-image-14424\" srcset=\"https:\/\/vimagazine.com.br\/wp-content\/uploads\/2024\/06\/ecf47fce-0f4b-49cb-a03d-86e5a5f0ea1e-1024x682.jpg 1024w, https:\/\/vimagazine.com.br\/wp-content\/uploads\/2024\/06\/ecf47fce-0f4b-49cb-a03d-86e5a5f0ea1e-300x200.jpg 300w, https:\/\/vimagazine.com.br\/wp-content\/uploads\/2024\/06\/ecf47fce-0f4b-49cb-a03d-86e5a5f0ea1e-768x511.jpg 768w, https:\/\/vimagazine.com.br\/wp-content\/uploads\/2024\/06\/ecf47fce-0f4b-49cb-a03d-86e5a5f0ea1e.jpg 1197w\" sizes=\"(max-width: 1024px) 100vw, 1024px\" \/><figcaption><em>A atriz Amandyra e o ator Dipas, do filme &#8216;Greice&#8217;, de Leonardo Mouramateus, levou o Pr\u00eamio Olhar de Melhor Longa-Metragem, assim como os pr\u00eamios de\u00a0Melhor Roteiro e<\/em>  <em>Melhor Atua\u00e7\u00e3o (Amandyra) &#8211; Cred Walter Thoms<\/em><\/figcaption><\/figure>\n\n\n\n<p><\/p>\n\n\n\n<p>Na Mostra Competitiva Brasileira, o filme &#8220;<strong>Greice<\/strong>&#8220;, do diretor Leonardo Mouramateus, levou o\u00a0<strong>Pr\u00eamio Olhar de Melhor Longa-Metragem<\/strong>.<strong>\u00a0<\/strong>A produ\u00e7\u00e3o<strong>\u00a0<\/strong>trata com not\u00e1vel leveza de temas complexos ao redor das identidades e, em especial, das rela\u00e7\u00f5es sociais e de g\u00eanero.\u00a0<strong>&#8220;Greice&#8221;\u00a0<\/strong>tamb\u00e9m ganhou os pr\u00eamios de Melhor Roteiro (Leonardo Mouramateus<em>)<\/em>\u00a0e Melhor Atua\u00e7\u00e3o (Amandyra).\u00a0<\/p>\n\n\n\n<p><\/p>\n\n\n\n<figure class=\"wp-block-image size-large\"><img width=\"1024\" height=\"684\" src=\"https:\/\/vimagazine.com.br\/wp-content\/uploads\/2024\/06\/e3793dae-f59d-4e13-9133-077252e4cf12-1024x684.jpg\" alt=\"\" class=\"wp-image-14425\" srcset=\"https:\/\/vimagazine.com.br\/wp-content\/uploads\/2024\/06\/e3793dae-f59d-4e13-9133-077252e4cf12-1024x684.jpg 1024w, https:\/\/vimagazine.com.br\/wp-content\/uploads\/2024\/06\/e3793dae-f59d-4e13-9133-077252e4cf12-300x200.jpg 300w, https:\/\/vimagazine.com.br\/wp-content\/uploads\/2024\/06\/e3793dae-f59d-4e13-9133-077252e4cf12-768x513.jpg 768w, https:\/\/vimagazine.com.br\/wp-content\/uploads\/2024\/06\/e3793dae-f59d-4e13-9133-077252e4cf12.jpg 1215w\" sizes=\"(max-width: 1024px) 100vw, 1024px\" \/><figcaption><em>O Pr\u00eamio de Melhor Dire\u00e7\u00e3o foi para &#8216;Tijolo por Tijolo&#8217;, de Victoria Alvares e Quentin Delaroche, assim como o de Melhor Montagem e Melhor Longa-Metragem (Pr\u00eamio Abraccine) &#8211; Cred Walter Thoms<\/em><\/figcaption><\/figure>\n\n\n\n<p>]O\u00a0<strong>Pr\u00eamio de Melhor Dire\u00e7\u00e3o<\/strong>\u00a0foi para\u00a0<strong>&#8220;Tijolo por Tijolo&#8221;<\/strong>, de Victoria Alvares e Quentin Delaroche. O longa aborda temas relevantes ao Brasil de hoje, como maternidade, empreendedorismo, direitos reprodutivos e moradia, ressaltando o protagonismo coletivo que torna poss\u00edvel erguer as paredes de um lar dia ap\u00f3s dia. A produ\u00e7\u00e3o tamb\u00e9m levou o\u00a0<strong>Pr\u00eamio de Melhor Montagem<\/strong>\u00a0(Quentin Delaroche).\u00a0<\/p>\n\n\n\n<p><\/p>\n\n\n\n<figure class=\"wp-block-image size-large\"><img width=\"1024\" height=\"681\" src=\"https:\/\/vimagazine.com.br\/wp-content\/uploads\/2024\/06\/a40dd01d-7c17-46cb-8cb2-57d4e6962da5-1024x681.jpg\" alt=\"\" class=\"wp-image-14426\" srcset=\"https:\/\/vimagazine.com.br\/wp-content\/uploads\/2024\/06\/a40dd01d-7c17-46cb-8cb2-57d4e6962da5-1024x681.jpg 1024w, https:\/\/vimagazine.com.br\/wp-content\/uploads\/2024\/06\/a40dd01d-7c17-46cb-8cb2-57d4e6962da5-300x200.jpg 300w, https:\/\/vimagazine.com.br\/wp-content\/uploads\/2024\/06\/a40dd01d-7c17-46cb-8cb2-57d4e6962da5-768x511.jpg 768w, https:\/\/vimagazine.com.br\/wp-content\/uploads\/2024\/06\/a40dd01d-7c17-46cb-8cb2-57d4e6962da5.jpg 1189w\" sizes=\"(max-width: 1024px) 100vw, 1024px\" \/><figcaption><em>&#8216;Praia Formos&#8217;, de Julia De Simone (foto), foi premiado com Melhor Dire\u00e7\u00e3o de Arte (Ana Paula Cardoso) e Melhor Dire\u00e7\u00e3o de Fotografia (Fl\u00e1vio Rebou\u00e7as (foto)) &#8211; Cred Walter Thoms<\/em><\/figcaption><\/figure>\n\n\n\n<p><\/p>\n\n\n\n<p>Ainda entre os longas brasileiros,\u00a0<strong>&#8220;Praia Formosa<\/strong>&#8220;, de Julia De Simone, foi premiado com\u00a0<strong>Melhor Dire\u00e7\u00e3o de Arte<\/strong>\u00a0(Ana Paula Cardoso) e\u00a0<strong>Melhor Dire\u00e7\u00e3o de Fotografia<\/strong>\u00a0(Fl\u00e1vio Rebou\u00e7as). O filme vagueia por encontros entre personagens e paisagens que refor\u00e7am, tanto a perman\u00eancia cruel das ra\u00edzes coloniais brasileiras, quanto a resili\u00eancia e os la\u00e7os formados pela popula\u00e7\u00e3o afro-brasileira, com aten\u00e7\u00e3o especial \u00e0s mulheres.\u00a0<\/p>\n\n\n\n<figure class=\"wp-block-image size-large\"><img width=\"1024\" height=\"681\" src=\"https:\/\/vimagazine.com.br\/wp-content\/uploads\/2024\/06\/ec87b3ff-69ec-4651-978c-973961c3ae99-1024x681.jpg\" alt=\"\" class=\"wp-image-14427\" srcset=\"https:\/\/vimagazine.com.br\/wp-content\/uploads\/2024\/06\/ec87b3ff-69ec-4651-978c-973961c3ae99-1024x681.jpg 1024w, https:\/\/vimagazine.com.br\/wp-content\/uploads\/2024\/06\/ec87b3ff-69ec-4651-978c-973961c3ae99-300x200.jpg 300w, https:\/\/vimagazine.com.br\/wp-content\/uploads\/2024\/06\/ec87b3ff-69ec-4651-978c-973961c3ae99-768x511.jpg 768w, https:\/\/vimagazine.com.br\/wp-content\/uploads\/2024\/06\/ec87b3ff-69ec-4651-978c-973961c3ae99.jpg 1198w\" sizes=\"(max-width: 1024px) 100vw, 1024px\" \/><figcaption><em>&#8216;A Mensageira&#8217; ,\u00a0de Cl\u00e1udio Marques (foto) foi o ganhador do pr\u00eamio Melhor Som (Lucas Carvalho, Ana Penna, Vin\u00edcius Barreto e David Terra) &#8211; Cred Walter Thoms<\/em><\/figcaption><\/figure>\n\n\n\n<p><\/p>\n\n\n\n<p>O ganhador do pr\u00eamio&nbsp;<strong>Melhor Som&nbsp;<\/strong>foi &#8220;<strong>A Mensageira&#8221;<\/strong>&nbsp;(Lucas Carvalho, Ana Penna, Vin\u00edcius Barreto e David Terra). O longa de Cl\u00e1udio Marques acompanha a protagonista em uma jornada pelas engrenagens do sistema da justi\u00e7a, assim como por suas origens.&nbsp;<\/p>\n\n\n\n<p>J\u00e1 os curtas ganhadores da Mostra Competitiva Brasileira foram\u00a0<strong>&#8220;Caravana da Coragem&#8221;<\/strong>, de Pedro B. Garcia, com o<strong>\u00a0Pr\u00eamio Olhar de Melhor Curta-Metragem<\/strong>, em que o filme percorre a cidade do Distrito Federal, rabiscando as imagens enquanto o \u00e1udio ecoa, misturando-se ao ensaio de vida e \u00e0 movimenta\u00e7\u00e3o; e &#8220;<strong>Povo do Cora\u00e7\u00e3o da Terra<\/strong>&#8220;, do Coletivo Guahu&#8217;i Guyra, com o\u00a0<strong>Pr\u00eamio Especial do J\u00fari<\/strong>. A produ\u00e7\u00e3o combina cenas de enfrentamento com a pr\u00f3pria luta pelo direito ao cotidiano, \u00e0 reza, ao plantio e \u00e0 medita\u00e7\u00e3o, montando suas imagens como um ritual de rever\u00eancia aos seus. <\/p>\n\n\n\n<p><\/p>\n\n\n\n<figure class=\"wp-block-image size-large\"><img width=\"1024\" height=\"678\" src=\"https:\/\/vimagazine.com.br\/wp-content\/uploads\/2024\/06\/e5359a95-99a3-4f38-a01d-b10ece0f2525-1024x678.jpg\" alt=\"\" class=\"wp-image-14428\" srcset=\"https:\/\/vimagazine.com.br\/wp-content\/uploads\/2024\/06\/e5359a95-99a3-4f38-a01d-b10ece0f2525-1024x678.jpg 1024w, https:\/\/vimagazine.com.br\/wp-content\/uploads\/2024\/06\/e5359a95-99a3-4f38-a01d-b10ece0f2525-300x199.jpg 300w, https:\/\/vimagazine.com.br\/wp-content\/uploads\/2024\/06\/e5359a95-99a3-4f38-a01d-b10ece0f2525-768x509.jpg 768w, https:\/\/vimagazine.com.br\/wp-content\/uploads\/2024\/06\/e5359a95-99a3-4f38-a01d-b10ece0f2525.jpg 1196w\" sizes=\"(max-width: 1024px) 100vw, 1024px\" \/><figcaption><em>Jurados convidados para avaliar os longas e curtas da Competitiva Brasileira, e curtas internacionais &#8211; Maria Campa\u00f1a Ramia, Bruno Ribeiro, Edvinas Puksta, Johnny Massaro e Paola Buontempo &#8211; Cred Walter Thoms<\/em><\/figcaption><\/figure>\n\n\n\n<p><\/p>\n\n\n\n<p>Os jurados convidados para avaliar os longas e curtas-metragens da Competitiva Brasileira, assim como o curta internacional, foram o roteirista\u00a0<strong>Bruno Ribeiro<\/strong>, um dos respons\u00e1veis pela s\u00e9rie &#8220;Os Outros&#8221;, da Globoplay; o ator, diretor e produtor carioca\u00a0<strong>Johnny Massaro<\/strong>; o programador de festivais e pesquisador\u00a0<strong>Edvinas Puksta<\/strong>, que \u00e9 membro da Academia de Cinema Europeu; a mestre em cinema\u00a0<strong>Maria Campa\u00f1a Ramia<\/strong>, que atua como programadora no Festival Internacional de Document\u00e1rios de Amsterd\u00e3; e\u00a0<strong>Paola Buontempo<\/strong>, programadora do Festival de Cinema de Mar del Plata e graduada em Artes Visuais pela Universidade Nacional de La Plata, Hist\u00f3ria da Arte (FDA &#8211; UNLP). <\/p>\n\n\n\n<p><\/p>\n\n\n\n<figure class=\"wp-block-image size-large\"><img width=\"1024\" height=\"682\" src=\"https:\/\/vimagazine.com.br\/wp-content\/uploads\/2024\/06\/92c30716-5d18-459f-a32c-0c291e25acc7-1024x682.jpg\" alt=\"\" class=\"wp-image-14429\" srcset=\"https:\/\/vimagazine.com.br\/wp-content\/uploads\/2024\/06\/92c30716-5d18-459f-a32c-0c291e25acc7-1024x682.jpg 1024w, https:\/\/vimagazine.com.br\/wp-content\/uploads\/2024\/06\/92c30716-5d18-459f-a32c-0c291e25acc7-300x200.jpg 300w, https:\/\/vimagazine.com.br\/wp-content\/uploads\/2024\/06\/92c30716-5d18-459f-a32c-0c291e25acc7-768x512.jpg 768w, https:\/\/vimagazine.com.br\/wp-content\/uploads\/2024\/06\/92c30716-5d18-459f-a32c-0c291e25acc7.jpg 1196w\" sizes=\"(max-width: 1024px) 100vw, 1024px\" \/><figcaption><em>Na Mostra Competitiva Internacional, o Pr\u00eamio Olhar de Melhor Longa-Metragem foi para &#8220;Pepe&#8221;, de Nelson Carlos De Los Santos Arias &#8211; Cred Walter Thoms<\/em><\/figcaption><\/figure>\n\n\n\n<p><\/p>\n\n\n\n<p>Na Mostra Competitiva Internacional, o&nbsp;<strong>Pr\u00eamio Olhar de Melhor Longa-Metragem<\/strong>&nbsp;foi para &#8220;<strong>Pepe<\/strong>&#8220;, de Nelson Carlos De Los Santos Arias, em que o diretor apresenta, com senso de humor e inventividade apurados, um filme que se reinventa a todo instante entre dispositivos, abordagens, relatos e mem\u00f3rias de \u00c1frica \u00e0s Am\u00e9ricas.&nbsp;<strong>&#8220;As Noites Ainda Cheiram a P\u00f3lvora&#8221;<\/strong>, de Inadelso Cossa, levou o&nbsp;<strong>Pr\u00eamio Especial do J\u00fari<\/strong>. No filme, o cineasta confronta as mem\u00f3rias desbotadas de sua fam\u00edlia e de seu pa\u00eds, investigando as fotografias e revirando o passado em busca de ouvir os fantasmas de outros tempos.<\/p>\n\n\n\n<p>Ainda dentro da Competitiva Internacional, o\u00a0<strong>Pr\u00eamio Olhar de Melhor Curta-Metragem<\/strong>\u00a0foi para\u00a0<strong>&#8220;Minha P\u00e1tria<\/strong>&#8220;, anima\u00e7\u00e3o de Tabarak Abbas, inspirado na hist\u00f3ria dos pais do diretor para criar um universo dist\u00f3pico durante a guerra de Bagd\u00e1. Os jurados dos longas da Competitiva Internacional convidados foram o pesquisador, artista e mestre em roteiro de cinema\u00a0<strong>F\u00e1bio Andrade<\/strong>; a historiadora, cr\u00edtica de cinema e programadora de mostras e festivais,\u00a0<strong>Lorenna Rocha<\/strong>; e a diretora, roteirista e bacharel em cinema e v\u00eddeo\u00a0<strong>Nath\u00e1lia Tereza<\/strong>. A equipe do j\u00fari desta categoria tamb\u00e9m elegeu o\u00a0<strong>Pr\u00eamio Olhar de Melhor Longa-Metragem da Mostra Novos Olhares<\/strong>, que contemplou\u00a0<strong>&#8220;Idade da Pedra&#8221;<\/strong>, de Renan Rovida, que navega entre a dureza da vida e a beleza dos afetos em uma experi\u00eancia radical pela metr\u00f3pole de concreto, lixo e gente.\u00a0<\/p>\n\n\n\n<p><\/p>\n\n\n\n<figure class=\"wp-block-image size-large\"><img width=\"1024\" height=\"680\" src=\"https:\/\/vimagazine.com.br\/wp-content\/uploads\/2024\/06\/03e44998-ac80-416d-99c5-ca9fe9056dcc-1024x680.jpg\" alt=\"\" class=\"wp-image-14430\" srcset=\"https:\/\/vimagazine.com.br\/wp-content\/uploads\/2024\/06\/03e44998-ac80-416d-99c5-ca9fe9056dcc-1024x680.jpg 1024w, https:\/\/vimagazine.com.br\/wp-content\/uploads\/2024\/06\/03e44998-ac80-416d-99c5-ca9fe9056dcc-300x199.jpg 300w, https:\/\/vimagazine.com.br\/wp-content\/uploads\/2024\/06\/03e44998-ac80-416d-99c5-ca9fe9056dcc-768x510.jpg 768w, https:\/\/vimagazine.com.br\/wp-content\/uploads\/2024\/06\/03e44998-ac80-416d-99c5-ca9fe9056dcc.jpg 1195w\" sizes=\"(max-width: 1024px) 100vw, 1024px\" \/><figcaption><em>Pr\u00eamio Olhar de Melhor Longa-Metragem da Mostra Novos Olhares foi&#8221;Idade da Pedra&#8221;, de Renan Rovida (centro). Na foto, Rovida est\u00e1 com o ator Carlos Escher e a produtora Maria Tereza Urias &#8211; Cred Walter Thoms<\/em><\/figcaption><\/figure>\n\n\n\n<p><\/p>\n\n\n\n<p>Na Mostra Mirada Paranaense, que promove produ\u00e7\u00f5es de cineastas do Paran\u00e1, o&nbsp;<strong>Pr\u00eamio AVEC-PR Ari C\u00e2ndido Fernandes<\/strong>&nbsp;(Associa\u00e7\u00e3o de V\u00eddeo e Cinema do Paran\u00e1) de Melhor Filme foi para&nbsp;<strong>&#8220;Quarto Vazio&#8221;<\/strong>, da cineasta Julia Vidal, uma produ\u00e7\u00e3o que gira em torno de um forte trauma enfrentado pela protagonista, que mesmo amparada por pessoas a sua volta, n\u00e3o consegue enfrentar o que a paralisa.&nbsp;<\/p>\n\n\n\n<p>Men\u00e7\u00e3o Honrosa para o curta paranaense &#8220;<strong>BAOBAB<\/strong>&#8220;, de Bea Gerolin, que conta a hist\u00f3ria dos ancestrais da matriarca C\u00edcera, que ensina sobre as ra\u00edzes para sua neta em um trabalho escolar sobre a \u00e1rvore geneal\u00f3gica de sua fam\u00edlia. As produ\u00e7\u00f5es contempladas foram escolhidas pelo j\u00fari formado por\u00a0<strong>D\u00e9bora Butruce<\/strong>, curadora, produtora cultural e preservadora audiovisual;\u00a0<strong>Fernando Seliprandy<\/strong>, autor e historiador; e\u00a0<strong>Flavio Rocha<\/strong>, pesquisador de cinema, historiador e documentarista.\u00a0\u00a0<\/p>\n\n\n\n<p><\/p>\n\n\n\n<figure class=\"wp-block-image size-large\"><img width=\"1024\" height=\"678\" src=\"https:\/\/vimagazine.com.br\/wp-content\/uploads\/2024\/06\/6955fddb-9ba5-4bc0-a787-47c4784c972a-1024x678.jpg\" alt=\"\" class=\"wp-image-14431\" srcset=\"https:\/\/vimagazine.com.br\/wp-content\/uploads\/2024\/06\/6955fddb-9ba5-4bc0-a787-47c4784c972a-1024x678.jpg 1024w, https:\/\/vimagazine.com.br\/wp-content\/uploads\/2024\/06\/6955fddb-9ba5-4bc0-a787-47c4784c972a-300x199.jpg 300w, https:\/\/vimagazine.com.br\/wp-content\/uploads\/2024\/06\/6955fddb-9ba5-4bc0-a787-47c4784c972a-768x508.jpg 768w, https:\/\/vimagazine.com.br\/wp-content\/uploads\/2024\/06\/6955fddb-9ba5-4bc0-a787-47c4784c972a.jpg 1192w\" sizes=\"(max-width: 1024px) 100vw, 1024px\" \/><figcaption><em>Pr\u00eamio Abraccine de Melhor Curta-Metragem foi\u00a0para &#8220;Cavaram uma Cova no Meu Cora\u00e7\u00e3o&#8221;, de Ulisses Arthur &#8211; Cred Walter Thoms<\/em><\/figcaption><\/figure>\n\n\n\n<p><\/p>\n\n\n\n<p>J\u00e1 o&nbsp;<strong>Pr\u00eamio Abraccine<\/strong>, concedido pela Associa\u00e7\u00e3o Brasileira de Cr\u00edticos de Cinema, de&nbsp;<strong>Melhor Longa-Metragem<\/strong>&nbsp;foi para&nbsp;<strong>&#8220;Tijolo por Tijolo&#8221;,<\/strong>&nbsp;de Victoria Alvares e Quentin Delaroche, e o de&nbsp;<strong>Melhor Curta-Metragem&nbsp;<\/strong>para&nbsp;<strong>&#8220;Cavaram uma Cova no Meu Cora\u00e7\u00e3o&#8221;<\/strong>, de Ulisses Arthur. Os jurados da associa\u00e7\u00e3o convidados para este ano foram o autor e jornalista&nbsp;<strong>Marden Machado<\/strong>; a professora, pesquisadora e cr\u00edtica de cinema,&nbsp;<strong>Maria Ca\u00fa<\/strong>; e o jornalista e apresentador&nbsp;<strong>Cristiano Castilho<\/strong>.<\/p>\n\n\n\n<p>O p\u00fablico tamb\u00e9m teve participa\u00e7\u00e3o fundamental no 13\u00ba Olhar de Cinema, votando para\u00a0<strong>Melhor Longa-Metragem<\/strong>\u00a0no filme\u00a0<strong>&#8220;Caminhos Cruzados&#8221;<\/strong>, de Levan Akin, um drama poderoso sobre encontros e desencontros; e o<strong>\u00a0Melhor Curta-Metragem<\/strong>\u00a0para\u00a0<strong>&#8220;Viventes&#8221;,\u00a0<\/strong>de Fabr\u00edcio Bas\u00edlio, sobre um jovem desempregado que tem uma entrevista de emprego para fazer.<\/p>\n\n\n\n<figure class=\"wp-block-image size-large\"><img width=\"1024\" height=\"683\" src=\"https:\/\/vimagazine.com.br\/wp-content\/uploads\/2024\/06\/9dbf747c-cf9a-4177-a29f-49377a1f311e-1024x683.jpg\" alt=\"\" class=\"wp-image-14432\" srcset=\"https:\/\/vimagazine.com.br\/wp-content\/uploads\/2024\/06\/9dbf747c-cf9a-4177-a29f-49377a1f311e-1024x683.jpg 1024w, https:\/\/vimagazine.com.br\/wp-content\/uploads\/2024\/06\/9dbf747c-cf9a-4177-a29f-49377a1f311e-300x200.jpg 300w, https:\/\/vimagazine.com.br\/wp-content\/uploads\/2024\/06\/9dbf747c-cf9a-4177-a29f-49377a1f311e-768x512.jpg 768w, https:\/\/vimagazine.com.br\/wp-content\/uploads\/2024\/06\/9dbf747c-cf9a-4177-a29f-49377a1f311e-1536x1024.jpg 1536w, https:\/\/vimagazine.com.br\/wp-content\/uploads\/2024\/06\/9dbf747c-cf9a-4177-a29f-49377a1f311e.jpg 1920w\" sizes=\"(max-width: 1024px) 100vw, 1024px\" \/><figcaption><em>Cerim\u00f4nia de premia\u00e7\u00e3o da 13\u00aa edi\u00e7\u00e3o foi apresentada pelo diretor do festival,<\/em><br><em>Ant\u00f4nio Gon\u00e7alves Junior &#8211; Cred Ezequiel Prestes<\/em><\/figcaption><\/figure>\n\n\n\n<p><strong>Confira todos os ganhadores da 13\u00aa edi\u00e7\u00e3o do Olhar de Cinema &#8211; Festival Internacional de Curitiba:&nbsp;<\/strong><\/p>\n\n\n\n<p><strong><u>Mostra Competitiva Brasileira | Longas<\/u><\/strong><\/p>\n\n\n\n<p><strong>Pr\u00eamio Olhar de Melhor longa-metragem<\/strong><\/p>\n\n\n\n<p><strong>&#8220;<\/strong><em>Greice&#8221;, dire\u00e7\u00e3o de Leonardo Mouramateus<\/em><\/p>\n\n\n\n<p><strong>Pr\u00eamio de Melhor Dire\u00e7\u00e3o<\/strong><\/p>\n\n\n\n<p><strong>&#8220;<\/strong><em>Tijolo por tijolo&#8221;, Victoria Alvares, Quentin Delaroche<\/em><\/p>\n\n\n\n<p><strong>Pr\u00eamio de Melhor Roteiro<\/strong><\/p>\n\n\n\n<p><strong>&#8220;<\/strong><em>Greice&#8221;, Leonardo Mouramateus<\/em><\/p>\n\n\n\n<p><strong>Pr\u00eamio de Melhor Atua\u00e7\u00e3o<\/strong><\/p>\n\n\n\n<p><strong>&#8220;<\/strong><em>Greice&#8221;, Amandyra<\/em><\/p>\n\n\n\n<p><strong>Pr\u00eamio de Melhor Dire\u00e7\u00e3o de Arte<\/strong><\/p>\n\n\n\n<p><strong>&#8220;<\/strong><em>Praia Formosa&#8221;, Ana Paula Cardoso<\/em><\/p>\n\n\n\n<p><strong>Pr\u00eamio de Melhor Dire\u00e7\u00e3o de Fotografia<\/strong><\/p>\n\n\n\n<p><strong>&#8220;<\/strong><em>Praia Formosa&#8221;, Fl\u00e1vio Rebou\u00e7as<\/em><\/p>\n\n\n\n<p><strong>Pr\u00eamio de Melhor Som<\/strong><\/p>\n\n\n\n<p><strong>&#8220;<\/strong><em>A mensageira&#8221;, Lucas Carvalho, Ana Penna, Vinicius Barreto, David Terra<\/em><\/p>\n\n\n\n<p><strong>Pr\u00eamio de Melhor Montagem<\/strong><\/p>\n\n\n\n<p><strong>&#8220;<\/strong><em>Tijolo por tijolo&#8221;, Quentin Delaroche<\/em><\/p>\n\n\n\n<p><strong><u>Competitiva Brasileira | Curtas<\/u><\/strong><\/p>\n\n\n\n<p><strong>Pr\u00eamio Olhar de Melhor Curta-metragem<\/strong><\/p>\n\n\n\n<p><strong><\/strong>&#8220;<em>Caravana da Coragem&#8221;, dire\u00e7\u00e3o de Pedro B. Garcia<\/em><\/p>\n\n\n\n<p><strong>Pr\u00eamio Especial do J\u00fari<\/strong><\/p>\n\n\n\n<p><strong><\/strong>&#8220;<em>Povo do Cora\u00e7\u00e3o da Terra&#8221;, dire\u00e7\u00e3o de Coletivo Guahu&#8217;i Guyra<\/em><\/p>\n\n\n\n<p><strong><u>Competitiva Internacional<\/u><\/strong><\/p>\n\n\n\n<p><strong>Pr\u00eamio Olhar de Melhor longa-metragem<\/strong><\/p>\n\n\n\n<p><strong><em>&#8220;<\/em><\/strong><em>Pepe&#8221;, dire\u00e7\u00e3o de Nelson de los Santos Arias<\/em><\/p>\n\n\n\n<p><strong>Pr\u00eamio Especial do J\u00fari<\/strong><\/p>\n\n\n\n<p><strong><em>&#8220;<\/em><\/strong><em>As Noites Ainda Cheiram a P\u00f3lvora&#8221;, dire\u00e7\u00e3o de Inadelso Cossa<\/em><\/p>\n\n\n\n<p><strong>Pr\u00eamio Olhar de Melhor curta-metragem<\/strong><\/p>\n\n\n\n<p><strong><em>&#8220;<\/em><\/strong><em>Minha P\u00e1tria&#8221;, dire\u00e7\u00e3o de Tabarak Abbas<\/em><\/p>\n\n\n\n<p><strong><u>Novos Olhares<\/u><\/strong><\/p>\n\n\n\n<p><strong>Pr\u00eamio Olhar de Melhor longa-metragem<\/strong><\/p>\n\n\n\n<p><strong>&#8220;<\/strong><em>Idade da Pedra&#8221;, dire\u00e7\u00e3o de Renan Rovida<\/em><\/p>\n\n\n\n<p><strong><u>Pr\u00eamio do P\u00fablico<\/u><\/strong><\/p>\n\n\n\n<p><strong>Melhor longa-metragem<\/strong><\/p>\n\n\n\n<p><strong>&#8220;<\/strong><em>Caminhos Cruzados&#8221;, dire\u00e7\u00e3o de Levan Akin<\/em><\/p>\n\n\n\n<p><strong>Melhor curta-metragem<\/strong><\/p>\n\n\n\n<p><strong>&#8220;<\/strong><em>Viventes&#8221;, dire\u00e7\u00e3o de Fabr\u00edcio Bas\u00edlio<\/em><\/p>\n\n\n\n<p><strong><u>Pr\u00eamio da Cr\u00edtica Abraccine<\/u><\/strong><\/p>\n\n\n\n<p><strong>Melhor longa-metragem<\/strong><\/p>\n\n\n\n<p><strong><em>&#8220;<\/em><\/strong><em>Tijolo por Tijolo&#8221;, dire\u00e7\u00e3o de Victoria Alvares e Quentin Delaroche<\/em><\/p>\n\n\n\n<p><strong>Melhor curta-metragem<\/strong><\/p>\n\n\n\n<p><strong><em>&#8220;<\/em><\/strong><em>Cavaram uma Cova no Meu Cora\u00e7\u00e3o&#8221;, dire\u00e7\u00e3o de Ulisses&nbsp;Arthur<\/em><\/p>\n\n\n\n<p><strong><u>Pr\u00eamio AVEC-PR Ari Candido Fernandes<\/u><\/strong><\/p>\n\n\n\n<p><strong>Melhor filme<\/strong><\/p>\n\n\n\n<p><strong>&#8220;<\/strong><em>Quarto Vazio&#8221;, dire\u00e7\u00e3o de Julia Vidal<\/em><\/p>\n\n\n\n<p><strong>Men\u00e7\u00e3o Honrosa<\/strong><\/p>\n\n\n\n<p><strong>&#8220;<\/strong><em>Baobab&#8221;, dire\u00e7\u00e3o de Bea Gerolin<\/em><br><br><\/p>\n\n\n\n<p>Acompanhe a programa\u00e7\u00e3o e as novidades pelo site<a href=\"https:\/\/click.cse360.com.br\/Click\/AddCampaignEmailClick\/91b7ddc6-3911-4082-bc21-08dc8ed5a630\/http%253a%252f%252fwww.olhardecinema.com.br\/84a13bf5-1001-4b37-93cf-9aa5931b4a9b\/vimagazine@vimagazine.com.br\/True\" rel=\"noreferrer noopener\" target=\"_blank\">&nbsp;www.olhardecinema.com.br<\/a>&nbsp;e pelas redes sociais oficiais:<a href=\"https:\/\/click.cse360.com.br\/Click\/AddCampaignEmailClick\/91b7ddc6-3911-4082-bc21-08dc8ed5a630\/https%253a%252f%252fwww.instagram.com%252folhardecinema%252f\/84a13bf5-1001-4b37-93cf-9aa5931b4a9b\/vimagazine@vimagazine.com.br\/True\" rel=\"noreferrer noopener\" target=\"_blank\">&nbsp;Instagram @olhardecinem<\/a>a e<a href=\"https:\/\/click.cse360.com.br\/Click\/AddCampaignEmailClick\/91b7ddc6-3911-4082-bc21-08dc8ed5a630\/http%253a%252f%252ffacebook.com.br%252fOlhardecinema\/84a13bf5-1001-4b37-93cf-9aa5931b4a9b\/vimagazine@vimagazine.com.br\/True\" rel=\"noreferrer noopener\" target=\"_blank\">&nbsp;Facebook.com.br\/Olhardecinema<\/a>.&nbsp;<\/p>\n\n\n\n<p>A 13\u00aa edi\u00e7\u00e3o do&nbsp;<strong>Olhar de Cinema &#8211; Festival Internacional de Curitiba&nbsp;<\/strong>\u00e9 realizada por meio do programa de apoio e incentivo \u00e0 cultura &#8211; Funda\u00e7\u00e3o Cultural de Curitiba e da Prefeitura Municipal de Curitiba, sendo tamb\u00e9m o projeto aprovado pela Secretaria de Estado da Cultura &#8211; Governo do Paran\u00e1, com recursos da Lei Paulo Gustavo, e pelo Minist\u00e9rio da Cultura &#8211; Governo Federal, com patroc\u00ednio do Ita\u00fa e Per\u00f3xidos Brasil, apoio do Instituto de Oncologia do Paran\u00e1, Sanepar, Cimento Itamb\u00e9, Favretto M\u00eddia Exterior, e apoio cultural de Projeto Paradiso, Cine Passeio, Instituto Curitiba de Arte e Cultura. Verifique a classifica\u00e7\u00e3o indicativa de cada filme e sess\u00f5es com acessibilidade de audiodescri\u00e7\u00e3o.<\/p>\n\n\n\n<p><strong><u>Servi\u00e7o<\/u><\/strong>:<\/p>\n\n\n\n<p><strong>13\u00ba Olhar de CInema &#8211; Festival Internacional de Curitiba<\/strong><\/p>\n\n\n\n<p><strong>Data<\/strong>: 12 a 20 de junho de 2024<\/p>\n\n\n\n<p><strong>Locais: Cine Passeio<\/strong>&nbsp;(R. Riachuelo, 410 &#8211; Centro)<\/p>\n\n\n\n<p>&nbsp;&nbsp;&nbsp;&nbsp;&nbsp;&nbsp;<strong>Cinemark Mueller&nbsp;<\/strong>(Av. C\u00e2ndido de Abreu, 127, Centro)<\/p>\n\n\n\n<p>&nbsp;&nbsp;&nbsp;&nbsp;&nbsp;&nbsp;<strong>Teatro da Vila<\/strong>&nbsp;(R. Davi Xavier da Silva, 451, Cidade Industrial de Curitiba)<\/p>\n\n\n\n<p>&nbsp;&nbsp;&nbsp;&nbsp;&nbsp;&nbsp;<strong>\u00d3pera de Arame&nbsp;<\/strong>(R. Jo\u00e3o Gava, 920, bairro Abranches)<\/p>\n\n\n\n<p><strong>Site oficial<\/strong>:<a href=\"https:\/\/click.cse360.com.br\/Click\/AddCampaignEmailClick\/91b7ddc6-3911-4082-bc21-08dc8ed5a630\/http%253a%252f%252fwww.olhardecinema.com.br\/84a13bf5-1001-4b37-93cf-9aa5931b4a9b\/vimagazine@vimagazine.com.br\/True\" rel=\"noreferrer noopener\" target=\"_blank\">&nbsp;www.olhardecinema.com.br<\/a>.<\/p>\n\n\n\n<p><strong>Redes Sociais<\/strong>: Instagram:<a href=\"https:\/\/click.cse360.com.br\/Click\/AddCampaignEmailClick\/91b7ddc6-3911-4082-bc21-08dc8ed5a630\/http%253a%252f%252fwww.instagram.com%252fOlhardecinema\/84a13bf5-1001-4b37-93cf-9aa5931b4a9b\/vimagazine@vimagazine.com.br\/True\" rel=\"noreferrer noopener\" target=\"_blank\">&nbsp;www.instagram.com\/Olhardecinema<\/a><\/p>\n\n\n\n<p>&nbsp;&nbsp;&nbsp;&nbsp;&nbsp;&nbsp;&nbsp;&nbsp;&nbsp;&nbsp;&nbsp;&nbsp;&nbsp;Facebook<strong>:<\/strong><a href=\"https:\/\/click.cse360.com.br\/Click\/AddCampaignEmailClick\/91b7ddc6-3911-4082-bc21-08dc8ed5a630\/http%253a%252f%252fwww.facebook.com.br%252fOlhardecinema\/84a13bf5-1001-4b37-93cf-9aa5931b4a9b\/vimagazine@vimagazine.com.br\/True\" rel=\"noreferrer noopener\" target=\"_blank\">&nbsp;www.facebook.com.br\/Olhardecinema<\/a><\/p>\n\n\n\n<p><strong>Patroc\u00ednio:&nbsp;<\/strong>&nbsp;Ita\u00fa e Per\u00f3xidos Brasil<\/p>\n\n\n\n<p><strong>Apoio:&nbsp;<\/strong>&nbsp;Instituto de Oncologia do Paran\u00e1, Sanepar, Cimento Itamb\u00e9 e Favretto M\u00eddia Exterior<\/p>\n\n\n\n<p><strong>Produ\u00e7\u00e3o:<\/strong>&nbsp;Grafo Audiovisual<\/p>\n\n\n\n<p><strong>Apoio Cultural<\/strong>: Projeto Paradiso, Cine Passeio, Instituto Curitiba de Arte e Cultura, Taiwan Film &amp; Audiovisual Institute, Cinemark<\/p>\n\n\n\n<p><strong>Realiza\u00e7\u00e3o<\/strong>: Programa de apoio e incentivo \u00e0 cultura &#8211; Funda\u00e7\u00e3o Cultural de Curitiba e da Prefeitura Municipal de Curitiba. Projeto aprovado pela Secretaria de Estado da Cultura &#8211; Governo do Paran\u00e1, com recursos da Lei Paulo Gustavo, Minist\u00e9rio da Cultura &#8211; Governo Federal. Lei de incentivo \u00e0 cultura, Minist\u00e9rio da Cultura, Governo Federal.<\/p>\n\n\n\n<p><\/p>\n\n\n\n<p>Foto Destaque &#8211; <\/p>\n\n\n\n<p><em>Premiados da 13\u00aa edi\u00e7\u00e3o do Olhar de Cinema &#8211; Festival Internacional de Curitiba &#8211;<\/em><\/p>\n\n\n\n<p><em>Cred Ezequiel Prestes<\/em><br><\/p>\n","protected":false},"excerpt":{"rendered":"<p>Produ\u00e7\u00f5es levaram o pr\u00eamio de Melhor Filme, Melhor Dire\u00e7\u00e3o e Melhor Dire\u00e7\u00e3o de Arte, respectivamente&#8230;<\/p>\n","protected":false},"author":1,"featured_media":14433,"comment_status":"closed","ping_status":"open","sticky":false,"template":"","format":"standard","meta":{"om_disable_all_campaigns":false,"_monsterinsights_skip_tracking":false,"_monsterinsights_sitenote_active":false,"_monsterinsights_sitenote_note":"","_monsterinsights_sitenote_category":0,"spay_email":""},"categories":[27,26],"tags":[858,866,863,862,856,869,854,861,857,871,867,868,860,870,855,865,859,864],"jetpack_featured_media_url":"https:\/\/vimagazine.com.br\/wp-content\/uploads\/2024\/06\/a76517ab-4fdc-4814-8592-3b44285328dc.jpg","_links":{"self":[{"href":"https:\/\/vimagazine.com.br\/index.php?rest_route=\/wp\/v2\/posts\/14423"}],"collection":[{"href":"https:\/\/vimagazine.com.br\/index.php?rest_route=\/wp\/v2\/posts"}],"about":[{"href":"https:\/\/vimagazine.com.br\/index.php?rest_route=\/wp\/v2\/types\/post"}],"author":[{"embeddable":true,"href":"https:\/\/vimagazine.com.br\/index.php?rest_route=\/wp\/v2\/users\/1"}],"replies":[{"embeddable":true,"href":"https:\/\/vimagazine.com.br\/index.php?rest_route=%2Fwp%2Fv2%2Fcomments&post=14423"}],"version-history":[{"count":1,"href":"https:\/\/vimagazine.com.br\/index.php?rest_route=\/wp\/v2\/posts\/14423\/revisions"}],"predecessor-version":[{"id":14434,"href":"https:\/\/vimagazine.com.br\/index.php?rest_route=\/wp\/v2\/posts\/14423\/revisions\/14434"}],"wp:featuredmedia":[{"embeddable":true,"href":"https:\/\/vimagazine.com.br\/index.php?rest_route=\/wp\/v2\/media\/14433"}],"wp:attachment":[{"href":"https:\/\/vimagazine.com.br\/index.php?rest_route=%2Fwp%2Fv2%2Fmedia&parent=14423"}],"wp:term":[{"taxonomy":"category","embeddable":true,"href":"https:\/\/vimagazine.com.br\/index.php?rest_route=%2Fwp%2Fv2%2Fcategories&post=14423"},{"taxonomy":"post_tag","embeddable":true,"href":"https:\/\/vimagazine.com.br\/index.php?rest_route=%2Fwp%2Fv2%2Ftags&post=14423"}],"curies":[{"name":"wp","href":"https:\/\/api.w.org\/{rel}","templated":true}]}}