{"id":14516,"date":"2024-06-24T15:40:59","date_gmt":"2024-06-24T18:40:59","guid":{"rendered":"https:\/\/vimagazine.com.br\/?p=14516"},"modified":"2024-06-24T15:48:37","modified_gmt":"2024-06-24T18:48:37","slug":"produtor-de-moda-vitor-biannk-participa-do-desfile-de-moda-da-feira-preta-em-sao-paulo-sp","status":"publish","type":"post","link":"https:\/\/vimagazine.com.br\/?p=14516","title":{"rendered":"Produtor de moda Vitor Biannk participa do desfile de moda da Feira Preta, em S\u00e3o Paulo \u2013 SP."},"content":{"rendered":"\n<p>O produtor de moda Vitor Biannk participou no dia 23 de junho do desfile de moda da famosa Feira Preta, em S\u00e3o Paulo \u2013 SP.<\/p>\n\n\n\n<p>Al\u00e9m de produzir os modelos da Mac Models, Vitor entrevistou o idealizador do projeto Alex Garcia e alguns modelos presentes.<br>O projeto intitulado Ubuntu \u00e9 uma proposta colaborativa, com o 1\u00ba desfile de pessoas pretas, na Feira Afro para o mundo. A 2\u00aa edi\u00e7\u00e3o est\u00e1 prevista para agosto.<br>Confira o que rolou por l\u00e1 no link abaixo:<\/p>\n\n\n\n<p><a href=\"https:\/\/vimagazine.com.br\/?page_id=11379\">Vi MAGAZINE \u2013 TV<\/a> &#8211; Vitor Biannk <\/p>\n\n\n\n<p><\/p>\n\n\n\n<figure class=\"wp-container-2 wp-block-gallery-1 wp-block-gallery has-nested-images columns-default is-cropped\">\n<figure class=\"wp-block-image size-large\"><img width=\"1200\" height=\"1600\" data-id=\"14496\"  src=\"https:\/\/vimagazine.com.br\/wp-content\/uploads\/2024\/06\/WhatsApp-Image-2024-06-23-at-23.56.37.jpeg\" alt=\"\" class=\"wp-image-14496\" srcset=\"https:\/\/vimagazine.com.br\/wp-content\/uploads\/2024\/06\/WhatsApp-Image-2024-06-23-at-23.56.37.jpeg 1200w, https:\/\/vimagazine.com.br\/wp-content\/uploads\/2024\/06\/WhatsApp-Image-2024-06-23-at-23.56.37-225x300.jpeg 225w, https:\/\/vimagazine.com.br\/wp-content\/uploads\/2024\/06\/WhatsApp-Image-2024-06-23-at-23.56.37-768x1024.jpeg 768w, https:\/\/vimagazine.com.br\/wp-content\/uploads\/2024\/06\/WhatsApp-Image-2024-06-23-at-23.56.37-1152x1536.jpeg 1152w, https:\/\/vimagazine.com.br\/wp-content\/uploads\/2024\/06\/WhatsApp-Image-2024-06-23-at-23.56.37-1024x1365.jpeg 1024w\" sizes=\"(max-width: 1200px) 100vw, 1200px\" \/><\/figure>\n\n\n\n<figure class=\"wp-block-image size-large\"><img width=\"1200\" height=\"1600\" data-id=\"14495\"  src=\"https:\/\/vimagazine.com.br\/wp-content\/uploads\/2024\/06\/WhatsApp-Image-2024-06-23-at-23.56.38.jpeg\" alt=\"\" class=\"wp-image-14495\" srcset=\"https:\/\/vimagazine.com.br\/wp-content\/uploads\/2024\/06\/WhatsApp-Image-2024-06-23-at-23.56.38.jpeg 1200w, https:\/\/vimagazine.com.br\/wp-content\/uploads\/2024\/06\/WhatsApp-Image-2024-06-23-at-23.56.38-225x300.jpeg 225w, https:\/\/vimagazine.com.br\/wp-content\/uploads\/2024\/06\/WhatsApp-Image-2024-06-23-at-23.56.38-768x1024.jpeg 768w, https:\/\/vimagazine.com.br\/wp-content\/uploads\/2024\/06\/WhatsApp-Image-2024-06-23-at-23.56.38-1152x1536.jpeg 1152w, https:\/\/vimagazine.com.br\/wp-content\/uploads\/2024\/06\/WhatsApp-Image-2024-06-23-at-23.56.38-1024x1365.jpeg 1024w\" sizes=\"(max-width: 1200px) 100vw, 1200px\" \/><\/figure>\n<\/figure>\n\n\n\n<figure class=\"wp-container-4 wp-block-gallery-3 wp-block-gallery has-nested-images columns-default is-cropped\">\n<figure class=\"wp-block-image size-large\"><img width=\"1200\" height=\"1600\" data-id=\"14495\"  src=\"https:\/\/vimagazine.com.br\/wp-content\/uploads\/2024\/06\/WhatsApp-Image-2024-06-23-at-23.56.38.jpeg\" alt=\"\" class=\"wp-image-14495\" srcset=\"https:\/\/vimagazine.com.br\/wp-content\/uploads\/2024\/06\/WhatsApp-Image-2024-06-23-at-23.56.38.jpeg 1200w, https:\/\/vimagazine.com.br\/wp-content\/uploads\/2024\/06\/WhatsApp-Image-2024-06-23-at-23.56.38-225x300.jpeg 225w, https:\/\/vimagazine.com.br\/wp-content\/uploads\/2024\/06\/WhatsApp-Image-2024-06-23-at-23.56.38-768x1024.jpeg 768w, https:\/\/vimagazine.com.br\/wp-content\/uploads\/2024\/06\/WhatsApp-Image-2024-06-23-at-23.56.38-1152x1536.jpeg 1152w, https:\/\/vimagazine.com.br\/wp-content\/uploads\/2024\/06\/WhatsApp-Image-2024-06-23-at-23.56.38-1024x1365.jpeg 1024w\" sizes=\"(max-width: 1200px) 100vw, 1200px\" \/><\/figure>\n\n\n\n<figure class=\"wp-block-image size-large\"><img width=\"1127\" height=\"1167\" data-id=\"14498\"  src=\"https:\/\/vimagazine.com.br\/wp-content\/uploads\/2024\/06\/WhatsApp-Image-2024-06-23-at-21.50.44.jpeg\" alt=\"\" class=\"wp-image-14498\" srcset=\"https:\/\/vimagazine.com.br\/wp-content\/uploads\/2024\/06\/WhatsApp-Image-2024-06-23-at-21.50.44.jpeg 1127w, https:\/\/vimagazine.com.br\/wp-content\/uploads\/2024\/06\/WhatsApp-Image-2024-06-23-at-21.50.44-290x300.jpeg 290w, https:\/\/vimagazine.com.br\/wp-content\/uploads\/2024\/06\/WhatsApp-Image-2024-06-23-at-21.50.44-989x1024.jpeg 989w, https:\/\/vimagazine.com.br\/wp-content\/uploads\/2024\/06\/WhatsApp-Image-2024-06-23-at-21.50.44-768x795.jpeg 768w, https:\/\/vimagazine.com.br\/wp-content\/uploads\/2024\/06\/WhatsApp-Image-2024-06-23-at-21.50.44-1024x1060.jpeg 1024w\" sizes=\"(max-width: 1127px) 100vw, 1127px\" \/><\/figure>\n<\/figure>\n\n\n\n<p><\/p>\n\n\n\n<p><\/p>\n\n\n\n<p><\/p>\n\n\n\n<p><\/p>\n\n\n\n<p><\/p>\n\n\n\n<p><\/p>\n\n\n\n<p><\/p>\n\n\n\n<p><\/p>\n\n\n\n<p><\/p>\n","protected":false},"excerpt":{"rendered":"<p>O produtor de moda Vitor Biannk participou no dia 23 de junho do desfile de&#8230;<\/p>\n","protected":false},"author":1,"featured_media":14525,"comment_status":"closed","ping_status":"open","sticky":false,"template":"","format":"standard","meta":{"om_disable_all_campaigns":false,"_monsterinsights_skip_tracking":false,"_monsterinsights_sitenote_active":false,"_monsterinsights_sitenote_note":"","_monsterinsights_sitenote_category":0,"spay_email":""},"categories":[27,1],"tags":[],"jetpack_featured_media_url":"https:\/\/vimagazine.com.br\/wp-content\/uploads\/2024\/06\/WhatsApp-Image-2024-06-24-at-00.16.26-4.jpeg","_links":{"self":[{"href":"https:\/\/vimagazine.com.br\/index.php?rest_route=\/wp\/v2\/posts\/14516"}],"collection":[{"href":"https:\/\/vimagazine.com.br\/index.php?rest_route=\/wp\/v2\/posts"}],"about":[{"href":"https:\/\/vimagazine.com.br\/index.php?rest_route=\/wp\/v2\/types\/post"}],"author":[{"embeddable":true,"href":"https:\/\/vimagazine.com.br\/index.php?rest_route=\/wp\/v2\/users\/1"}],"replies":[{"embeddable":true,"href":"https:\/\/vimagazine.com.br\/index.php?rest_route=%2Fwp%2Fv2%2Fcomments&post=14516"}],"version-history":[{"count":3,"href":"https:\/\/vimagazine.com.br\/index.php?rest_route=\/wp\/v2\/posts\/14516\/revisions"}],"predecessor-version":[{"id":14523,"href":"https:\/\/vimagazine.com.br\/index.php?rest_route=\/wp\/v2\/posts\/14516\/revisions\/14523"}],"wp:featuredmedia":[{"embeddable":true,"href":"https:\/\/vimagazine.com.br\/index.php?rest_route=\/wp\/v2\/media\/14525"}],"wp:attachment":[{"href":"https:\/\/vimagazine.com.br\/index.php?rest_route=%2Fwp%2Fv2%2Fmedia&parent=14516"}],"wp:term":[{"taxonomy":"category","embeddable":true,"href":"https:\/\/vimagazine.com.br\/index.php?rest_route=%2Fwp%2Fv2%2Fcategories&post=14516"},{"taxonomy":"post_tag","embeddable":true,"href":"https:\/\/vimagazine.com.br\/index.php?rest_route=%2Fwp%2Fv2%2Ftags&post=14516"}],"curies":[{"name":"wp","href":"https:\/\/api.w.org\/{rel}","templated":true}]}}