{"id":14526,"date":"2024-06-25T12:14:08","date_gmt":"2024-06-25T15:14:08","guid":{"rendered":"https:\/\/vimagazine.com.br\/?p=14526"},"modified":"2024-06-25T12:14:10","modified_gmt":"2024-06-25T15:14:10","slug":"vernissage-da-exposicao-universo-das-cores-da-renomada-artista-plastica-teresa-kodama-foi-um-verdadeiro-sucesso","status":"publish","type":"post","link":"https:\/\/vimagazine.com.br\/?p=14526","title":{"rendered":"Vernissage da Exposi\u00e7\u00e3o \u201cUniverso das Cores\u201d, da renomada Artista Pl\u00e1stica Teresa Kodama, foi um verdadeiro sucesso"},"content":{"rendered":"\n<figure class=\"wp-block-image aligncenter size-large is-resized\"><img src=\"https:\/\/vimagazine.com.br\/wp-content\/uploads\/2024\/06\/Screenshot_20240624_222755_WhatsApp-1-1024x663.jpg\" alt=\"\" class=\"wp-image-14527\" width=\"514\" height=\"332\" srcset=\"https:\/\/vimagazine.com.br\/wp-content\/uploads\/2024\/06\/Screenshot_20240624_222755_WhatsApp-1-1024x663.jpg 1024w, https:\/\/vimagazine.com.br\/wp-content\/uploads\/2024\/06\/Screenshot_20240624_222755_WhatsApp-1-300x194.jpg 300w, https:\/\/vimagazine.com.br\/wp-content\/uploads\/2024\/06\/Screenshot_20240624_222755_WhatsApp-1-768x498.jpg 768w, https:\/\/vimagazine.com.br\/wp-content\/uploads\/2024\/06\/Screenshot_20240624_222755_WhatsApp-1-1536x995.jpg 1536w, https:\/\/vimagazine.com.br\/wp-content\/uploads\/2024\/06\/Screenshot_20240624_222755_WhatsApp-1.jpg 1920w\" sizes=\"(max-width: 514px) 100vw, 514px\" \/><\/figure>\n\n\n\n<figure class=\"wp-block-image aligncenter size-full is-resized\"><img src=\"https:\/\/vimagazine.com.br\/wp-content\/uploads\/2024\/06\/Screenshot_20240624_222718_WhatsApp-1.jpg\" alt=\"\" class=\"wp-image-14528\" width=\"472\" height=\"307\" srcset=\"https:\/\/vimagazine.com.br\/wp-content\/uploads\/2024\/06\/Screenshot_20240624_222718_WhatsApp-1.jpg 900w, https:\/\/vimagazine.com.br\/wp-content\/uploads\/2024\/06\/Screenshot_20240624_222718_WhatsApp-1-300x195.jpg 300w, https:\/\/vimagazine.com.br\/wp-content\/uploads\/2024\/06\/Screenshot_20240624_222718_WhatsApp-1-768x499.jpg 768w\" sizes=\"(max-width: 472px) 100vw, 472px\" \/><\/figure>\n\n\n\n<figure class=\"wp-block-image aligncenter size-full is-resized\"><img src=\"https:\/\/vimagazine.com.br\/wp-content\/uploads\/2024\/06\/Screenshot_20240624_222734_WhatsApp.jpg\" alt=\"\" class=\"wp-image-14529\" width=\"444\" height=\"294\" srcset=\"https:\/\/vimagazine.com.br\/wp-content\/uploads\/2024\/06\/Screenshot_20240624_222734_WhatsApp.jpg 900w, https:\/\/vimagazine.com.br\/wp-content\/uploads\/2024\/06\/Screenshot_20240624_222734_WhatsApp-300x199.jpg 300w, https:\/\/vimagazine.com.br\/wp-content\/uploads\/2024\/06\/Screenshot_20240624_222734_WhatsApp-768x509.jpg 768w\" sizes=\"(max-width: 444px) 100vw, 444px\" \/><\/figure>\n\n\n\n<figure class=\"wp-block-image aligncenter size-full is-resized\"><img src=\"https:\/\/vimagazine.com.br\/wp-content\/uploads\/2024\/06\/Screenshot_20240624_222804_WhatsApp-1.jpg\" alt=\"\" class=\"wp-image-14530\" width=\"482\" height=\"318\" srcset=\"https:\/\/vimagazine.com.br\/wp-content\/uploads\/2024\/06\/Screenshot_20240624_222804_WhatsApp-1.jpg 912w, https:\/\/vimagazine.com.br\/wp-content\/uploads\/2024\/06\/Screenshot_20240624_222804_WhatsApp-1-300x198.jpg 300w, https:\/\/vimagazine.com.br\/wp-content\/uploads\/2024\/06\/Screenshot_20240624_222804_WhatsApp-1-768x508.jpg 768w\" sizes=\"(max-width: 482px) 100vw, 482px\" \/><\/figure>\n\n\n\n<figure class=\"wp-block-image aligncenter size-full is-resized\"><img src=\"https:\/\/vimagazine.com.br\/wp-content\/uploads\/2024\/06\/DSC_9900.jpg\" alt=\"\" class=\"wp-image-14531\" width=\"495\" height=\"328\" srcset=\"https:\/\/vimagazine.com.br\/wp-content\/uploads\/2024\/06\/DSC_9900.jpg 900w, https:\/\/vimagazine.com.br\/wp-content\/uploads\/2024\/06\/DSC_9900-300x199.jpg 300w, https:\/\/vimagazine.com.br\/wp-content\/uploads\/2024\/06\/DSC_9900-768x509.jpg 768w\" sizes=\"(max-width: 495px) 100vw, 495px\" \/><\/figure>\n\n\n\n<figure class=\"wp-block-image aligncenter size-full is-resized\"><img src=\"https:\/\/vimagazine.com.br\/wp-content\/uploads\/2024\/06\/DSC_9640.jpg\" alt=\"\" class=\"wp-image-14532\" width=\"540\" height=\"357\" srcset=\"https:\/\/vimagazine.com.br\/wp-content\/uploads\/2024\/06\/DSC_9640.jpg 928w, https:\/\/vimagazine.com.br\/wp-content\/uploads\/2024\/06\/DSC_9640-300x199.jpg 300w, https:\/\/vimagazine.com.br\/wp-content\/uploads\/2024\/06\/DSC_9640-768x509.jpg 768w\" sizes=\"(max-width: 540px) 100vw, 540px\" \/><\/figure>\n\n\n\n<figure class=\"wp-block-image aligncenter size-full is-resized\"><img src=\"https:\/\/vimagazine.com.br\/wp-content\/uploads\/2024\/06\/DSC_9894.jpg\" alt=\"\" class=\"wp-image-14533\" width=\"489\" height=\"323\" srcset=\"https:\/\/vimagazine.com.br\/wp-content\/uploads\/2024\/06\/DSC_9894.jpg 928w, https:\/\/vimagazine.com.br\/wp-content\/uploads\/2024\/06\/DSC_9894-300x199.jpg 300w, https:\/\/vimagazine.com.br\/wp-content\/uploads\/2024\/06\/DSC_9894-768x509.jpg 768w\" sizes=\"(max-width: 489px) 100vw, 489px\" \/><\/figure>\n\n\n\n<p>O evento aconteceu no \u00faltimo s\u00e1bado, dia 22 de junho, na Roberto Camasmie Art Gallery, na Rua Bela Cintra, n\u00ba 1992, Jardins, que na figura do querido anfitri\u00e3o Roberto Camasmie, sentiu-se orgulhoso em receber as pinturas da renomada Artista Pl\u00e1stica.&nbsp;<\/p>\n\n\n\n<p>A presen\u00e7a da fam\u00edlia de Teresa Kodama &#8211; do marido Pedro Kodama, das filhas Alessandra e Amanda Kodama &#8211; de autoridades, dentre elas o Doutor Alexandre Lazzarini, Desembargador do Tribunal de Justi\u00e7a de S\u00e3o Paulo e fam\u00edlia, a Doutora Ana Maria Brugin, Presidente do IPAM \u2013 Instituto Paulista de Magistrados, a Doutora Eloisa de Sousa Arruda, Procuradora de Justi\u00e7a aposentada, ex-Secret\u00e1ria de Justi\u00e7a da Secretaria de Justi\u00e7a e da Cidadania do Estado de S\u00e3o Paulo, al\u00e9m da presen\u00e7a de Regina Duarte, Cintia Abravanel e de outras celebridades, Artistas, amigos, empres\u00e1rios e apoiadores, enriqueceu ainda mais o evento.&nbsp;<\/p>\n\n\n\n<p>A Mostra encantou os visitantes com obras que refletem a diversidade e a riqueza das express\u00f5es art\u00edsticas de Teresa, que se projetam em uma profus\u00e3o de cores vibrantes, formas org\u00e2nicas e pinceladas energ\u00e9ticas, criando uma experi\u00eancia visual intensa e emocional.&nbsp;<\/p>\n\n\n\n<p>A Artista explora a intersec\u00e7\u00e3o entre a subjetividade e a universalidade, convidando os espectadores a se perderem nos nuances e nas camadas de significado. \u00c9 uma celebra\u00e7\u00e3o da liberdade criativa e da paix\u00e3o pela arte, uma verdadeira jornada visual que exalta a beleza e a complexidade das cores.&nbsp;<\/p>\n\n\n\n<p>A fam\u00edlia de Teresa, tanto quanto ela pr\u00f3pria, se sente agradecida e honrada em participar da exposi\u00e7\u00e3o na Art Gallery, de t\u00e3o brilhante artista como Roberto Camasmie, e vibra desejando excelentes frutos dessa grande parceria.&nbsp;&nbsp;<\/p>\n\n\n\n<p>A Exposi\u00e7\u00e3o conta com o apoio da Roberto Camasmie Art Gallery, Editora Magis, Assessoria de Imprensa Maria Em\u00edlia Genovesi, Comiss\u00e3o Nacional de Arte e Cultura da ABA \u2013 Associa\u00e7\u00e3o Brasileira de Advogados, Maria Rita Eventos, Acorde Chocolates, Beneditos, Usoarte, Ceramic Art Zita Delgado, Maison Arthur Caliman, Jos\u00e9 Domingos Guimar\u00e3es Neto, Gabrielly Ono, Schoko Delicatessen e de Lucca Genovesi.&nbsp;<\/p>\n\n\n\n<p>Uma parte da arrecada\u00e7\u00e3o da venda das obras ser\u00e1 destinada a APADEME \u2013 Associa\u00e7\u00e3o de Pais e Amigos dos Deficientes Mentais.&nbsp;<\/p>\n\n\n\n<p>No dia 29 de junho, s\u00e1bado, haver\u00e1 uma Visita Guiada, um gostoso Bate-Papo com a pr\u00f3pria Artista onde ela falar\u00e1 um pouco de sua vida e de suas obras, que ocorrer\u00e1 das 12 \u00e0s 14h, na Roberto Camasmie Art Gallery. A Exposi\u00e7\u00e3o continua em cartaz at\u00e9 o dia 6 de julho, com hor\u00e1rio de visita\u00e7\u00e3o das 10 \u00e0s 17 horas.&nbsp;<\/p>\n\n\n\n<p>Fotos<\/p>\n\n\n\n<p>Jos\u00e9 Domingos Guimar\u00e3es Neto<\/p>\n","protected":false},"excerpt":{"rendered":"<p>O evento aconteceu no \u00faltimo s\u00e1bado, dia 22 de junho, na Roberto Camasmie Art Gallery,&#8230;<\/p>\n","protected":false},"author":19,"featured_media":14534,"comment_status":"closed","ping_status":"open","sticky":false,"template":"","format":"standard","meta":{"om_disable_all_campaigns":false,"_monsterinsights_skip_tracking":false,"_monsterinsights_sitenote_active":false,"_monsterinsights_sitenote_note":"","_monsterinsights_sitenote_category":0,"spay_email":""},"categories":[26],"tags":[],"jetpack_featured_media_url":"https:\/\/vimagazine.com.br\/wp-content\/uploads\/2024\/06\/Screenshot_20240624_222801_WhatsApp.jpg","_links":{"self":[{"href":"https:\/\/vimagazine.com.br\/index.php?rest_route=\/wp\/v2\/posts\/14526"}],"collection":[{"href":"https:\/\/vimagazine.com.br\/index.php?rest_route=\/wp\/v2\/posts"}],"about":[{"href":"https:\/\/vimagazine.com.br\/index.php?rest_route=\/wp\/v2\/types\/post"}],"author":[{"embeddable":true,"href":"https:\/\/vimagazine.com.br\/index.php?rest_route=\/wp\/v2\/users\/19"}],"replies":[{"embeddable":true,"href":"https:\/\/vimagazine.com.br\/index.php?rest_route=%2Fwp%2Fv2%2Fcomments&post=14526"}],"version-history":[{"count":1,"href":"https:\/\/vimagazine.com.br\/index.php?rest_route=\/wp\/v2\/posts\/14526\/revisions"}],"predecessor-version":[{"id":14535,"href":"https:\/\/vimagazine.com.br\/index.php?rest_route=\/wp\/v2\/posts\/14526\/revisions\/14535"}],"wp:featuredmedia":[{"embeddable":true,"href":"https:\/\/vimagazine.com.br\/index.php?rest_route=\/wp\/v2\/media\/14534"}],"wp:attachment":[{"href":"https:\/\/vimagazine.com.br\/index.php?rest_route=%2Fwp%2Fv2%2Fmedia&parent=14526"}],"wp:term":[{"taxonomy":"category","embeddable":true,"href":"https:\/\/vimagazine.com.br\/index.php?rest_route=%2Fwp%2Fv2%2Fcategories&post=14526"},{"taxonomy":"post_tag","embeddable":true,"href":"https:\/\/vimagazine.com.br\/index.php?rest_route=%2Fwp%2Fv2%2Ftags&post=14526"}],"curies":[{"name":"wp","href":"https:\/\/api.w.org\/{rel}","templated":true}]}}