{"id":14545,"date":"2024-06-25T17:00:16","date_gmt":"2024-06-25T20:00:16","guid":{"rendered":"https:\/\/vimagazine.com.br\/?p=14545"},"modified":"2024-06-25T17:13:09","modified_gmt":"2024-06-25T20:13:09","slug":"juliana-agustineli-destaca-a-importancia-da-sua-participacao-em-campanha-sobre-diversidade-atraves-da-agencia-focoluz-management","status":"publish","type":"post","link":"https:\/\/vimagazine.com.br\/?p=14545","title":{"rendered":"<strong>Juliana Agustineli destaca a import\u00e2ncia da sua participa\u00e7\u00e3o em campanha sobre diversidade atrav\u00e9s da ag\u00eancia FocoLuz Management&nbsp;<\/strong>"},"content":{"rendered":"\n<p>&nbsp; Recentemente, a palestrante e idealizadora do Movimento de Perfumoterapia, Juliana Agustineli, participou atrav\u00e9s da ag\u00eancia <strong>FocoLuz Management <\/strong>de uma campanha para a marca \u201c<strong>Boca Rosa<\/strong>\u201d.<\/p>\n\n\n\n<figure class=\"wp-block-image size-full\"><img width=\"800\" height=\"990\" src=\"https:\/\/vimagazine.com.br\/wp-content\/uploads\/2024\/06\/b02c88ff-2c8b-40e3-8695-b02d85ba4fe5.jpg\" alt=\"\" class=\"wp-image-14547\" srcset=\"https:\/\/vimagazine.com.br\/wp-content\/uploads\/2024\/06\/b02c88ff-2c8b-40e3-8695-b02d85ba4fe5.jpg 800w, https:\/\/vimagazine.com.br\/wp-content\/uploads\/2024\/06\/b02c88ff-2c8b-40e3-8695-b02d85ba4fe5-242x300.jpg 242w, https:\/\/vimagazine.com.br\/wp-content\/uploads\/2024\/06\/b02c88ff-2c8b-40e3-8695-b02d85ba4fe5-768x950.jpg 768w\" sizes=\"(max-width: 800px) 100vw, 800px\" \/><\/figure>\n\n\n\n<p>&nbsp;Juliana Agustineli, palestrante e empres\u00e1ria, ressaltou: \u201cQuando se fala em \u201cBoca Rosa\u201d, a gente tem uma pot\u00eancia chamada, Bianca Andrade, que fez a sua marca ser viral, e a relan\u00e7ou de forma independente.<\/p>\n\n\n\n<p>&nbsp;Para ela, o relan\u00e7amento da marca prova que a Bianca quer ser dona da sua hist\u00f3ria: \u201cEla quer provar que n\u00f3s mulheres, podemos sim, ser CEOs, comandar empresas e n\u00e3o ser desmerecidas nem diminu\u00eddas por isso\u201d.<\/p>\n\n\n\n<p>Ainda segundo ela: \u201cA minha pr\u00f3pria experi\u00eancia ao empreender no segmento de Perfumoterapia fala por si s\u00f3, j\u00e1 que podemos tomar posse de lugares onde jamais poder\u00edamos antes\u201d.<\/p>\n\n\n\n<p>Para Agustineli foi um sonho ter participado da campanha para a Boca Rosa. \u201cNunca pensei que a essa altura da vida, com 40 anos, eu iria me tornar modelo, principalmente por ser uma mulher de cabelos grisalhos assumida. H\u00e1 alguns anos, a sociedade nos enxerga como mulheres desleixadas, e prejudica a nossa autoestima\u201d, declarou.<\/p>\n\n\n\n<p>Ela acrescentou ainda que se trata de um verdadeiro sonho: \u201cImaginar uma mulher 40+, grisalha, acima do peso e que nunca tinha feito uma campanha, ter esse espa\u00e7o e fazer parte desse movimento grandioso de relan\u00e7amento de uma marca com esta envergadura\u201d.<\/p>\n\n\n\n<p>&nbsp;Quando perguntada sobre qual a correla\u00e7\u00e3o entre o seu trabalho com a perfumoterapia e a marca Boca Rosa, Juliana, disse: \u201cTem tudo a ver. A Bianca construiu a sua marca baseada na cor do batom rosa que ela sempre usava, por isso a marca Boca Rosa. A Perfumoterapia al\u00e9m de trabalhar com a m\u00fasica e os aromas, tem nas cores a constru\u00e7\u00e3o de hist\u00f3rias e mem\u00f3rias. Quando trazemos mem\u00f3rias e as ressignificamos, nosso emocional ganha novos cap\u00edtulos e com isso, resgatamos nossa autoestima, nossa identidade. A Boca Rosa sempre vai estar associada a marca da Bianca, e os batons cor de rosa, mesmo n\u00e3o sendo da marca, v\u00e3o despertar essa mem\u00f3ria\u201d.&nbsp;<\/p>\n\n\n\n<p>\u201cEu gostaria muito de participar de outros projetos como este, mas acredito que foi s\u00f3 esse\u201d.<\/p>\n\n\n\n<p>&nbsp;No tocante a diversidade e a tudo que \u00e9 abra\u00e7ado pela campanha, Juliana diz ter achado um m\u00e1ximo: \u201cEstar inserida em algo dessa magnitude constr\u00f3i uma rela\u00e7\u00e3o de empatia e conex\u00e3o, e essa empatia n\u00e3o \u00e9 s\u00f3 sobre a dor do outro, mas suprir suas necessidades. Somos milh\u00f5es de brasileiras com hist\u00f3rias, mem\u00f3rias, personalidades e tons de peles diferentes. A Bianca traduziu e entendeu essa causa e est\u00e1 oferecendo muito al\u00e9m da maquiagem: Ela nos convida a sermos protagonistas das nossas hist\u00f3rias e assim como ela, trazer poder, conquista e acima de tudo, saber que temos espa\u00e7o e que vamos ocupar esses espa\u00e7os que um dia disseram que n\u00e3o pod\u00edamos\u201d.<\/p>\n\n\n\n<p>\u201cNada teria sido poss\u00edvel se n\u00e3o fosse a Ag\u00eancia FocoLuz Managementque faz o meu agenciamento\u201d, finalizou Juliana Agustineli.<\/p>\n\n\n\n<p><strong><em>Sobre:<\/em><\/strong><\/p>\n\n\n\n<p><br>Juliana Agustineli \u00e9 Palestrante, Empreendedora, idealizadora do Movimento da Perfumoterapia, criadora da Oficina da Ess\u00eancia, perfumista autodidata e pesquisadora sobre os impactos do sentido do olfato no bem-estar das pessoas.<\/p>\n\n\n\n<p><strong><em>Redes sociais:<\/em><\/strong><\/p>\n\n\n\n<p><a href=\"https:\/\/www.instagram.com\/julianaagustineli\/\">@julianaagustineli<\/a><\/p>\n\n\n\n<p><a href=\"https:\/\/www.instagram.com\/oficinadaessencia\/\">@oficinadaessencia<\/a><\/p>\n\n\n\n<p>Foto: divulga\u00e7\u00e3o<\/p>\n","protected":false},"excerpt":{"rendered":"<p>&nbsp; Recentemente, a palestrante e idealizadora do Movimento de Perfumoterapia, Juliana Agustineli, participou atrav\u00e9s da&#8230;<\/p>\n","protected":false},"author":2,"featured_media":14554,"comment_status":"closed","ping_status":"open","sticky":false,"template":"","format":"standard","meta":{"om_disable_all_campaigns":false,"_monsterinsights_skip_tracking":false,"_monsterinsights_sitenote_active":false,"_monsterinsights_sitenote_note":"","_monsterinsights_sitenote_category":0,"spay_email":""},"categories":[26,31],"tags":[873,872,786],"jetpack_featured_media_url":"https:\/\/vimagazine.com.br\/wp-content\/uploads\/2024\/06\/Captura-de-tela-2024-06-25-171023.png","_links":{"self":[{"href":"https:\/\/vimagazine.com.br\/index.php?rest_route=\/wp\/v2\/posts\/14545"}],"collection":[{"href":"https:\/\/vimagazine.com.br\/index.php?rest_route=\/wp\/v2\/posts"}],"about":[{"href":"https:\/\/vimagazine.com.br\/index.php?rest_route=\/wp\/v2\/types\/post"}],"author":[{"embeddable":true,"href":"https:\/\/vimagazine.com.br\/index.php?rest_route=\/wp\/v2\/users\/2"}],"replies":[{"embeddable":true,"href":"https:\/\/vimagazine.com.br\/index.php?rest_route=%2Fwp%2Fv2%2Fcomments&post=14545"}],"version-history":[{"count":3,"href":"https:\/\/vimagazine.com.br\/index.php?rest_route=\/wp\/v2\/posts\/14545\/revisions"}],"predecessor-version":[{"id":14553,"href":"https:\/\/vimagazine.com.br\/index.php?rest_route=\/wp\/v2\/posts\/14545\/revisions\/14553"}],"wp:featuredmedia":[{"embeddable":true,"href":"https:\/\/vimagazine.com.br\/index.php?rest_route=\/wp\/v2\/media\/14554"}],"wp:attachment":[{"href":"https:\/\/vimagazine.com.br\/index.php?rest_route=%2Fwp%2Fv2%2Fmedia&parent=14545"}],"wp:term":[{"taxonomy":"category","embeddable":true,"href":"https:\/\/vimagazine.com.br\/index.php?rest_route=%2Fwp%2Fv2%2Fcategories&post=14545"},{"taxonomy":"post_tag","embeddable":true,"href":"https:\/\/vimagazine.com.br\/index.php?rest_route=%2Fwp%2Fv2%2Ftags&post=14545"}],"curies":[{"name":"wp","href":"https:\/\/api.w.org\/{rel}","templated":true}]}}