{"id":14580,"date":"2024-06-27T21:05:59","date_gmt":"2024-06-28T00:05:59","guid":{"rendered":"https:\/\/vimagazine.com.br\/?p=14580"},"modified":"2024-06-27T21:06:00","modified_gmt":"2024-06-28T00:06:00","slug":"vii-congresso-internacional-de-felicidade-abre-suas-inscricoes-e-anuncia-os-primeiros-palestrantes-de-2024","status":"publish","type":"post","link":"https:\/\/vimagazine.com.br\/?p=14580","title":{"rendered":"VII Congresso Internacional de Felicidade abre suas inscri\u00e7\u00f5es e anuncia os primeiros palestrantes de 2024\u00a0"},"content":{"rendered":"\n<p><\/p>\n\n\n\n<p><\/p>\n\n\n\n<p class=\"has-medium-font-size\"><em><strong>Maior evento do segmento na Am\u00e9rica Latina destaca o bem-estar, a qualidade de vida e o autoconhecimento<\/strong><\/em><\/p>\n\n\n\n<p>O&nbsp;<strong>Congresso&nbsp;Internacional&nbsp;de Felicidade<\/strong>&nbsp;chega em sua s\u00e9tima edi\u00e7\u00e3o. O evento, que mant\u00e9m o posto de maior evento do segmento na Am\u00e9rica Latina e que destaca o bem-estar, a qualidade de vida e o autoconhecimento, ocorrer\u00e1 em Curitiba nos dias 2 e 3 de novembro, no Centro de Exposi\u00e7\u00f5es Positivo do Parque Barigui.&nbsp;<\/p>\n\n\n\n<p>Al\u00e9m de reunir os maiores palestrantes do Brasil e do mundo nas mais diversas \u00e1reas, que abordam o tema da Felicidade por meio da ci\u00eancia, da arte, da filosofia e da espiritualidade, o&nbsp;<strong>Congresso<\/strong><strong>&nbsp;<\/strong><strong>Internacional<\/strong><strong>&nbsp;de Felicidade<\/strong>&nbsp;\u00e9 uma experi\u00eancia imersiva de profundo autoconhecimento e de transforma\u00e7\u00e3o pessoal, em que j\u00e1 participaram mais de 12 mil pessoas. As inscri\u00e7\u00f5es j\u00e1 est\u00e3o abertas com valores promocionais pelo site<a href=\"https:\/\/click.cse360.com.br\/Click\/AddCampaignEmailClick\/0335ee24-6b53-40bc-ab5c-08dc8ed57d6c\/http%253a%252f%252fwww.congressodafelicidade.com.br%252f\/84a13bf5-1001-4b37-93cf-9aa5931b4a9b\/vimagazine@vimagazine.com.br\/True\" rel=\"noreferrer noopener\" target=\"_blank\">&nbsp;<\/a><a href=\"https:\/\/click.cse360.com.br\/Click\/AddCampaignEmailClick\/0335ee24-6b53-40bc-ab5c-08dc8ed57d6c\/http%253a%252f%252fwww.congressodafelicidade.com.br%252f\/84a13bf5-1001-4b37-93cf-9aa5931b4a9b\/vimagazine@vimagazine.com.br\/True\" rel=\"noreferrer noopener\" target=\"_blank\">www.<\/a><a href=\"https:\/\/click.cse360.com.br\/Click\/AddCampaignEmailClick\/0335ee24-6b53-40bc-ab5c-08dc8ed57d6c\/http%253a%252f%252fwww.congressodafelicidade.com.br%252f\/84a13bf5-1001-4b37-93cf-9aa5931b4a9b\/vimagazine@vimagazine.com.br\/True\" rel=\"noreferrer noopener\" target=\"_blank\">congresso<\/a><a href=\"https:\/\/click.cse360.com.br\/Click\/AddCampaignEmailClick\/0335ee24-6b53-40bc-ab5c-08dc8ed57d6c\/http%253a%252f%252fwww.congressodafelicidade.com.br%252f\/84a13bf5-1001-4b37-93cf-9aa5931b4a9b\/vimagazine@vimagazine.com.br\/True\" rel=\"noreferrer noopener\" target=\"_blank\">dafelicidade.com.br<\/a>, conforme setores.<\/p>\n\n\n\n<p><em>&#8220;Chegamos na s\u00e9tima edi\u00e7\u00e3o como o principal evento de Felicidade no Brasil e da Am\u00e9rica Latina, sendo refer\u00eancia para o mundo todo. Neste ano, al\u00e9m de ser a edi\u00e7\u00e3o n\u00famero 7, que representa sabedoria, reflex\u00e3o e paz interior, contaremos com nomes de grande destaque no assunto, com palestrantes refer\u00eancia no segmento por suas hist\u00f3rias, atua\u00e7\u00f5es e estudos. Em Curitiba, no m\u00eas de novembro, teremos um verdadeiro encontro com a ci\u00eancia da Felicidade, com dezenas de palestras e viv\u00eancias que, com certeza, transformar\u00e3o pessoas&#8221;,\u00a0<\/em>explica\u00a0<strong>Gustavo Arns<\/strong>, mestre em estudos da Felicidade pela Centenary University e idealizador do\u00a0Congresso\u00a0Internacional\u00a0de Felicidade.<\/p>\n\n\n\n<p><\/p>\n\n\n\n<p><\/p>\n\n\n\n<figure class=\"wp-block-image size-large\"><img width=\"1024\" height=\"683\" src=\"https:\/\/vimagazine.com.br\/wp-content\/uploads\/2024\/06\/d4e3687a-ed94-42ee-bc7c-15e7d69848f4-1024x683.jpg\" alt=\"\" class=\"wp-image-14581\" srcset=\"https:\/\/vimagazine.com.br\/wp-content\/uploads\/2024\/06\/d4e3687a-ed94-42ee-bc7c-15e7d69848f4-1024x683.jpg 1024w, https:\/\/vimagazine.com.br\/wp-content\/uploads\/2024\/06\/d4e3687a-ed94-42ee-bc7c-15e7d69848f4-300x200.jpg 300w, https:\/\/vimagazine.com.br\/wp-content\/uploads\/2024\/06\/d4e3687a-ed94-42ee-bc7c-15e7d69848f4-768x512.jpg 768w, https:\/\/vimagazine.com.br\/wp-content\/uploads\/2024\/06\/d4e3687a-ed94-42ee-bc7c-15e7d69848f4-1536x1025.jpg 1536w, https:\/\/vimagazine.com.br\/wp-content\/uploads\/2024\/06\/d4e3687a-ed94-42ee-bc7c-15e7d69848f4.jpg 1920w\" sizes=\"(max-width: 1024px) 100vw, 1024px\" \/><figcaption><em>J\u00e1 est\u00e3o confirmados 20 palestrantes no evento, que abordar\u00e3o o tema da Felicidade por meio de aspectos que exploram o conhecimento em diferentes linhas (Cr\u00e9d. Day Luiza)<\/em><\/figcaption><\/figure>\n\n\n\n<p class=\"has-text-align-center has-medium-font-size\"><strong>Diversidade de pensamentos:&nbsp;Congresso&nbsp;j\u00e1 tem 20 palestrantes e painelistas confirmados<\/strong><\/p>\n\n\n\n<p>J\u00e1 est\u00e3o confirmados 20 palestrantes no evento, que abordar\u00e3o o tema da Felicidade por meio de aspectos que exploram o conhecimento em diferentes linhas, compartilhando suas experi\u00eancias.\u00a0<\/p>\n\n\n\n<p>Entre eles est\u00e1 a&nbsp;<strong>Monja Coen<\/strong>, monja zen budista, escritora e palestrante, com o tema &#8220;Ser feliz, \u00e9 poss\u00edvel?&#8221;; o&nbsp;<strong>Dr. Cl\u00f3vis de Barros,<\/strong>&nbsp;doutor, autor e livre docente pela Escola de Comunica\u00e7\u00f5es e Artes da USP, palestrante h\u00e1 mais de 10 anos no mundo corpo, com o assunto &#8220;A vida que a pena ser vivida&#8221;; como convidada&nbsp;internacional&nbsp;a fil\u00f3sofa indiana&nbsp;<strong>Sri Preethaji<\/strong>, l\u00edder transformacional e cofundadora do Oneness Movement, conduzindo a palestra &#8220;Despertando para o poder da consci\u00eancia&#8221;; o navegador&nbsp;<strong>Amyr Klink<\/strong>,<strong>&nbsp;<\/strong>pioneiro em fazer a travessia do Oceano Atl\u00e2ntico a remo, com o tema &#8220;Ajustando as velas para enfrentar incertezas&#8221;; o escritor&nbsp;<strong>Marcos Piangers,&nbsp;<\/strong>que conta<strong>&nbsp;<\/strong>mais de 1 milh\u00e3o de livros vendidos e fen\u00f4meno nas redes sociais e na internet&nbsp;com mais de 1 bilh\u00e3o de visualiza\u00e7\u00f5es, falando sobre &#8220;Protagonismo e felicidade &#8211; a mudan\u00e7a que voc\u00ea faz no mundo&#8221;; a famosa benzedeira, rezadeira, curandeira, que h\u00e1 quase uma d\u00e9cada \u00e9 tamb\u00e9m terapeuta,&nbsp;<strong>Mercedes<\/strong>, abordando o assunto &#8220;O que o amor faria?&#8221;; a psicanalista, doutora em pesquisa e cl\u00ednica pela UERJ,<strong>&nbsp;Ana Suy<\/strong>, autora do best seller &#8220;A gente mira no amor e acerta na solid\u00e3o&#8221;, com a palestra &#8220;Elogio \u00e0 Infelicidade&#8221;; a doutora em antropologia, colunista da Folha de S\u00e3o Paulo com 30 livros publicados, refer\u00eancia em estudos sobre envelhecimento e felicidade,&nbsp;<strong>Mirian Goldemberg<\/strong>, abordando &#8220;A Revolu\u00e7\u00e3o da Bela Velhice: Projetos de vida e a busca da felicidade&#8221;; o mestre espiritual e escritor&nbsp;<strong>Sri Prem Baba<\/strong>, falando sobre &#8220;Superando a ansiedade: a calma no agora&#8221;; o escritor com mais de 65 livros, professor, l\u00edder ind\u00edgena, p\u00f3s-doutor pela UFScar,&nbsp;<strong>Daniel Munduruku<\/strong>, desenvolvendo a tema &#8220;Felicidade na cosmovis\u00e3o dos povos origin\u00e1rios&#8221;; o arranjador, compositor, regente e professor de m\u00fasica&nbsp;<strong>Al\u00ea de Maria<\/strong>, apresentando o assunto &#8220;Canto das \u00c1guas&#8221;; e o fil\u00f3sofo, mestre em psicologia e espiritualidade, doutor em teologia na It\u00e1lia, autor e palestrante&nbsp;<strong>Jorge Trevisol<\/strong>, que \u00e9 coordenador do Centro Holoikos de forma\u00e7\u00e3o integral no Rio Grande do Sul, apresentando &#8220;Etapas da Vida e Felicidade&#8221;.<\/p>\n\n\n\n<p>A apresenta\u00e7\u00e3o do evento ser\u00e1 conduzida pela&nbsp;<em>trauma counsellor<\/em>&nbsp;formada no Canad\u00e1,&nbsp;<strong>Carol de Moraes<\/strong>, fundadora da cl\u00ednica de sa\u00fade mental e espiritualidade &#8220;Ilumina&#8221;, e, a abertura, conduzida pelo mestre em estudos da Felicidade pela Centenary University, professor de p\u00f3s-gradua\u00e7\u00e3o em Psicologia Positiva da PUC-PR e PUC-RS,&nbsp;<strong>Gustavo Arns<\/strong>, tamb\u00e9m idealizador do&nbsp;<strong>Congresso&nbsp;Internacional&nbsp;da Felicidade<\/strong>.<\/p>\n\n\n\n<p>E para completar, dois pain\u00e9is tamb\u00e9m j\u00e1 est\u00e3o confirmados, o &#8220;O que \u00e9 sucesso?&#8221;, conduzido pela jornalista especialista em sa\u00fade integral, escritora e professora&nbsp;<strong>Mariana Ferr\u00e3o<\/strong>, que apresentou o programa &#8220;Bem Estar&#8221;, na TV Globo, tendo junto a empres\u00e1ria, fundadora do &#8220;Laces and Hair&#8221;, com 30 sal\u00f5es pelo Brasil,&nbsp;<strong>Cris Dios<\/strong>, que, al\u00e9m disso, \u00e9 fundadora do 1\u00ba e-commerce de beleza consciente do Brasil, e a bicampe\u00e3 ol\u00edmpica de v\u00f4lei, uma das atletas mais vitoriosas da hist\u00f3ria do esporte brasileiro,&nbsp;<strong>Sheilla Castro<\/strong>. Outro painel ser\u00e1 &#8220;A crian\u00e7a que eu fui um dia&#8221;, que ter\u00e1 o poeta, escritor e compositor&nbsp;<strong>Allan Dias Castro<\/strong>, o m\u00fasico e produtor premiado&nbsp;internacionalmente&nbsp;<strong>Tiago Corr\u00eaa<\/strong>, que s\u00e3o conducentes do projeto&nbsp;<strong>Reverb Poesia<\/strong>, que foca no trabalho art\u00edstico visando uma jornada de autodescoberta e crescimento do p\u00fablico.<\/p>\n\n\n\n<p>Nos pr\u00f3ximos dias, ainda ser\u00e3o anunciados mais palestrantes, pain\u00e9is e atra\u00e7\u00f5es.<\/p>\n\n\n\n<p><\/p>\n\n\n\n<figure class=\"wp-block-image size-large\"><img width=\"1024\" height=\"683\" src=\"https:\/\/vimagazine.com.br\/wp-content\/uploads\/2024\/06\/a8ccadde-c15d-4991-8405-abcc9270601b-1024x683.jpg\" alt=\"\" class=\"wp-image-14582\" srcset=\"https:\/\/vimagazine.com.br\/wp-content\/uploads\/2024\/06\/a8ccadde-c15d-4991-8405-abcc9270601b-1024x683.jpg 1024w, https:\/\/vimagazine.com.br\/wp-content\/uploads\/2024\/06\/a8ccadde-c15d-4991-8405-abcc9270601b-300x200.jpg 300w, https:\/\/vimagazine.com.br\/wp-content\/uploads\/2024\/06\/a8ccadde-c15d-4991-8405-abcc9270601b-768x512.jpg 768w, https:\/\/vimagazine.com.br\/wp-content\/uploads\/2024\/06\/a8ccadde-c15d-4991-8405-abcc9270601b-1536x1025.jpg 1536w, https:\/\/vimagazine.com.br\/wp-content\/uploads\/2024\/06\/a8ccadde-c15d-4991-8405-abcc9270601b.jpg 1920w\" sizes=\"(max-width: 1024px) 100vw, 1024px\" \/><figcaption><em>Maior evento de Felicidade da Am\u00e9rica Latina reunir\u00e1 em novembro milhares de<\/em><br><em>pessoas em Curitiba (Cr\u00e9d. Day Luiza)<\/em><\/figcaption><\/figure>\n\n\n\n<p><\/p>\n\n\n\n<p><strong>Presente especial para os primeiros inscritos<\/strong>&nbsp;\u2013 E para os primeiros 200 inscritos, o&nbsp;<strong>VII&nbsp;Congresso&nbsp;Internacional&nbsp;de Felicidade<\/strong>&nbsp;ir\u00e1 presente\u00e1-los com os livros &#8220;SER FELIZ: \u00e9 poss\u00edvel? Um di\u00e1logo entre a ci\u00eancia e a espiritualidade&#8221;, escrito por Monja Coen e Gustavo Arns, al\u00e9m da obra &#8220;Vivemos Mais&#8221; Vivemos Bem! Por uma vida Plena&#8221;, escrito por Mario Sergio Cortella e Terezinha Azer\u00eado Rios, como uma forma de prestigiar os primeiros interessados no evento.<\/p>\n\n\n\n<p>O&nbsp;<strong>VII&nbsp;Congresso&nbsp;Internacional&nbsp;da Felicidade&nbsp;<\/strong>conta com patroc\u00ednio bronze da New Holland, CNH Capital, Col\u00e9gio Positivo e apoio da Metalus do Brasil e da Helisul Avia\u00e7\u00e3o<strong>.&nbsp;<\/strong>Acompanhe as novidades pelo site oficial e pelo Instagram @congressodefelicidade. Mais informa\u00e7\u00f5es pelo e-mail atendimento@congressodefelicidade.com.br. O evento conta com int\u00e9rpretes de Libras e audiodescri\u00e7\u00e3o para palestrantes internacionais.<\/p>\n\n\n\n<p><\/p>\n\n\n\n<p class=\"has-medium-font-size\"><strong>VII&nbsp;<\/strong><strong>Congresso<\/strong><strong>&nbsp;<\/strong><strong>Internacional<\/strong><strong>&nbsp;de Felicidade<\/strong><\/p>\n\n\n\n<p><strong>Data:<\/strong>\u00a02 e 3 de novembro<\/p>\n\n\n\n<p><strong>Local:\u00a0<\/strong>Centro de Exposi\u00e7\u00f5es Positivo &#8211; Parque Barigui<\/p>\n\n\n\n<p>Al. Ecol\u00f3gica Burle Marx, 2518 &#8211; Santo In\u00e1cio &#8211; Curitiba<\/p>\n\n\n\n<p><strong>Inscri\u00e7\u00f5es e<\/strong>&nbsp;<strong>programa\u00e7\u00e3o:<\/strong><a href=\"https:\/\/click.cse360.com.br\/Click\/AddCampaignEmailClick\/0335ee24-6b53-40bc-ab5c-08dc8ed57d6c\/http%253a%252f%252fwww.congressodefelicidade.com.br%252f\/84a13bf5-1001-4b37-93cf-9aa5931b4a9b\/vimagazine@vimagazine.com.br\/True\" rel=\"noreferrer noopener\" target=\"_blank\"><strong>&nbsp;<\/strong><\/a><a href=\"https:\/\/click.cse360.com.br\/Click\/AddCampaignEmailClick\/0335ee24-6b53-40bc-ab5c-08dc8ed57d6c\/http%253a%252f%252fwww.congressodefelicidade.com.br%252f\/84a13bf5-1001-4b37-93cf-9aa5931b4a9b\/vimagazine@vimagazine.com.br\/True\" rel=\"noreferrer noopener\" target=\"_blank\">www.<\/a><a href=\"https:\/\/click.cse360.com.br\/Click\/AddCampaignEmailClick\/0335ee24-6b53-40bc-ab5c-08dc8ed57d6c\/http%253a%252f%252fwww.congressodefelicidade.com.br%252f\/84a13bf5-1001-4b37-93cf-9aa5931b4a9b\/vimagazine@vimagazine.com.br\/True\" rel=\"noreferrer noopener\" target=\"_blank\">congresso<\/a><a href=\"https:\/\/click.cse360.com.br\/Click\/AddCampaignEmailClick\/0335ee24-6b53-40bc-ab5c-08dc8ed57d6c\/http%253a%252f%252fwww.congressodefelicidade.com.br%252f\/84a13bf5-1001-4b37-93cf-9aa5931b4a9b\/vimagazine@vimagazine.com.br\/True\" rel=\"noreferrer noopener\" target=\"_blank\">defelicidade.com.br<\/a><\/p>\n\n\n\n<p><strong>Classifica\u00e7\u00e3o<\/strong>: Livre<\/p>\n\n\n\n<p><strong>Instagram:<\/strong>&nbsp;@congressodefelicidade<\/p>\n\n\n\n<p><strong>Informa\u00e7\u00f5es:<\/strong>&nbsp;atendimento@congressodefelicidade.com.br<\/p>\n\n\n\n<p><\/p>\n\n\n\n<p><\/p>\n\n\n\n<p><\/p>\n","protected":false},"excerpt":{"rendered":"<p>Maior evento do segmento na Am\u00e9rica Latina destaca o bem-estar, a qualidade de vida e&#8230;<\/p>\n","protected":false},"author":1,"featured_media":14584,"comment_status":"closed","ping_status":"open","sticky":false,"template":"","format":"standard","meta":{"om_disable_all_campaigns":false,"_monsterinsights_skip_tracking":false,"_monsterinsights_sitenote_active":false,"_monsterinsights_sitenote_note":"","_monsterinsights_sitenote_category":0,"spay_email":""},"categories":[1],"tags":[],"jetpack_featured_media_url":"https:\/\/vimagazine.com.br\/wp-content\/uploads\/2024\/06\/9dc6dafa-97eb-4d82-a8f4-27751de4ed97-1.jpg","_links":{"self":[{"href":"https:\/\/vimagazine.com.br\/index.php?rest_route=\/wp\/v2\/posts\/14580"}],"collection":[{"href":"https:\/\/vimagazine.com.br\/index.php?rest_route=\/wp\/v2\/posts"}],"about":[{"href":"https:\/\/vimagazine.com.br\/index.php?rest_route=\/wp\/v2\/types\/post"}],"author":[{"embeddable":true,"href":"https:\/\/vimagazine.com.br\/index.php?rest_route=\/wp\/v2\/users\/1"}],"replies":[{"embeddable":true,"href":"https:\/\/vimagazine.com.br\/index.php?rest_route=%2Fwp%2Fv2%2Fcomments&post=14580"}],"version-history":[{"count":1,"href":"https:\/\/vimagazine.com.br\/index.php?rest_route=\/wp\/v2\/posts\/14580\/revisions"}],"predecessor-version":[{"id":14585,"href":"https:\/\/vimagazine.com.br\/index.php?rest_route=\/wp\/v2\/posts\/14580\/revisions\/14585"}],"wp:featuredmedia":[{"embeddable":true,"href":"https:\/\/vimagazine.com.br\/index.php?rest_route=\/wp\/v2\/media\/14584"}],"wp:attachment":[{"href":"https:\/\/vimagazine.com.br\/index.php?rest_route=%2Fwp%2Fv2%2Fmedia&parent=14580"}],"wp:term":[{"taxonomy":"category","embeddable":true,"href":"https:\/\/vimagazine.com.br\/index.php?rest_route=%2Fwp%2Fv2%2Fcategories&post=14580"},{"taxonomy":"post_tag","embeddable":true,"href":"https:\/\/vimagazine.com.br\/index.php?rest_route=%2Fwp%2Fv2%2Ftags&post=14580"}],"curies":[{"name":"wp","href":"https:\/\/api.w.org\/{rel}","templated":true}]}}