{"id":14589,"date":"2024-06-28T18:34:59","date_gmt":"2024-06-28T21:34:59","guid":{"rendered":"https:\/\/vimagazine.com.br\/?p=14589"},"modified":"2024-06-28T18:38:41","modified_gmt":"2024-06-28T21:38:41","slug":"14589","status":"publish","type":"post","link":"https:\/\/vimagazine.com.br\/?p=14589","title":{"rendered":"Revis\u00e3o de benef\u00edcios"},"content":{"rendered":"\n<p><\/p>\n\n\n\n<p><\/p>\n\n\n\n<p><\/p>\n\n\n\n<p><strong>Por Jo\u00e3o Valen\u00e7a<\/strong><\/p>\n\n\n\n<p>O Instituto Nacional do Seguro Social (INSS) decidiu realizar at\u00e9 800 mil per\u00edcias presenciais para revisar o Benef\u00edcio por Incapacidade Tempor\u00e1ria (antigo aux\u00edlio-doen\u00e7a) e o Benef\u00edcio de Presta\u00e7\u00e3o Continuada (BPC) at\u00e9 dezembro de 2024. Essa alternativa tem como objetivo atender \u00e0s exig\u00eancias do Tribunal de Contas da Uni\u00e3o (TCU) e reduzir os gastos obrigat\u00f3rios do governo.<\/p>\n\n\n\n<p>Contudo, embora a revis\u00e3o peri\u00f3dica de benef\u00edcios seja uma pr\u00e1tica necess\u00e1ria para evitar fraudes e garantir a distribui\u00e7\u00e3o justa dos recursos p\u00fablicos, a abordagem do governo reside hoje na l\u00f3gica de tratar essa revis\u00e3o como uma mera estrat\u00e9gia de redu\u00e7\u00e3o de gastos.&nbsp;<\/p>\n\n\n\n<p>A experi\u00eancia de muitos segurados que precisam recorrer \u00e0 Justi\u00e7a para obter benef\u00edcios que lhes s\u00e3o de direito exp\u00f5e um sistema que, muitas vezes, falha em atender adequadamente seus benefici\u00e1rios. A press\u00e3o sobre a gest\u00e3o Lula para corte de gastos p\u00fablicos, em meio ao debate sobre a sustentabilidade das despesas com benef\u00edcios previdenci\u00e1rios e assistenciais, tem se intensificado nas \u00faltimas semanas.<\/p>\n\n\n\n<p>O grande ponto \u00e9 que a busca por efici\u00eancia fiscal n\u00e3o deve comprometer a seguran\u00e7a social dos cidad\u00e3os. \u00c9 fundamental que o governo encontre um equil\u00edbrio entre a necessidade de controle fiscal e a prote\u00e7\u00e3o dos mais vulner\u00e1veis, evitando que cortes indiscriminados prejudiquem aqueles que dependem desses benef\u00edcios para sua subsist\u00eancia.&nbsp;<\/p>\n\n\n\n<p>Para isso, o governo precisa equilibrar o controle fiscal com a justi\u00e7a social. Al\u00e9m disso, melhorias cont\u00ednuas no sistema de an\u00e1lise e concess\u00e3o de benef\u00edcios, como o Atestmed, s\u00e3o essenciais para reduzir as filas e tempos de espera.<\/p>\n\n\n\n<p>Em 2023, 1,3 milh\u00e3o de segurados solicitaram benef\u00edcios por meio da an\u00e1lise documental, e no primeiro trimestre de 2024, quase 600 mil requerimentos j\u00e1 haviam sido registrados. Ao menos \u00e9 positivo que, de setembro de 2023 a abril de 2024, houve uma redu\u00e7\u00e3o de 37% no n\u00famero de segurados aguardando per\u00edcia m\u00e9dica.<\/p>\n\n\n\n<figure class=\"wp-block-image size-large is-resized\"><img src=\"https:\/\/vimagazine.com.br\/wp-content\/uploads\/2024\/06\/20231102-131458-1-1024x613.jpg\" alt=\"\" class=\"wp-image-14591\" width=\"620\" height=\"370\" srcset=\"https:\/\/vimagazine.com.br\/wp-content\/uploads\/2024\/06\/20231102-131458-1-1024x613.jpg 1024w, https:\/\/vimagazine.com.br\/wp-content\/uploads\/2024\/06\/20231102-131458-1-300x179.jpg 300w, https:\/\/vimagazine.com.br\/wp-content\/uploads\/2024\/06\/20231102-131458-1-768x459.jpg 768w, https:\/\/vimagazine.com.br\/wp-content\/uploads\/2024\/06\/20231102-131458-1.jpg 1170w\" sizes=\"(max-width: 620px) 100vw, 620px\" \/><\/figure>\n\n\n\n<p><br><strong>Jo\u00e3o Valen\u00e7a \u00e9 advogado e cofundador do escrit\u00f3rio VLV Advogados<\/strong><\/p>\n\n\n\n<p>R<strong>efer\u00eancia nacional na \u00e1rea do Direito Previdenci\u00e1rio<\/strong><\/p>\n","protected":false},"excerpt":{"rendered":"<p>Por Jo\u00e3o Valen\u00e7a O Instituto Nacional do Seguro Social (INSS) decidiu realizar at\u00e9 800 mil&#8230;<\/p>\n","protected":false},"author":1,"featured_media":14595,"comment_status":"closed","ping_status":"open","sticky":false,"template":"","format":"standard","meta":{"om_disable_all_campaigns":false,"_monsterinsights_skip_tracking":false,"_monsterinsights_sitenote_active":false,"_monsterinsights_sitenote_note":"","_monsterinsights_sitenote_category":0,"spay_email":""},"categories":[27,1],"tags":[],"jetpack_featured_media_url":"https:\/\/vimagazine.com.br\/wp-content\/uploads\/2024\/06\/Joao-Valenca3-1-1.jpg","_links":{"self":[{"href":"https:\/\/vimagazine.com.br\/index.php?rest_route=\/wp\/v2\/posts\/14589"}],"collection":[{"href":"https:\/\/vimagazine.com.br\/index.php?rest_route=\/wp\/v2\/posts"}],"about":[{"href":"https:\/\/vimagazine.com.br\/index.php?rest_route=\/wp\/v2\/types\/post"}],"author":[{"embeddable":true,"href":"https:\/\/vimagazine.com.br\/index.php?rest_route=\/wp\/v2\/users\/1"}],"replies":[{"embeddable":true,"href":"https:\/\/vimagazine.com.br\/index.php?rest_route=%2Fwp%2Fv2%2Fcomments&post=14589"}],"version-history":[{"count":2,"href":"https:\/\/vimagazine.com.br\/index.php?rest_route=\/wp\/v2\/posts\/14589\/revisions"}],"predecessor-version":[{"id":14594,"href":"https:\/\/vimagazine.com.br\/index.php?rest_route=\/wp\/v2\/posts\/14589\/revisions\/14594"}],"wp:featuredmedia":[{"embeddable":true,"href":"https:\/\/vimagazine.com.br\/index.php?rest_route=\/wp\/v2\/media\/14595"}],"wp:attachment":[{"href":"https:\/\/vimagazine.com.br\/index.php?rest_route=%2Fwp%2Fv2%2Fmedia&parent=14589"}],"wp:term":[{"taxonomy":"category","embeddable":true,"href":"https:\/\/vimagazine.com.br\/index.php?rest_route=%2Fwp%2Fv2%2Fcategories&post=14589"},{"taxonomy":"post_tag","embeddable":true,"href":"https:\/\/vimagazine.com.br\/index.php?rest_route=%2Fwp%2Fv2%2Ftags&post=14589"}],"curies":[{"name":"wp","href":"https:\/\/api.w.org\/{rel}","templated":true}]}}