{"id":14631,"date":"2024-07-02T16:42:10","date_gmt":"2024-07-02T19:42:10","guid":{"rendered":"https:\/\/vimagazine.com.br\/?p=14631"},"modified":"2024-07-02T20:49:36","modified_gmt":"2024-07-02T23:49:36","slug":"brand-podcast-recebeu-o-musico-brilhantina-para-falar-sobre-o-novo-momento-do-exalta","status":"publish","type":"post","link":"https:\/\/vimagazine.com.br\/?p=14631","title":{"rendered":"Brand Podcast recebeu o m\u00fasico Brilhantina para falar sobre o novo momento do EXALTA"},"content":{"rendered":"\n<p class=\"has-text-align-center\">Na \u00faltima sexta-feira (28\/06), o Brand Podcast recebeu o m\u00fasico Brilhantina, integrante do Grupo EXALTA (anteriormente conhecido como EXALTASAMBA). Durante a entrevista, Brilhantina compartilhou detalhes sobre a retomada do grupo ap\u00f3s a sa\u00edda de integrantes como Pinha, P\u00e9ricles, Chrigor, Thiaguinho e Nego Branco.<\/p>\n\n\n\n<p class=\"has-text-align-center\">O EXALTA, que acumula n\u00fameros impressionantes, vendeu mais de oito milh\u00f5es de c\u00f3pias e lan\u00e7ou quatro DVDs. Al\u00e9m disso, conquistou o pr\u00eamio Grammy Latino de melhor \u00e1lbum de Samba\/Pagode com o \u00e1lbum \u201c25 Anos\u201d.<\/p>\n\n\n\n<p class=\"has-text-align-center\">A nova forma\u00e7\u00e3o do grupo conta com Brilhantina (cavaquinho) e Thell (Tan Tan), que est\u00e3o no grupo desde sua primeira forma\u00e7\u00e3o, al\u00e9m de Douglitz, Izaque Luiz e Jeffinho nos vocais.<\/p>\n\n\n\n<p class=\"has-text-align-center\">Durante a entrevista, o m\u00fasico revelou todo o processo de resili\u00eancia do grupo, incluindo a sele\u00e7\u00e3o dos novos vocalistas, sempre mantendo o padr\u00e3o de qualidade que o EXALTA sempre apresentou no mundo do samba e pagode.<\/p>\n\n\n\n<figure class=\"wp-block-image aligncenter size-large\"><img width=\"1024\" height=\"1024\" src=\"https:\/\/vimagazine.com.br\/wp-content\/uploads\/2024\/07\/divulg-2-1024x1024.jpg\" alt=\"\" class=\"wp-image-14634\" srcset=\"https:\/\/vimagazine.com.br\/wp-content\/uploads\/2024\/07\/divulg-2-1024x1024.jpg 1024w, https:\/\/vimagazine.com.br\/wp-content\/uploads\/2024\/07\/divulg-2-300x300.jpg 300w, https:\/\/vimagazine.com.br\/wp-content\/uploads\/2024\/07\/divulg-2-150x150.jpg 150w, https:\/\/vimagazine.com.br\/wp-content\/uploads\/2024\/07\/divulg-2-768x768.jpg 768w, https:\/\/vimagazine.com.br\/wp-content\/uploads\/2024\/07\/divulg-2.jpg 1080w\" sizes=\"(max-width: 1024px) 100vw, 1024px\" \/><\/figure>\n\n\n\n<p class=\"has-text-align-center\">Com mais de 35 anos de carreira e diversos sucessos, o EXALTA est\u00e1 preparando grandes novidades que certamente valem a pena conferir.<\/p>\n\n\n\n<p class=\"has-text-align-center\">O Brand Podcast, lan\u00e7ado em mar\u00e7o de 2023 e apresentado por Rubens Junior, tem como proposta oferecer edi\u00e7\u00f5es com especialistas e artistas. <\/p>\n\n\n\n<p class=\"has-text-align-center\">Em sua 44\u00aa edi\u00e7\u00e3o, o podcast registrou a presen\u00e7a de nomes importantes do cen\u00e1rio art\u00edstico e empresarial.<\/p>\n\n\n\n<p class=\"has-text-align-center\">&nbsp;Fonte:&nbsp; @FLRComunica\u00e7\u00e3o &#8211; Fernanda Lara Rocca&nbsp;<\/p>\n\n\n\n<p class=\"has-text-align-center\">Link da edi\u00e7\u00e3o:&nbsp;<a href=\"https:\/\/www.youtube.com\/watch?v=VcgEqTWLj5o&amp;t=833s\" target=\"_blank\" rel=\"noreferrer noopener\">https:\/\/www.youtube.com\/watch?v=VcgEqTWLj5o&amp;t=833s<\/a><\/p>\n\n\n\n<p class=\"has-text-align-center\">Fonte: Fernanda Rocca<\/p>\n","protected":false},"excerpt":{"rendered":"<p>Na \u00faltima sexta-feira (28\/06), o Brand Podcast recebeu o m\u00fasico Brilhantina, integrante do Grupo EXALTA&#8230;<\/p>\n","protected":false},"author":3,"featured_media":14642,"comment_status":"closed","ping_status":"open","sticky":false,"template":"","format":"standard","meta":{"om_disable_all_campaigns":false,"_monsterinsights_skip_tracking":false,"_monsterinsights_sitenote_active":false,"_monsterinsights_sitenote_note":"","_monsterinsights_sitenote_category":0,"spay_email":""},"categories":[1],"tags":[],"jetpack_featured_media_url":"https:\/\/vimagazine.com.br\/wp-content\/uploads\/2024\/07\/Captura-de-tela-2024-07-02-204857.jpg","_links":{"self":[{"href":"https:\/\/vimagazine.com.br\/index.php?rest_route=\/wp\/v2\/posts\/14631"}],"collection":[{"href":"https:\/\/vimagazine.com.br\/index.php?rest_route=\/wp\/v2\/posts"}],"about":[{"href":"https:\/\/vimagazine.com.br\/index.php?rest_route=\/wp\/v2\/types\/post"}],"author":[{"embeddable":true,"href":"https:\/\/vimagazine.com.br\/index.php?rest_route=\/wp\/v2\/users\/3"}],"replies":[{"embeddable":true,"href":"https:\/\/vimagazine.com.br\/index.php?rest_route=%2Fwp%2Fv2%2Fcomments&post=14631"}],"version-history":[{"count":3,"href":"https:\/\/vimagazine.com.br\/index.php?rest_route=\/wp\/v2\/posts\/14631\/revisions"}],"predecessor-version":[{"id":14643,"href":"https:\/\/vimagazine.com.br\/index.php?rest_route=\/wp\/v2\/posts\/14631\/revisions\/14643"}],"wp:featuredmedia":[{"embeddable":true,"href":"https:\/\/vimagazine.com.br\/index.php?rest_route=\/wp\/v2\/media\/14642"}],"wp:attachment":[{"href":"https:\/\/vimagazine.com.br\/index.php?rest_route=%2Fwp%2Fv2%2Fmedia&parent=14631"}],"wp:term":[{"taxonomy":"category","embeddable":true,"href":"https:\/\/vimagazine.com.br\/index.php?rest_route=%2Fwp%2Fv2%2Fcategories&post=14631"},{"taxonomy":"post_tag","embeddable":true,"href":"https:\/\/vimagazine.com.br\/index.php?rest_route=%2Fwp%2Fv2%2Ftags&post=14631"}],"curies":[{"name":"wp","href":"https:\/\/api.w.org\/{rel}","templated":true}]}}