{"id":14636,"date":"2024-07-02T20:10:47","date_gmt":"2024-07-02T23:10:47","guid":{"rendered":"https:\/\/vimagazine.com.br\/?p=14636"},"modified":"2024-07-02T20:13:19","modified_gmt":"2024-07-02T23:13:19","slug":"show-business-na-jovem-pan-news-recebe-executivos-da-samsung-e-sem-parar","status":"publish","type":"post","link":"https:\/\/vimagazine.com.br\/?p=14636","title":{"rendered":"&#8220;SHOW BUSINESS&#8221; NA JOVEM PAN NEWS RECEBE EXECUTIVOS DA SAMSUNG E SEM PARAR"},"content":{"rendered":"\n<p><\/p>\n\n\n\n<p class=\"has-medium-font-size\">Mario Laffitte, Vice-Presidente da Samsung, e Carlos Gazaffi, CEO do Sem Parar, participam do programa apresentado por Bruno Meyer<\/p>\n\n\n\n<p><\/p>\n\n\n\n<p>O programa&nbsp;<strong>Show Business<\/strong>, que vai ao ar na&nbsp;<strong>Jovem Pan News<\/strong>&nbsp;nesta quarta-feira, 03 de julho, \u00e0s 22h, recebe Mario Laffitte, Vice-Presidente da Samsung, e Carlos Gazaffi, CEO do Sem Parar.<\/p>\n\n\n\n<p>Em uma conversa com Bruno Meyer, Mario Laffitte aborda os principais desafios enfrentados pela Samsung, uma das maiores empresas de tecnologia do mundo. Ele discute os planos da Samsung para o mercado brasileiro e o cen\u00e1rio global de inova\u00e7\u00f5es tecnol\u00f3gicas.<\/p>\n\n\n\n<p>Carlos Gazaffi, por sua vez, compartilha sua experi\u00eancia \u00e0 frente do Sem Parar, empresa l\u00edder em solu\u00e7\u00f5es de pagamento eletr\u00f4nico no Brasil. Gazaffi fala sobre a trajet\u00f3ria da empresa, suas estrat\u00e9gias de crescimento e como a inova\u00e7\u00e3o est\u00e1 transformando a mobilidade e a experi\u00eancia dos usu\u00e1rios.<\/p>\n\n\n\n<p><strong>&#8220;Show Business&#8221;<\/strong>\u00a0desta quarta-feira,\u00a0<strong>03 de julho<\/strong>, \u00e0s\u00a0<strong>22h<\/strong>, ser\u00e1 exibido pela\u00a0<strong>Jovem Pan News<\/strong>, no\u00a0<strong>YouTube da JP\u00a0<\/strong>e no\u00a0<strong>Panflix<\/strong>.<\/p>\n\n\n\n<p><\/p>\n\n\n\n<figure class=\"wp-block-image size-large\"><img width=\"595\" height=\"1024\" src=\"https:\/\/vimagazine.com.br\/wp-content\/uploads\/2024\/07\/b8e2e73e-ce46-484c-8107-e24a3eea926b-595x1024.jpeg\" alt=\"\" class=\"wp-image-14637\" srcset=\"https:\/\/vimagazine.com.br\/wp-content\/uploads\/2024\/07\/b8e2e73e-ce46-484c-8107-e24a3eea926b-595x1024.jpeg 595w, https:\/\/vimagazine.com.br\/wp-content\/uploads\/2024\/07\/b8e2e73e-ce46-484c-8107-e24a3eea926b-174x300.jpeg 174w, https:\/\/vimagazine.com.br\/wp-content\/uploads\/2024\/07\/b8e2e73e-ce46-484c-8107-e24a3eea926b.jpeg 720w\" sizes=\"(max-width: 595px) 100vw, 595px\" \/><\/figure>\n\n\n\n<p><\/p>\n\n\n\n<p><strong><em>SOBRE A JOVEM PAN<\/em><\/strong><\/p>\n\n\n\n<p>Com mais de 80 anos no setor de comunica\u00e7\u00e3o, o Grupo Jovem Pan est\u00e1 focado na produ\u00e7\u00e3o de conte\u00fado utilizando a tecnologia na distribui\u00e7\u00e3o de informa\u00e7\u00e3o, entretenimento e esportes. O jornalismo Jovem Pan \u00e9 reconhecido por&nbsp;estar presente na cobertura dos principais fatos do Brasil e do mundo. Historicamente, a Jovem Pan sempre defende a Liberdade de Imprensa, a Liberdade de Express\u00e3o e a pluralidade de ideias. Com atua\u00e7\u00e3o multiplataforma, a marca Jovem Pan \u00e9 refer\u00eancia de audi\u00eancia em todo o Brasil atrav\u00e9s da R\u00e1dio Jovem Pan (News e FM) e suas afiliadas, na TV paga, no site Jovem Pan, nos canais Jovem Pan no YouTube e nas redes sociais Jovem Pan.<\/p>\n","protected":false},"excerpt":{"rendered":"<p>Mario Laffitte, Vice-Presidente da Samsung, e Carlos Gazaffi, CEO do Sem Parar, participam do programa&#8230;<\/p>\n","protected":false},"author":1,"featured_media":14640,"comment_status":"closed","ping_status":"open","sticky":false,"template":"","format":"standard","meta":{"om_disable_all_campaigns":false,"_monsterinsights_skip_tracking":false,"_monsterinsights_sitenote_active":false,"_monsterinsights_sitenote_note":"","_monsterinsights_sitenote_category":0,"spay_email":""},"categories":[1],"tags":[],"jetpack_featured_media_url":"https:\/\/vimagazine.com.br\/wp-content\/uploads\/2024\/07\/b8e2e73e-ce46-484c-8107-e24a3eea926b-1.jpeg","_links":{"self":[{"href":"https:\/\/vimagazine.com.br\/index.php?rest_route=\/wp\/v2\/posts\/14636"}],"collection":[{"href":"https:\/\/vimagazine.com.br\/index.php?rest_route=\/wp\/v2\/posts"}],"about":[{"href":"https:\/\/vimagazine.com.br\/index.php?rest_route=\/wp\/v2\/types\/post"}],"author":[{"embeddable":true,"href":"https:\/\/vimagazine.com.br\/index.php?rest_route=\/wp\/v2\/users\/1"}],"replies":[{"embeddable":true,"href":"https:\/\/vimagazine.com.br\/index.php?rest_route=%2Fwp%2Fv2%2Fcomments&post=14636"}],"version-history":[{"count":2,"href":"https:\/\/vimagazine.com.br\/index.php?rest_route=\/wp\/v2\/posts\/14636\/revisions"}],"predecessor-version":[{"id":14641,"href":"https:\/\/vimagazine.com.br\/index.php?rest_route=\/wp\/v2\/posts\/14636\/revisions\/14641"}],"wp:featuredmedia":[{"embeddable":true,"href":"https:\/\/vimagazine.com.br\/index.php?rest_route=\/wp\/v2\/media\/14640"}],"wp:attachment":[{"href":"https:\/\/vimagazine.com.br\/index.php?rest_route=%2Fwp%2Fv2%2Fmedia&parent=14636"}],"wp:term":[{"taxonomy":"category","embeddable":true,"href":"https:\/\/vimagazine.com.br\/index.php?rest_route=%2Fwp%2Fv2%2Fcategories&post=14636"},{"taxonomy":"post_tag","embeddable":true,"href":"https:\/\/vimagazine.com.br\/index.php?rest_route=%2Fwp%2Fv2%2Ftags&post=14636"}],"curies":[{"name":"wp","href":"https:\/\/api.w.org\/{rel}","templated":true}]}}