{"id":14651,"date":"2024-07-03T18:16:41","date_gmt":"2024-07-03T21:16:41","guid":{"rendered":"https:\/\/vimagazine.com.br\/?p=14651"},"modified":"2024-07-03T18:17:56","modified_gmt":"2024-07-03T21:17:56","slug":"artista-visual-marta-berger-explora-universo-feminino-e-transformacoes-da-vida-em-exposicao-que-abre-neste-sabado-em-florianopolis","status":"publish","type":"post","link":"https:\/\/vimagazine.com.br\/?p=14651","title":{"rendered":"Artista visual Marta Berger explora universo feminino e transforma\u00e7\u00f5es da vida em exposi\u00e7\u00e3o que abre neste s\u00e1bado em Florian\u00f3polis"},"content":{"rendered":"\n<p class=\"has-text-align-center\"><em>Mostra \u201cLevo o Meu Tempo\u201d conta com pinturas e desenhos produzidos nos \u00faltimos quatro anos, e ficar\u00e1 exposta no showroom do novo empreendimento da Dimas Constru\u00e7\u00f5es no Centro da Capital.<\/em><\/p>\n\n\n\n<p class=\"has-text-align-center\">Com telas de acr\u00edlico e desenhos aquarelados que remetem a temas tanto coloridos e solares quanto introspectivos e enigm\u00e1ticos, a artista visual Marta Berger exp\u00f5e em Florian\u00f3polis a mostra \u201cLevo o Meu Tempo\u201d. <\/p>\n\n\n\n<p class=\"has-text-align-center\">Ela ficar\u00e1 aberta \u00e0 visita\u00e7\u00e3o do p\u00fablico no showroom do D\/Sense, novo empreendimento da Dimas Constru\u00e7\u00f5es no Centro de Capital, a partir deste s\u00e1bado (6).<\/p>\n\n\n\n<p class=\"has-text-align-center\"> Na data, a artista participar\u00e1 de um talk para falar sobre o trabalho. <\/p>\n\n\n\n<p class=\"has-text-align-center\">O bate-papo est\u00e1 marcado para as 9h30, com convites limitados.\u00a0\u00a0<\/p>\n\n\n\n<p class=\"has-text-align-center\">Em \u201cLevo o Meu Tempo\u201d, Marta Berger explora aspectos do universo feminino e se inspira em transforma\u00e7\u00f5es ocorridas em sua vida durante os \u00faltimos quatro anos, per\u00edodo que engloba a produ\u00e7\u00e3o reunida por ela para a mostra. <\/p>\n\n\n\n<figure class=\"wp-block-image aligncenter size-large\"><img width=\"1024\" height=\"1024\" src=\"https:\/\/vimagazine.com.br\/wp-content\/uploads\/2024\/07\/Marta-Berger-Divulgacao-02-1024x1024.jpg\" alt=\"\" class=\"wp-image-14653\" srcset=\"https:\/\/vimagazine.com.br\/wp-content\/uploads\/2024\/07\/Marta-Berger-Divulgacao-02-1024x1024.jpg 1024w, https:\/\/vimagazine.com.br\/wp-content\/uploads\/2024\/07\/Marta-Berger-Divulgacao-02-300x300.jpg 300w, https:\/\/vimagazine.com.br\/wp-content\/uploads\/2024\/07\/Marta-Berger-Divulgacao-02-150x150.jpg 150w, https:\/\/vimagazine.com.br\/wp-content\/uploads\/2024\/07\/Marta-Berger-Divulgacao-02-768x768.jpg 768w, https:\/\/vimagazine.com.br\/wp-content\/uploads\/2024\/07\/Marta-Berger-Divulgacao-02.jpg 1280w\" sizes=\"(max-width: 1024px) 100vw, 1024px\" \/><\/figure>\n\n\n\n<p class=\"has-text-align-center\">\u201c\u00c9 uma s\u00e9rie de trabalhos que come\u00e7aram a ser produzidos no momento em que ficamos sem muito conv\u00edvio social, ainda durante a pandemia, e que acabaram se transformando numa reflex\u00e3o sobre a vida, sobre a passagem do tempo e sobre quem nos tornamos com essas mudan\u00e7as\u201d, reflete a artista.<\/p>\n\n\n\n<p class=\"has-text-align-center\">Tanto a mostra, que estar\u00e1 exposta at\u00e9 o pr\u00f3ximo dia 12 de julho, quanto o bate-papo de lan\u00e7amento, no s\u00e1bado (6) pela manh\u00e3, s\u00e3o abertos ao p\u00fablico em geral. Para o talk, por\u00e9m, os convites s\u00e3o limitados, e \u00e9 necess\u00e1rio confirmar presen\u00e7a no evento pelo link: <a href=\"https:\/\/bit.ly\/4bwyZft\" target=\"_blank\" rel=\"noreferrer noopener\">https:\/\/bit.ly\/4bwyZft<\/a><\/p>\n\n\n\n<p class=\"has-text-align-center\">A exposi\u00e7\u00e3o integra uma s\u00e9rie de atividades exclusivas promovidas pela Dimas Constru\u00e7\u00f5es no showroom do D\/Sense, que incluem circuito gastron\u00f4mico, workshops e talks sobre temas como bem-estar, luxo e cuidados com a mente e o corpo. Localizado em frente ao Parque da Luz e a poucos metros da Ponte Herc\u00edlio Luz, o residencial utiliza o conceito de \u2018quiet luxury\u2019, ou luxo silencioso, tend\u00eancia que convida ao uso de materiais e pe\u00e7as nobres e de alto padr\u00e3o, privilegiando solu\u00e7\u00f5es sustent\u00e1veis e promovendo equil\u00edbrio e bem-estar.\u00a0<\/p>\n\n\n\n<figure class=\"wp-block-image aligncenter size-large\"><img width=\"828\" height=\"1024\" src=\"https:\/\/vimagazine.com.br\/wp-content\/uploads\/2024\/07\/Marta-Berger-Divulgacao-04-828x1024.jpg\" alt=\"\" class=\"wp-image-14654\" srcset=\"https:\/\/vimagazine.com.br\/wp-content\/uploads\/2024\/07\/Marta-Berger-Divulgacao-04-828x1024.jpg 828w, https:\/\/vimagazine.com.br\/wp-content\/uploads\/2024\/07\/Marta-Berger-Divulgacao-04-242x300.jpg 242w, https:\/\/vimagazine.com.br\/wp-content\/uploads\/2024\/07\/Marta-Berger-Divulgacao-04-768x950.jpg 768w, https:\/\/vimagazine.com.br\/wp-content\/uploads\/2024\/07\/Marta-Berger-Divulgacao-04-1241x1536.jpg 1241w, https:\/\/vimagazine.com.br\/wp-content\/uploads\/2024\/07\/Marta-Berger-Divulgacao-04-1024x1267.jpg 1024w, https:\/\/vimagazine.com.br\/wp-content\/uploads\/2024\/07\/Marta-Berger-Divulgacao-04.jpg 1293w\" sizes=\"(max-width: 828px) 100vw, 828px\" \/><\/figure>\n\n\n\n<p class=\"has-text-align-center\"><strong>Sobre Marta Berger<\/strong><\/p>\n\n\n\n<p class=\"has-text-align-center\">Natural de S\u00e3o Leopoldo (RS), Marta Berger iniciou a carreira art\u00edstica pintando murais em sua cidade de origem. Trabalhou tamb\u00e9m com xilogravura e estamparia, e cursou a Faculdade de Artes na Feevale, em Novo Hamburgo (RS). <\/p>\n\n\n\n<p class=\"has-text-align-center\">J\u00e1 em Florian\u00f3polis, a partir de 1992, passou a usar papel como suporte para esculturas e objetos, e iniciou pesquisa em cer\u00e2mica, criando murais e esculturas com essa t\u00e9cnica. <\/p>\n\n\n\n<p class=\"has-text-align-center\">Atualmente, a artista se dedica a projetos e execu\u00e7\u00e3o de murais, esculturas em cer\u00e2mica, ferro e concreto, desenho, pintura e projetos para vitrais, e mant\u00e9m ateli\u00eas em Curitiba (PR) e Florian\u00f3polis.<\/p>\n\n\n\n<p class=\"has-text-align-center\"><strong>Sobre Dimas Constru\u00e7\u00f5es<\/strong><\/p>\n\n\n\n<p class=\"has-text-align-center\">Parte de um grupo empresarial que surgiu em 1976 no segmento automotivo, a Dimas Constru\u00e7\u00f5es atualmente se destaca como uma das mais inovadoras construtoras em Santa Catarina, com projetos nos segmentos de alto padr\u00e3o e luxo. <\/p>\n\n\n\n<p class=\"has-text-align-center\">A empresa vem investindo no que h\u00e1 de mais moderno no setor para oferecer um novo estilo de vida para as pessoas e melhorar as cidades onde elas vivem.\u00a0<\/p>\n\n\n\n<p class=\"has-text-align-center\">J\u00e1 s\u00e3o 15 mil clientes e mil unidades entregues em obras residenciais e comerciais onde a premissa \u00e9 unir conforto e tecnologia junto \u00e0 melhor arquitetura.&nbsp;<\/p>\n\n\n\n<p class=\"has-text-align-center\">Os empreendimentos t\u00eam localiza\u00e7\u00f5es estrat\u00e9gicas que valorizam o que h\u00e1 de melhor nos bairros e dialogam com o entorno para potencializar a transforma\u00e7\u00e3o dos espa\u00e7os p\u00fablicos, em projetos atemporais em parceria com os mais respeitados escrit\u00f3rios de arquitetura e paisagismo do pa\u00eds. <\/p>\n\n\n\n<p class=\"has-text-align-center\">Al\u00e9m da Dimas Constru\u00e7\u00f5es, o grupo inclui ainda as ainda marcas como a Volvo Dimas, GWM, Ford Dimas, We Charge e Dimas Seguros.<\/p>\n\n\n\n<figure class=\"wp-block-image aligncenter size-large\"><img width=\"872\" height=\"1024\" src=\"https:\/\/vimagazine.com.br\/wp-content\/uploads\/2024\/07\/Marta-Berger-Divulgacao-05-872x1024.jpg\" alt=\"\" class=\"wp-image-14655\" srcset=\"https:\/\/vimagazine.com.br\/wp-content\/uploads\/2024\/07\/Marta-Berger-Divulgacao-05-872x1024.jpg 872w, https:\/\/vimagazine.com.br\/wp-content\/uploads\/2024\/07\/Marta-Berger-Divulgacao-05-255x300.jpg 255w, https:\/\/vimagazine.com.br\/wp-content\/uploads\/2024\/07\/Marta-Berger-Divulgacao-05-768x902.jpg 768w, https:\/\/vimagazine.com.br\/wp-content\/uploads\/2024\/07\/Marta-Berger-Divulgacao-05-1308x1536.jpg 1308w, https:\/\/vimagazine.com.br\/wp-content\/uploads\/2024\/07\/Marta-Berger-Divulgacao-05-1024x1203.jpg 1024w, https:\/\/vimagazine.com.br\/wp-content\/uploads\/2024\/07\/Marta-Berger-Divulgacao-05.jpg 1362w\" sizes=\"(max-width: 872px) 100vw, 872px\" \/><\/figure>\n\n\n\n<p class=\"has-text-align-center\"><strong>SERVI\u00c7O<\/strong><\/p>\n\n\n\n<p class=\"has-text-align-center\">Exposi\u00e7\u00e3o \u201cLevo o Meu Tempo\u201d, da artista Marta Berger<\/p>\n\n\n\n<p class=\"has-text-align-center\">Abertura: 6 de julho (s\u00e1bado), com talk \u00e0s 9h30<\/p>\n\n\n\n<p class=\"has-text-align-center\">Convites limitados em <a href=\"https:\/\/bit.ly\/4bwyZft\" target=\"_blank\" rel=\"noreferrer noopener\">https:\/\/bit.ly\/4bwyZft<\/a><\/p>\n\n\n\n<p class=\"has-text-align-center\">Visita\u00e7\u00e3o: de 6 a 12 de julho<\/p>\n\n\n\n<p class=\"has-text-align-center\">Local: Showroom do D\/Sense Home Design, da Dimas Constru\u00e7\u00f5es<\/p>\n\n\n\n<p class=\"has-text-align-center\">Rua Felipe Schmidt, 1162 &#8211; Centro de Florian\u00f3polis<\/p>\n\n\n\n<p class=\"has-text-align-center\"><a href=\"https:\/\/drive.google.com\/drive\/folders\/1SdyC2uZj5ybQkyuy_nU-5tl200-rUhtk\" target=\"_blank\" rel=\"noreferrer noopener\"><strong>FOTOS DIVULGA\u00c7\u00c3O EXPOSI\u00c7\u00c3O MARTA BERGER<\/strong><\/a><\/p>\n\n\n\n<p class=\"has-text-align-center\">**<\/p>\n\n\n\n<p class=\"has-text-align-center\">Atenciosamente,<br>&#8212;<\/p>\n\n\n\n<p class=\"has-text-align-center\"><strong>Guilherme Simon | Atendimento<\/strong><\/p>\n\n\n\n<figure class=\"wp-block-image aligncenter size-large\"><img width=\"768\" height=\"1024\" src=\"https:\/\/vimagazine.com.br\/wp-content\/uploads\/2024\/07\/Marta-Berger-Divulgacao-06-768x1024.jpg\" alt=\"\" class=\"wp-image-14656\" srcset=\"https:\/\/vimagazine.com.br\/wp-content\/uploads\/2024\/07\/Marta-Berger-Divulgacao-06-768x1024.jpg 768w, https:\/\/vimagazine.com.br\/wp-content\/uploads\/2024\/07\/Marta-Berger-Divulgacao-06-225x300.jpg 225w, https:\/\/vimagazine.com.br\/wp-content\/uploads\/2024\/07\/Marta-Berger-Divulgacao-06-1152x1536.jpg 1152w, https:\/\/vimagazine.com.br\/wp-content\/uploads\/2024\/07\/Marta-Berger-Divulgacao-06-1024x1365.jpg 1024w, https:\/\/vimagazine.com.br\/wp-content\/uploads\/2024\/07\/Marta-Berger-Divulgacao-06.jpg 1200w\" sizes=\"(max-width: 768px) 100vw, 768px\" \/><\/figure>\n","protected":false},"excerpt":{"rendered":"<p>Mostra \u201cLevo o Meu Tempo\u201d conta com pinturas e desenhos produzidos nos \u00faltimos quatro anos,&#8230;<\/p>\n","protected":false},"author":3,"featured_media":14652,"comment_status":"closed","ping_status":"open","sticky":false,"template":"","format":"standard","meta":{"om_disable_all_campaigns":false,"_monsterinsights_skip_tracking":false,"_monsterinsights_sitenote_active":false,"_monsterinsights_sitenote_note":"","_monsterinsights_sitenote_category":0,"spay_email":""},"categories":[1],"tags":[],"jetpack_featured_media_url":"https:\/\/vimagazine.com.br\/wp-content\/uploads\/2024\/07\/Marta-Berger-Divulgacao-e1720041166440.jpg","_links":{"self":[{"href":"https:\/\/vimagazine.com.br\/index.php?rest_route=\/wp\/v2\/posts\/14651"}],"collection":[{"href":"https:\/\/vimagazine.com.br\/index.php?rest_route=\/wp\/v2\/posts"}],"about":[{"href":"https:\/\/vimagazine.com.br\/index.php?rest_route=\/wp\/v2\/types\/post"}],"author":[{"embeddable":true,"href":"https:\/\/vimagazine.com.br\/index.php?rest_route=\/wp\/v2\/users\/3"}],"replies":[{"embeddable":true,"href":"https:\/\/vimagazine.com.br\/index.php?rest_route=%2Fwp%2Fv2%2Fcomments&post=14651"}],"version-history":[{"count":1,"href":"https:\/\/vimagazine.com.br\/index.php?rest_route=\/wp\/v2\/posts\/14651\/revisions"}],"predecessor-version":[{"id":14657,"href":"https:\/\/vimagazine.com.br\/index.php?rest_route=\/wp\/v2\/posts\/14651\/revisions\/14657"}],"wp:featuredmedia":[{"embeddable":true,"href":"https:\/\/vimagazine.com.br\/index.php?rest_route=\/wp\/v2\/media\/14652"}],"wp:attachment":[{"href":"https:\/\/vimagazine.com.br\/index.php?rest_route=%2Fwp%2Fv2%2Fmedia&parent=14651"}],"wp:term":[{"taxonomy":"category","embeddable":true,"href":"https:\/\/vimagazine.com.br\/index.php?rest_route=%2Fwp%2Fv2%2Fcategories&post=14651"},{"taxonomy":"post_tag","embeddable":true,"href":"https:\/\/vimagazine.com.br\/index.php?rest_route=%2Fwp%2Fv2%2Ftags&post=14651"}],"curies":[{"name":"wp","href":"https:\/\/api.w.org\/{rel}","templated":true}]}}