{"id":14658,"date":"2024-07-03T21:24:34","date_gmt":"2024-07-04T00:24:34","guid":{"rendered":"https:\/\/vimagazine.com.br\/?p=14658"},"modified":"2024-07-07T16:34:33","modified_gmt":"2024-07-07T19:34:33","slug":"ex-bbb-amanda-gontijo-faz-correcao-de-estetica-das-orelhas-pelas-maos-do-noivo-o-cirurgiao-plastico-danilo-monteiro","status":"publish","type":"post","link":"https:\/\/vimagazine.com.br\/?p=14658","title":{"rendered":"Ex-BBB Amanda Gontijo faz corre\u00e7\u00e3o de est\u00e9tica das orelhas pelas m\u00e3os do noivo, o cirurgi\u00e3o pl\u00e1stico Danilo Monteiro"},"content":{"rendered":"\n<figure class=\"wp-block-image aligncenter size-full is-resized\"><img src=\"https:\/\/vimagazine.com.br\/wp-content\/uploads\/2024\/07\/Amanda-Gontijo-01.jpg\" alt=\"\" class=\"wp-image-14659\" width=\"679\" height=\"451\" srcset=\"https:\/\/vimagazine.com.br\/wp-content\/uploads\/2024\/07\/Amanda-Gontijo-01.jpg 1000w, https:\/\/vimagazine.com.br\/wp-content\/uploads\/2024\/07\/Amanda-Gontijo-01-300x200.jpg 300w, https:\/\/vimagazine.com.br\/wp-content\/uploads\/2024\/07\/Amanda-Gontijo-01-768x511.jpg 768w\" sizes=\"(max-width: 679px) 100vw, 679px\" \/><\/figure>\n\n\n\n<figure class=\"wp-block-image aligncenter size-large is-resized\"><img src=\"https:\/\/vimagazine.com.br\/wp-content\/uploads\/2024\/07\/Cirurgiao-Plastico-Danilo-Monteiro-02-768x1024.jpg\" alt=\"\" class=\"wp-image-14660\" width=\"557\" height=\"742\" srcset=\"https:\/\/vimagazine.com.br\/wp-content\/uploads\/2024\/07\/Cirurgiao-Plastico-Danilo-Monteiro-02-768x1024.jpg 768w, https:\/\/vimagazine.com.br\/wp-content\/uploads\/2024\/07\/Cirurgiao-Plastico-Danilo-Monteiro-02-225x300.jpg 225w, https:\/\/vimagazine.com.br\/wp-content\/uploads\/2024\/07\/Cirurgiao-Plastico-Danilo-Monteiro-02-1152x1536.jpg 1152w, https:\/\/vimagazine.com.br\/wp-content\/uploads\/2024\/07\/Cirurgiao-Plastico-Danilo-Monteiro-02-1024x1365.jpg 1024w, https:\/\/vimagazine.com.br\/wp-content\/uploads\/2024\/07\/Cirurgiao-Plastico-Danilo-Monteiro-02.jpg 1200w\" sizes=\"(max-width: 557px) 100vw, 557px\" \/><\/figure>\n\n\n\n<p>A ex-BBB&nbsp;<strong>Amanda Gontijo<\/strong>, realizou um sonho antigo e se submeteu a um procedimento de corre\u00e7\u00e3o de est\u00e9tica das orelhas. O procedimento aconteceu em sua cl\u00ednica, o Instituto Ress, no qual ela \u00e9 s\u00f3cia e o m\u00e9dico respons\u00e1vel pela opera\u00e7\u00e3o foi simplesmente o noivo da influencer, o cirurgi\u00e3o pl\u00e1stico&nbsp;<strong>Danilo Monteiro<\/strong>.<\/p>\n\n\n\n<p>A criadora de conte\u00fado digital admitiu que tinha inseguran\u00e7as com essa caracter\u00edstica. \u201cSempre tive problemas em prender o cabelo e deixar as orelhas \u00e0 mostra. Na maioria das vezes, eu colava as pontas das orelhas com cola. Sempre sofri com isso, que me incomodava muito\u201d, lamentou.<\/p>\n\n\n\n<p>O procedimento \u00e9 simples, no entanto, devido aos muitos compromissos profissionais, Amanda n\u00e3o conseguia tempo para realizar a mudan\u00e7a. \u201cN\u00e3o consegui parar a agenda de fotos, eventos e trabalhos aqui. A indica\u00e7\u00e3o \u00e9 ficar com a faixa nas orelhas por um m\u00eas. Ent\u00e3o, sempre jogava para frente\u201d, explicou<\/p>\n\n\n\n<p>Amanda e Danilo est\u00e3o juntos h\u00e1 cinco anos, mas esta foi a primeira cirurgia que a influencer realizou pelas m\u00e3os do amado. Gontijo aproveitou o tempo que conseguiu reservar para visitar a cl\u00ednica de est\u00e9tica e renovou o preenchimento que tem no bumbum.<\/p>\n\n\n\n<p>\u201cFoi a nossa primeira cirurgia em cinco anos de relacionamento. Antes disso, fizemos muitos procedimentos, como preenchimentos, de \u00e1cido hialur\u00f4nico e bioestimuladores, sempre com excelentes resultados. N\u00e3o tenho d\u00favidas que a otoplastia vai ficar incr\u00edvel tamb\u00e9m. Acredito muito na compet\u00eancia dele como cirurgi\u00e3o pl\u00e1stico\u201d, declarou.<\/p>\n\n\n\n<p>Amanda falou mais sobre o fato do detalhe na apar\u00eancia mexer com sua autoestima: \u201cNo tempo de miss, em que fazia muitas fotos de beleza, com cabelo preso, sempre colavam minhas orelhas\u201d.<\/p>\n\n\n\n<p>\u201cAo longo dos anos, mesmo eu n\u00e3o tendo uma orelha \u2018de abano\u2019, isso me incomodava muito e incomoda at\u00e9 hoje, tanto que dificilmente uso o cabelo preso. Se est\u00e1 preso, tem pelo menos uma mecha de cabelo sobre as orelhas\u201d, contou.<\/p>\n\n\n\n<p>Entretanto, a caracter\u00edstica n\u00e3o era algo notado por outras pessoas. \u201cQuando reclamo das minhas orelhas para outras pessoas ou at\u00e9 mesmo para o Danilo, dizem: \u2018Voc\u00ea \u00e9 louca! N\u00e3o tem nada disso!\u2019. Mas como modelo, sempre fui cobrada pela perfei\u00e7\u00e3o , que sei que n\u00e3o existe, mas o que eu puder fazer para chegar o mais pr\u00f3ximo disso, vou fazer\u201d, garantiu.<\/p>\n\n\n\n<p>Por isso, Amanda Gontijo pretende passar por outros procedimentos: \u201cMinha vontade inicial era fazer as orelhas com outra cirurgia, para aproveitar que j\u00e1 estaria operando. Mas mudei de ideia\u201d.<\/p>\n\n\n\n<p>\u201cEstou me programando para fazer uma boa lipo HD, remodelamento costal e de mamas. Temos planos de engravidar, e ap\u00f3s a gesta\u00e7\u00e3o, vou precisar fazer esses procedimentos\u201d, concluiu.<\/p>\n\n\n\n<p>1. Por que demorou para fazer essa cirurgia nas orelhas, que \u00e9 t\u00e3o simples?<br><br>A cirurgia \u00e9 r\u00e1pida, por\u00e9m devido a correria da vida, n\u00e3o consegui parar a agenda de fotos, eventos e trabalhos aqui na Ress, ent\u00e3o sempre jogava pra frente. Pois a indica\u00e7\u00e3o \u00e9 ficar com a faixa nas orelhas por um m\u00eas!<\/p>\n\n\n\n<p>2. Voc\u00ea j\u00e1 sofreu bullying por causa disso? Isso afetava sua autoestima?<\/p>\n\n\n\n<p>De certo modo sim, pois no tempo de miss, onde fazia muitas fotos de beleza, com cabelo preso, sempre colavam minhas orelhas com superbonder, e ao longo dos anos , mesmo eu n\u00e3o tendo uma orelha de abano, comecei a me incomodar, afinal n\u00e3o enxergamos defeito at\u00e9 falarem que voc\u00ea tem um (risos) tanto que dificilmente uso o cabelo preso, se est\u00e1 preso tem pelo menos uma mecha de cabelo sobre as orelhas!<\/p>\n\n\n\n<p>Quando reclamo das minhas orelhas para outras pessoas, ou at\u00e9 mesmo para Danilo, dizer: voc\u00ea \u00e9 louca, n\u00e3o tem nada disso, sua orelha n\u00e3o \u00e9 nem grande, muito menos de abano. Mas como modelo, sempre fui muito cobrada pela perfei\u00e7\u00e3o, perfei\u00e7\u00e3o essa que n\u00e3o existe. Mas o que eu puder fazer para chegar o mais pr\u00f3ximo disso, vou fazer.<\/p>\n\n\n\n<p>Minha vontade inicial era fazer as orelhas, junto com outra cirurgia, para aproveitar que j\u00e1 estaria operando e fazer tudo junto!<br>Estou me programando pra fazer uma boa Lipo HD, remodelamento costal e diminuir as mamas, ap\u00f3s ter filho. Temos planos de engravidar, e ap\u00f3s a gesta\u00e7\u00e3o, vou precisar fazer.<\/p>\n\n\n\n<p>3. Como \u00e9 fazer a cirurgia pelas m\u00e3os do noivo?<\/p>\n\n\n\n<p>\u00c9 sempre bom, n\u00e3o apenas pelo fato de ser meu marido e s\u00f3cio, mas tamb\u00e9m por acreditar muito na compet\u00eancia dele como cirurgi\u00e3o pl\u00e1stico.&nbsp;Vai ser a nossa primeira cirurgia, em 5 anos de relacionamentos, J\u00e1 fizemos muitos procedimentos, como preenchedores de \u00e1cido hialur\u00f4nico e Bioestimuladores. Sempre com excelentes resultados, e n\u00e3o tenho d\u00favidas que a otoplastia vai ficar incr\u00edvel tamb\u00e9m.<\/p>\n\n\n\n<p>4. Quanto voc\u00ea economiza nisso tudo ao ter um noivo que vai fazer todos esses procedimentos?<\/p>\n\n\n\n<p>Com toda certeza, bastante!&nbsp;(Risos) Hoje em dia no mercado da beleza, os procedimentos podem chegar a valores surreais dependendo de tecnologias ou t\u00e9cnicas usadas. Ent\u00e3o acabo economizando bastante. E ficando cada vez mais linda com o portf\u00f3lio perfeito.<\/p>\n\n\n\n<p>5. Ele te incentiva mais a fazer cirurgias ou pelo contr\u00e1rio?<\/p>\n\n\n\n<p>Danilo tem indica\u00e7\u00f5es muito precisas, afinal ele preza sempre pela naturalidade sem exageros.&nbsp;Ent\u00e3o ele me diz mais para n\u00e3o fazer do que incentivar! Mas como mulher e vaidosa que sou, sempre fico instigando ele, afinal n\u00f3s mulheres nunca estamos cem por cento satisfeitas.<\/p>\n\n\n\n<p><strong>Cr\u00e9dito das Fotos: Divulga\u00e7\u00e3o<\/strong><\/p>\n","protected":false},"excerpt":{"rendered":"<p>A ex-BBB&nbsp;Amanda Gontijo, realizou um sonho antigo e se submeteu a um procedimento de corre\u00e7\u00e3o&#8230;<\/p>\n","protected":false},"author":19,"featured_media":14672,"comment_status":"closed","ping_status":"open","sticky":false,"template":"","format":"standard","meta":{"om_disable_all_campaigns":false,"_monsterinsights_skip_tracking":false,"_monsterinsights_sitenote_active":false,"_monsterinsights_sitenote_note":"","_monsterinsights_sitenote_category":0,"spay_email":""},"categories":[26],"tags":[],"jetpack_featured_media_url":"https:\/\/vimagazine.com.br\/wp-content\/uploads\/2024\/07\/Captura-de-tela-2024-07-07-163309.jpg","_links":{"self":[{"href":"https:\/\/vimagazine.com.br\/index.php?rest_route=\/wp\/v2\/posts\/14658"}],"collection":[{"href":"https:\/\/vimagazine.com.br\/index.php?rest_route=\/wp\/v2\/posts"}],"about":[{"href":"https:\/\/vimagazine.com.br\/index.php?rest_route=\/wp\/v2\/types\/post"}],"author":[{"embeddable":true,"href":"https:\/\/vimagazine.com.br\/index.php?rest_route=\/wp\/v2\/users\/19"}],"replies":[{"embeddable":true,"href":"https:\/\/vimagazine.com.br\/index.php?rest_route=%2Fwp%2Fv2%2Fcomments&post=14658"}],"version-history":[{"count":2,"href":"https:\/\/vimagazine.com.br\/index.php?rest_route=\/wp\/v2\/posts\/14658\/revisions"}],"predecessor-version":[{"id":14673,"href":"https:\/\/vimagazine.com.br\/index.php?rest_route=\/wp\/v2\/posts\/14658\/revisions\/14673"}],"wp:featuredmedia":[{"embeddable":true,"href":"https:\/\/vimagazine.com.br\/index.php?rest_route=\/wp\/v2\/media\/14672"}],"wp:attachment":[{"href":"https:\/\/vimagazine.com.br\/index.php?rest_route=%2Fwp%2Fv2%2Fmedia&parent=14658"}],"wp:term":[{"taxonomy":"category","embeddable":true,"href":"https:\/\/vimagazine.com.br\/index.php?rest_route=%2Fwp%2Fv2%2Fcategories&post=14658"},{"taxonomy":"post_tag","embeddable":true,"href":"https:\/\/vimagazine.com.br\/index.php?rest_route=%2Fwp%2Fv2%2Ftags&post=14658"}],"curies":[{"name":"wp","href":"https:\/\/api.w.org\/{rel}","templated":true}]}}