{"id":14663,"date":"2024-07-05T03:23:24","date_gmt":"2024-07-05T06:23:24","guid":{"rendered":"https:\/\/vimagazine.com.br\/?p=14663"},"modified":"2024-07-05T03:23:26","modified_gmt":"2024-07-05T06:23:26","slug":"jaguarari-e-campo-formoso-sediam-ii-eco-festival-do-cafe-de-serra-dos-morgados","status":"publish","type":"post","link":"https:\/\/vimagazine.com.br\/?p=14663","title":{"rendered":"Jaguarari e Campo Formoso sediam II Eco Festival do Caf\u00e9 de Serra dos Morgados"},"content":{"rendered":"\n<p>Acontecer\u00e1, entre os dias 12 e 15 de julho de 2024, nos munic\u00edpios de Jaguarari e Campo Formoso, na Bahia, o II Ecofestival de Caf\u00e9 da Serra dos Morgados. Com o tema \u201cUma x\u00edcara de caf\u00e9 gera amizades\u201d, convida amantes da bebida mais querida entre brasileiros, para conhecer a beleza e o potencial produtivo desses espa\u00e7os no norte baiano e impulsionar o turismo ecocultural de base sustent\u00e1vel e comunit\u00e1ria. Al\u00e9m disso, o evento privilegiar\u00e1 uma \u00e9poca muita apreciada nessas serras do Sert\u00e3o da Bahia: o inverno.<\/p>\n\n\n\n<p>Em parceria com comunidades locais e tendo como inspira\u00e7\u00e3o a cadeia produtiva do caf\u00e9 org\u00e2nico da Serra, ser\u00e3o lan\u00e7ados caf\u00e9s especiais produzidos nesta regi\u00e3o. &#8220;Entre os destaques do evento, est\u00e1 o caf\u00e9 artesanal produzido pela comunidade h\u00e1 quase um s\u00e9culo e o lan\u00e7amento dos caf\u00e9s especiais da Serra, que t\u00eam se destacado por apresentar um terroir espec\u00edfico dessa regi\u00e3o serrana&#8221;, explica Juracy Marques, organizador do evento.<\/p>\n\n\n\n<p>Durante o II Ecofestival do Caf\u00e9, ser\u00e3o realizadas feira agroecol\u00f3gica, art\u00edstica e da economia solid\u00e1ria; mesas tem\u00e1ticas abordando ecossustentabilidade e as perspectivas para o futuro do caf\u00e9 das serras; mercado e comercializa\u00e7\u00e3o do caf\u00e9; assim como oficinas diversas, envolvendo caf\u00e9s filtrados, caf\u00e9s especiais, montagem de cafeteria, marcas coletivas e indicadores biogeogr\u00e1ficos, empreendedorismo feminino, caf\u00e9s liter\u00e1rios, shows musicais e lan\u00e7amentos de livros e document\u00e1rio.<\/p>\n\n\n\n<p>Ainda segundo Marques, a grande marca do Ecofestival \u00e9 a defesa da natureza. &#8220;O prop\u00f3sito da reativa\u00e7\u00e3o da cadeia produtiva do caf\u00e9, nessa regi\u00e3o, nasceu de uma forte luta ecol\u00f3gica para a preserva\u00e7\u00e3o dos ecossistemas serranos do Sert\u00e3o, sobretudo suas nascentes, rios e cachoeiras, protagonizada pelo Movimento Salve as Serras. Por essa raz\u00e3o, o Ecofestival do Caf\u00e9 tem atra\u00eddo um p\u00fablico engajado no cuidado com a natureza que cobra: dentro de uma x\u00edcara de caf\u00e9 tamb\u00e9m devem estar os esp\u00edritos das \u00e1rvores, dos p\u00e1ssaros, das \u00e1guas&#8221;, finaliza.<\/p>\n\n\n\n<p>OUTRAS INFORMA\u00c7\u00d5ES SOBRE O EVENTO<\/p>\n\n\n\n<p>Vista seu amor pelo caf\u00e9 e compre a camisa\/t-shirts do II Ecofestival do Caf\u00e9 da Serra dos Morgados e colabore com a organiza\u00e7\u00e3o do evento.<\/p>\n\n\n\n<p>Vendas no evento e no Restaurante Flor de Mandacaru. R. das Ameixas, 155 &#8211; COHAB S\u00e3o Francisco, Petrolina \u2013 PE. +55 87 99930 3141.<\/p>\n\n\n\n<p>Instagram:&nbsp; <a href=\"https:\/\/www.instagram.com\/restauranteflordemandacaru\/\" target=\"_blank\" rel=\"noreferrer noopener\">@restauranteflordemandacaru<\/a><\/p>\n\n\n\n<p><a href=\"https:\/\/www.instagram.com\/melojucilene\/\" target=\"_blank\" rel=\"noreferrer noopener\">@melojucilene<\/a><\/p>\n\n\n\n<p>R$ 80,00 (unidade)<\/p>\n\n\n\n<p>ONDE FICA<\/p>\n\n\n\n<p>O munic\u00edpio de Jaguarari tem uma \u00e1rea territorial de 2.466,009 km\u00b2 e uma popula\u00e7\u00e3o, segundo o censo de 2022, de 32.703 habitantes. Sua sede municipal est\u00e1 a uma altitude de 661 m. A regi\u00e3o das suas serras, onde acontecer\u00e1 o evento, tem altitude de mil metros, o que torna favor\u00e1vel a produ\u00e7\u00e3o de caf\u00e9.<\/p>\n\n\n\n<p>COMO CHEGAR<\/p>\n\n\n\n<p>Translado a\u00e9reo at\u00e9 Petrolina \/ Petrolina a Jaguarari 1h35 min (105,1 km) via BR-407.<\/p>\n\n\n\n<p>ONDE SE HOSPEDAR<\/p>\n\n\n\n<p>Al\u00e9m de pousadas na cidade (Quinta de Casa), os interessados poder\u00e3o fazer hospedagens nas casas dos moradores locais. Para tanto, podem entrar em contato com Maria Rosa, uma das organizadoras do evento, pelo telefone: +55 74 98846-8412)<\/p>\n","protected":false},"excerpt":{"rendered":"<p>Acontecer\u00e1, entre os dias 12 e 15 de julho de 2024, nos munic\u00edpios de Jaguarari&#8230;<\/p>\n","protected":false},"author":2,"featured_media":14664,"comment_status":"closed","ping_status":"open","sticky":false,"template":"","format":"standard","meta":{"om_disable_all_campaigns":false,"_monsterinsights_skip_tracking":false,"_monsterinsights_sitenote_active":false,"_monsterinsights_sitenote_note":"","_monsterinsights_sitenote_category":0,"spay_email":""},"categories":[26,75],"tags":[279,879],"jetpack_featured_media_url":"https:\/\/vimagazine.com.br\/wp-content\/uploads\/2024\/07\/Foto2191024x667.jpg","_links":{"self":[{"href":"https:\/\/vimagazine.com.br\/index.php?rest_route=\/wp\/v2\/posts\/14663"}],"collection":[{"href":"https:\/\/vimagazine.com.br\/index.php?rest_route=\/wp\/v2\/posts"}],"about":[{"href":"https:\/\/vimagazine.com.br\/index.php?rest_route=\/wp\/v2\/types\/post"}],"author":[{"embeddable":true,"href":"https:\/\/vimagazine.com.br\/index.php?rest_route=\/wp\/v2\/users\/2"}],"replies":[{"embeddable":true,"href":"https:\/\/vimagazine.com.br\/index.php?rest_route=%2Fwp%2Fv2%2Fcomments&post=14663"}],"version-history":[{"count":1,"href":"https:\/\/vimagazine.com.br\/index.php?rest_route=\/wp\/v2\/posts\/14663\/revisions"}],"predecessor-version":[{"id":14665,"href":"https:\/\/vimagazine.com.br\/index.php?rest_route=\/wp\/v2\/posts\/14663\/revisions\/14665"}],"wp:featuredmedia":[{"embeddable":true,"href":"https:\/\/vimagazine.com.br\/index.php?rest_route=\/wp\/v2\/media\/14664"}],"wp:attachment":[{"href":"https:\/\/vimagazine.com.br\/index.php?rest_route=%2Fwp%2Fv2%2Fmedia&parent=14663"}],"wp:term":[{"taxonomy":"category","embeddable":true,"href":"https:\/\/vimagazine.com.br\/index.php?rest_route=%2Fwp%2Fv2%2Fcategories&post=14663"},{"taxonomy":"post_tag","embeddable":true,"href":"https:\/\/vimagazine.com.br\/index.php?rest_route=%2Fwp%2Fv2%2Ftags&post=14663"}],"curies":[{"name":"wp","href":"https:\/\/api.w.org\/{rel}","templated":true}]}}