{"id":14680,"date":"2024-07-08T17:43:31","date_gmt":"2024-07-08T20:43:31","guid":{"rendered":"https:\/\/vimagazine.com.br\/?p=14680"},"modified":"2024-07-08T17:43:34","modified_gmt":"2024-07-08T20:43:34","slug":"alergias-prevencao-e-diversos-tipos-de-tratamentos-ajudam-a-aliviar-os-sintomas","status":"publish","type":"post","link":"https:\/\/vimagazine.com.br\/?p=14680","title":{"rendered":"Alergias: preven\u00e7\u00e3o e diversos tipos de tratamentos ajudam a aliviar os sintomas"},"content":{"rendered":"\n<p class=\"has-text-align-center\">O Dia Mundial da Alergia, 8 de julho, foi criado pela Organiza\u00e7\u00e3o Mundial da Sa\u00fade para chamar a aten\u00e7\u00e3o sobre os diversos tipos de alergia e tamb\u00e9m as formas de preven\u00e7\u00e3o e tratamentos. <\/p>\n\n\n\n<p class=\"has-text-align-center\">O m\u00e9dico Marcus Teodoro, pneumologista do corpo cl\u00ednico do Hospital Dona Helena, de Joinville (SC), explica melhor o que s\u00e3o e como trat\u00e1-las.<\/p>\n\n\n\n<p class=\"has-text-align-center\"><strong>O QUE \u00c9 ALERGIA<\/strong><br>As alergias s\u00e3o rea\u00e7\u00f5es desproporcionais do sistema imune a agentes desencadeantes espec\u00edficos, sejam qu\u00edmicos ou f\u00edsicos.<\/p>\n\n\n\n<p class=\"has-text-align-center\"> Elas podem se manifestar de maneiras distintas em diferentes sistemas org\u00e2nicos e no curso da vida, na maior parte das vezes desencadeadas pela associa\u00e7\u00e3o de fatores gen\u00e9ticos e ambientais.<\/p>\n\n\n\n<p class=\"has-text-align-center\"><strong>FATORES QUE PODEM DESENCADEAR<\/strong><\/p>\n\n\n\n<p class=\"has-text-align-center\"><br>Predisposi\u00e7\u00e3o gen\u00e9tica com car\u00e1ter heredit\u00e1rio, ap\u00f3s fatores desencadeantes como infec\u00e7\u00f5es virais, exposi\u00e7\u00e3o repetitiva a irritantes qu\u00edmicos e a ant\u00edgenos org\u00e2nicos por via alimentar, por contato com a pele ou inala\u00e7\u00e3o, pode gerar um processo de resposta exagerada do sistema imunol\u00f3gico que provocam respostas desproporcionais de inflama\u00e7\u00e3o, geralmente caracterizadas por incha\u00e7o, vermelhid\u00e3o e coceira da pele e mucosas, podendo gerar, no pior dos casos, incha\u00e7o da garganta e at\u00e9 morte por asfixia.<\/p>\n\n\n\n<p class=\"has-text-align-center\"><strong>TIPOS<\/strong><br>As alergias respirat\u00f3rias tendem a se manifestar na via a\u00e9rea superior, caso da rinite al\u00e9rgica, por exemplo, que tem sintomas como coceira no nariz, coriza hialina, obstru\u00e7\u00e3o nasal, espirros em salvas, vermelhid\u00e3o e coceira ocular, al\u00e9m de tosse seca persistente.<\/p>\n\n\n\n<p class=\"has-text-align-center\"> No pulm\u00e3o, sintomas de falta de ar, tosse com ou sem secre\u00e7\u00e3o, chiado no peito s\u00e3o sintomas t\u00edpicos da asma, acometendo aproximadamente 25% da popula\u00e7\u00e3o brasileira e sendo causa de 250 mil mortes ao ano no mundo.<\/p>\n\n\n\n<p class=\"has-text-align-center\"><strong>O QUE FAZER<\/strong><br>Evitar o desenvolvimento de alergias pode ser dif\u00edcil. Mas deve come\u00e7ar na introdu\u00e7\u00e3o alimentar nos per\u00edodos adequados, evitando-se exposi\u00e7\u00e3o precoce, conforme orienta\u00e7\u00e3o do pediatra, e priorizando o aleitamento materno exclusivo at\u00e9 os 6 meses de idade.<\/p>\n\n\n\n<p class=\"has-text-align-center\"> Na parte respirat\u00f3ria, o uso de capa antial\u00e9rgica em colch\u00e3o e travesseiro s\u00e3o a maneira efetiva de evitar a exposi\u00e7\u00e3o aos \u00e1caros.<\/p>\n\n\n\n<p class=\"has-text-align-center\"> Cuidados como manuten\u00e7\u00e3o preventiva do ar-condicionado, elimina\u00e7\u00e3o de focos de poeira como tapetes e cortinas, al\u00e9m de poeira oculta sobre os arm\u00e1rios e sob as camas e evitar o fumo tamb\u00e9m ajudam.<\/p>\n\n\n\n<p class=\"has-text-align-center\"><strong>COMO TRATAR<\/strong><br>O tratamento das alergias alimentares e de contato consistem em identificar e afastar os fatores desencadeantes, mas \u00e9 importante evitar generaliza\u00e7\u00f5es. <\/p>\n\n\n\n<p class=\"has-text-align-center\">As terapias de dessensibiliza\u00e7\u00e3o podem ser consideradas em algumas alergias como rinites, dermatites e alergias medicamentosas onde alguma medica\u00e7\u00e3o seja indispens\u00e1vel ao tratamento de patologia coincidente. <\/p>\n\n\n\n<p class=\"has-text-align-center\">O uso de medica\u00e7\u00f5es como corticoster\u00f3ides, anti-histam\u00ednicos, anti-leucotrienos ou adrenalina pode ser necess\u00e1rio. <\/p>\n\n\n\n<p class=\"has-text-align-center\">Hoje contamos tamb\u00e9m com medica\u00e7\u00f5es imunobiol\u00f3gicas injet\u00e1veis que bloqueiam de maneira potente as vias inflamat\u00f3rias e podem ser utilizados em casos mais graves ou refrat\u00e1rios.<\/p>\n\n\n\n<p class=\"has-text-align-center\"><strong>ASMA<\/strong><br>Na asma, o uso de inalat\u00f3rios \u00e9, muitas vezes, fundamental para o bom controle da doen\u00e7a, devendo ser ajustada por consulta com m\u00e9dico e espirometria a cada 6-12 meses.<\/p>\n\n\n\n<p class=\"has-text-align-center\"> \u00c9 importante evitar mitos a respeito das bombinhas como o de que causam v\u00edcio, que n\u00e3o tratam a doen\u00e7a, mas apenas os sintomas, de que pode causar arritmia ou problemas do cora\u00e7\u00e3o\u2026 M\u00faltiplos estudos j\u00e1 comprovaram a efic\u00e1cia e seguran\u00e7a destas medica\u00e7\u00f5es, inclusive em pacientes com problemas card\u00edacos. <\/p>\n\n\n\n<p class=\"has-text-align-center\">Tremor fino inicial e sensa\u00e7\u00e3o de palpita\u00e7\u00e3o s\u00e3o sintomas que podem aparecer com o uso dessas medica\u00e7\u00f5es, por\u00e9m costumam ser leves, transit\u00f3rios e melhorar com redu\u00e7\u00e3o da dose e com o tempo de uso, n\u00e3o sendo na maior parte das vezes, limitantes da sua utiliza\u00e7\u00e3o.<\/p>\n\n\n\n<p class=\"has-text-align-center\"><strong>V\u00c1 AO M\u00c9DICO<\/strong><br>Em caso de quaisquer destes sintomas \u00e9 importante conversar com o m\u00e9dico para, juntos, estabelecerem o melhor plano diagn\u00f3stico e terap\u00eautico. <\/p>\n\n\n\n<p class=\"has-text-align-center\">Hoje em dia, n\u00e3o se admite mais a persist\u00eancia dos sintomas j\u00e1 que existe extenso arsenal diagn\u00f3stico e terap\u00eautico para preven\u00e7\u00e3o e tratamento\u00a0das\u00a0alergias.<\/p>\n\n\n\n<p class=\"has-text-align-center\"><strong>Assessoria de imprensa Hospital Dona Helena.<\/strong><\/p>\n\n\n\n<p class=\"has-text-align-center\"> Jornalista respons\u00e1vel: <\/p>\n\n\n\n<p class=\"has-text-align-center\">Guilherme Diefenthaeler <\/p>\n\n\n\n<p class=\"has-text-align-center\">(reg, prof. 6207\/RS).<\/p>\n\n\n\n<p class=\"has-text-align-center\">WhatsApp (47) 98403-2745.<\/p>\n","protected":false},"excerpt":{"rendered":"<p>O Dia Mundial da Alergia, 8 de julho, foi criado pela Organiza\u00e7\u00e3o Mundial da Sa\u00fade&#8230;<\/p>\n","protected":false},"author":3,"featured_media":14681,"comment_status":"closed","ping_status":"open","sticky":false,"template":"","format":"standard","meta":{"om_disable_all_campaigns":false,"_monsterinsights_skip_tracking":false,"_monsterinsights_sitenote_active":false,"_monsterinsights_sitenote_note":"","_monsterinsights_sitenote_category":0,"spay_email":""},"categories":[1],"tags":[],"jetpack_featured_media_url":"https:\/\/vimagazine.com.br\/wp-content\/uploads\/2024\/07\/97dca40f-baf3-49cb-92e7-cf1b2b8c20c7.jpg","_links":{"self":[{"href":"https:\/\/vimagazine.com.br\/index.php?rest_route=\/wp\/v2\/posts\/14680"}],"collection":[{"href":"https:\/\/vimagazine.com.br\/index.php?rest_route=\/wp\/v2\/posts"}],"about":[{"href":"https:\/\/vimagazine.com.br\/index.php?rest_route=\/wp\/v2\/types\/post"}],"author":[{"embeddable":true,"href":"https:\/\/vimagazine.com.br\/index.php?rest_route=\/wp\/v2\/users\/3"}],"replies":[{"embeddable":true,"href":"https:\/\/vimagazine.com.br\/index.php?rest_route=%2Fwp%2Fv2%2Fcomments&post=14680"}],"version-history":[{"count":1,"href":"https:\/\/vimagazine.com.br\/index.php?rest_route=\/wp\/v2\/posts\/14680\/revisions"}],"predecessor-version":[{"id":14682,"href":"https:\/\/vimagazine.com.br\/index.php?rest_route=\/wp\/v2\/posts\/14680\/revisions\/14682"}],"wp:featuredmedia":[{"embeddable":true,"href":"https:\/\/vimagazine.com.br\/index.php?rest_route=\/wp\/v2\/media\/14681"}],"wp:attachment":[{"href":"https:\/\/vimagazine.com.br\/index.php?rest_route=%2Fwp%2Fv2%2Fmedia&parent=14680"}],"wp:term":[{"taxonomy":"category","embeddable":true,"href":"https:\/\/vimagazine.com.br\/index.php?rest_route=%2Fwp%2Fv2%2Fcategories&post=14680"},{"taxonomy":"post_tag","embeddable":true,"href":"https:\/\/vimagazine.com.br\/index.php?rest_route=%2Fwp%2Fv2%2Ftags&post=14680"}],"curies":[{"name":"wp","href":"https:\/\/api.w.org\/{rel}","templated":true}]}}