{"id":14683,"date":"2024-07-09T14:53:55","date_gmt":"2024-07-09T17:53:55","guid":{"rendered":"https:\/\/vimagazine.com.br\/?p=14683"},"modified":"2024-07-09T14:53:57","modified_gmt":"2024-07-09T17:53:57","slug":"altemar-dutra-jr-fala-sobre-sua-carreira","status":"publish","type":"post","link":"https:\/\/vimagazine.com.br\/?p=14683","title":{"rendered":"Altemar Dutra Jr. fala sobre sua carreira"},"content":{"rendered":"\n<h2><strong>Altemar Dutra Jr. em um bate-papo intimista no PODKAH com a&nbsp; apresentadora Karla Ferdinanda<\/strong><\/h2>\n\n\n\n<p><em><strong>O &#8220;Podkah&#8221;, Podcast da apresentadora Karla Ferdinanda foi gravado nesta semana no&nbsp; <a href=\"https:\/\/www.instagram.com\/uz_estudio\/\" target=\"_blank\" rel=\"noreferrer noopener\">UZ Production &amp; Studio,<\/a> contando com a presen\u00e7a de um convidado muito especial, o cantor Altemar Dutra Jr.<\/strong><\/em><\/p>\n\n\n\n<p>Altemar Dutra Jr. canta o amor e a vida&nbsp; com&nbsp;uma&nbsp;voz singular no cen\u00e1rio musical&nbsp;brasileiro. O multifacetado cantor interpreta v\u00e1rios ritmos como o samba, bolero, MPB, rock, bole, xotes, serenatas e, ainda, cantatas de natal.<\/p>\n\n\n\n<p>Na entrevista, comentou sobre sua carreira e sua agenda de shows e at\u00e9 mesmo alguns detalhes de sua vida pessoal, como o ci\u00fames de sua amada esposa juntos h\u00e1 mais de tr\u00eas d\u00e9cadas. A carreira de Altemar Dutra J\u00fanior come\u00e7ou ainda jovem, naturalmente devido ao meio que vivia, tendo seus pais se dedicado sempre \u00e0 m\u00fasica.<\/p>\n\n\n\n<p>E, obviamente, sobre o talento e a carreira de seu pai, o inesquec\u00edvel cantor Altemar Dutra que o levou \u00e0 carreira m\u00fasical desde muito jovem. Acompanhou o pai em seus shows o que resultou, al\u00e9m da admira\u00e7\u00e3o pelo pai e artista, na paix\u00e3o pela m\u00fasica. Contando tamb\u00e9m com o talento de sua m\u00e3e, Marta Mendon\u00e7a, que apareceu no cen\u00e1rio musical nos 60 com a can\u00e7\u00e3o Tu Sabes, que vendeu muito e ganhou os principais pr\u00eamios da \u00e9poca.<\/p>\n\n\n\n<h3>Altemar Dutra Jr. em um bate-papo intimista no PODKAH<\/h3>\n\n\n\n<figure class=\"wp-block-image aligncenter wp-image-130547 size-full\"><img src=\"https:\/\/namidia.com.br\/wp-content\/uploads\/2024\/07\/Captura-de-tela-2024-07-09-142957.jpg\" alt=\"Altemar Dutra Jr. em um bate-papo intimista no PODKAH\" class=\"wp-image-130547\" \/><figcaption>Apresentadora do PODKAH Karla Ferdinanda e o cantor ALTEMAR DUTRA JR.<\/figcaption><\/figure>\n\n\n\n<p>Mesmo sendo atleta e ter se tornado campe\u00e3o brasileiro e sul-americano de Kickboxing, Altermar n\u00e3o resistiu ao chamado de sua voz interna para a carreira musical, assim, no ano de 1997 foi o lan\u00e7amento do seu primeiro \u00e1lbum \u201cTransparente\u201d o que lhe presenteou com o reconhecimento da cr\u00edtica e p\u00fablico com o pr\u00eamio \u201cRevela\u00e7\u00e3o\u201d no 10\u00ba Pr\u00eamio Sharp de M\u00fasica. Depois em 1999 foi a vez do \u201cAgora eu Sei\u201d o segundo trabalho de Altemar Dutra Jr.<\/p>\n\n\n\n<p>Suas apari\u00e7\u00f5es extrapolam nosso territ\u00f3rio, pois se apresentou no famoso Conrad Cassino, em Punta Del Leste (Uruguai) e ainda em Angola, tendo tamb\u00e9m vivido em Miami e desfrutado da cultura musical de Cuba.<\/p>\n\n\n\n<figure class=\"wp-block-image aligncenter\"><img src=\"https:\/\/namidia.com.br\/wp-content\/uploads\/2024\/07\/Captura-de-tela-2024-07-09-142033-656x400.jpg\" alt=\"Altemar Dutra Jr. em um bate-papo intimista no PODKAH\" class=\"wp-image-130546\" title=\"Altemar Dutra Jr. em um bate-papo intimista no PODKAH\" \/><\/figure>\n\n\n\n<p>Tamb\u00e9m, lan\u00e7ou&nbsp; \u201cContradi\u00e7\u00f5es\u201d (Velas), \u201cCan\u00e7\u00e3o do nosso amor\u201d (Som Livre), Santo Manto <strong>&#8211;<\/strong> CD e DVD (ASJ) e Sentimental N\u00f3s Somos (Radar Records). O \u00faltimo trabalho de est\u00fadio do cantor \u00e9 mais que um tributo ao pai, falecido em 1983, \u00e9 um registro hist\u00f3rico e uma celebra\u00e7\u00e3o do que h\u00e1 de melhor na seresta e bolero. M\u00fasicas como \u201cBrigas\u201d, \u201cSentimental Demais\u201d, \u201cTudo de Mim\u201d e \u201cContigo Aprendi\u201d, fazem parte do repert\u00f3rio, em uma releitura especial.<\/p>\n\n\n\n<p>Altemar Dutra Jr., se apresenta semanalmente no Bar do Nelson (SP), al\u00e9m de fazer shows por todo o pa\u00eds.<\/p>\n\n\n\n<h5>Rede social do cantor (@altemardutrajr)<br>. <a href=\"https:\/\/www.facebook.com\/AltemarDutraJr\/\" target=\"_blank\" rel=\"noreferrer noopener\">Facebook<\/a> &#8211; <a href=\"https:\/\/www.instagram.com\/altemardutrajr\/\">Instagram<\/a> &#8211; <a href=\"https:\/\/www.youtube.com\/user\/altemardutrajr\" target=\"_blank\" rel=\"noreferrer noopener\">YouTube<\/a><\/h5>\n\n\n\n<p>Contato para shows<br>Email &#8211; contato@jcshowseeventos.com.br<br>Site &#8211;&nbsp; <a href=\"https:\/\/www.altemardutrajr.com.br\/\" target=\"_blank\" rel=\"noreferrer noopener\">https:\/\/www.altemardutrajr.com.br\/<\/a><br>Fone: (55 &#8211; 11) 3644-7411<\/p>\n\n\n\n<figure class=\"wp-block-embed is-type-video is-provider-youtube wp-block-embed-youtube wp-embed-aspect-16-9 wp-has-aspect-ratio\"><div class=\"wp-block-embed__wrapper\">\n<iframe loading=\"lazy\" title=\"Altemar Dutra Jr - Teaser - Show ao Vivo - Sesc Pompeia - 2018\" width=\"640\" height=\"360\" src=\"https:\/\/www.youtube.com\/embed\/4iLlTc_VZzI?feature=oembed\" frameborder=\"0\" allow=\"accelerometer; autoplay; clipboard-write; encrypted-media; gyroscope; picture-in-picture; web-share\" referrerpolicy=\"strict-origin-when-cross-origin\" allowfullscreen><\/iframe>\n<\/div><\/figure>\n\n\n\n<p><\/p>\n\n\n\n<p>Por Uiara Zagolin<\/p>\n\n\n\n<p><\/p>\n","protected":false},"excerpt":{"rendered":"<p>Altemar Dutra Jr. em um bate-papo intimista no PODKAH com a&nbsp; apresentadora Karla Ferdinanda O&#8230;<\/p>\n","protected":false},"author":18,"featured_media":14685,"comment_status":"closed","ping_status":"open","sticky":false,"template":"","format":"standard","meta":{"om_disable_all_campaigns":false,"_monsterinsights_skip_tracking":false,"_monsterinsights_sitenote_active":false,"_monsterinsights_sitenote_note":"","_monsterinsights_sitenote_category":0,"spay_email":""},"categories":[27,26],"tags":[],"jetpack_featured_media_url":"https:\/\/vimagazine.com.br\/wp-content\/uploads\/2024\/07\/altemar1.jpg","_links":{"self":[{"href":"https:\/\/vimagazine.com.br\/index.php?rest_route=\/wp\/v2\/posts\/14683"}],"collection":[{"href":"https:\/\/vimagazine.com.br\/index.php?rest_route=\/wp\/v2\/posts"}],"about":[{"href":"https:\/\/vimagazine.com.br\/index.php?rest_route=\/wp\/v2\/types\/post"}],"author":[{"embeddable":true,"href":"https:\/\/vimagazine.com.br\/index.php?rest_route=\/wp\/v2\/users\/18"}],"replies":[{"embeddable":true,"href":"https:\/\/vimagazine.com.br\/index.php?rest_route=%2Fwp%2Fv2%2Fcomments&post=14683"}],"version-history":[{"count":1,"href":"https:\/\/vimagazine.com.br\/index.php?rest_route=\/wp\/v2\/posts\/14683\/revisions"}],"predecessor-version":[{"id":14686,"href":"https:\/\/vimagazine.com.br\/index.php?rest_route=\/wp\/v2\/posts\/14683\/revisions\/14686"}],"wp:featuredmedia":[{"embeddable":true,"href":"https:\/\/vimagazine.com.br\/index.php?rest_route=\/wp\/v2\/media\/14685"}],"wp:attachment":[{"href":"https:\/\/vimagazine.com.br\/index.php?rest_route=%2Fwp%2Fv2%2Fmedia&parent=14683"}],"wp:term":[{"taxonomy":"category","embeddable":true,"href":"https:\/\/vimagazine.com.br\/index.php?rest_route=%2Fwp%2Fv2%2Fcategories&post=14683"},{"taxonomy":"post_tag","embeddable":true,"href":"https:\/\/vimagazine.com.br\/index.php?rest_route=%2Fwp%2Fv2%2Ftags&post=14683"}],"curies":[{"name":"wp","href":"https:\/\/api.w.org\/{rel}","templated":true}]}}