{"id":14755,"date":"2024-07-10T19:09:38","date_gmt":"2024-07-10T22:09:38","guid":{"rendered":"https:\/\/vimagazine.com.br\/?p=14755"},"modified":"2024-07-10T19:17:51","modified_gmt":"2024-07-10T22:17:51","slug":"vila-don-patto-recebe-visitantes-com-programacao-especial-de-seu-inverno-encantado","status":"publish","type":"post","link":"https:\/\/vimagazine.com.br\/?p=14755","title":{"rendered":"Vila Don Patto recebe visitantes com programa\u00e7\u00e3o especial de seu \u2018Inverno Encantado\u2019"},"content":{"rendered":"\n<p><\/p>\n\n\n\n<p class=\"has-medium-font-size\"><strong>Temporada especial conta com a apresenta\u00e7\u00e3o do Pocket \u201cO Show da Neve\u201d, a partir deste s\u00e1bado de feriado prolongado<\/strong><\/p>\n\n\n\n<p><\/p>\n\n\n\n<p>A Vila Don Patto, complexo com natureza, lazer e gastronomia localizada no Km 2,5 do Roteiro do Vinho, em S\u00e3o Roque (SP), destaca em sua programa\u00e7\u00e3o, a terceira edi\u00e7\u00e3o de seu \u201cInverno Encantado\u201d, que re\u00fane uma s\u00e9rie de atra\u00e7\u00f5es para o p\u00fablico infantil, inclusive com a apresenta\u00e7\u00e3o do pocket \u201cO Show da Neve\u201d.<\/p>\n\n\n\n<p>Para o presidente do grupo Vila do Don Patto, T\u00falio Patto, o evento marca a alta temporada da esta\u00e7\u00e3o de inverno, e nesta edi\u00e7\u00e3o contar\u00e1 com muitas novidades. \u201cNossos visitantes amam conhecer a regi\u00e3o durante a esta\u00e7\u00e3o de inverno e buscam o friozinho esperado da esta\u00e7\u00e3o, a gastronomia e nossa sele\u00e7\u00e3o especial de r\u00f3tulos de vinhos que propiciam um clima especial do per\u00edodo. A programa\u00e7\u00e3o do \u201cInverno Encantado\u201d teve uma \u00f3tima aceita\u00e7\u00e3o, com registros de momentos especiais para toda a fam\u00edlia e j\u00e1 faz parte de nosso calend\u00e1rio anual\u201d, explica o empres\u00e1rio, T\u00falio Patto.<\/p>\n\n\n\n<p>A Vila manter\u00e1 a tematiza\u00e7\u00e3o de geleiras por toda \u00e1rea da La Piazza (A Pra\u00e7a), regi\u00e3o central do complexo, onde ser\u00e1 apresentada a nova atra\u00e7\u00e3o, a Ice Bubble (experi\u00eancia fotogr\u00e1fica em uma bolha de ar), espa\u00e7os instagram\u00e1veis, personagens e bonecos tem\u00e1ticos, e diariamente um pocket show teatral interativo onde no final acontece de forma l\u00fadica um verdadeiro show de neve para comemorarmos juntos a esta\u00e7\u00e3o.<\/p>\n\n\n\n<p>\u201cA concep\u00e7\u00e3o desta proposta assim como nas edi\u00e7\u00f5es anteriores \u00e9 inovar sempre em busca de novidades e ideias. Neste ano uma nova \u00e1rea foi pensada para receber o evento, al\u00e9m da tematiza\u00e7\u00e3o de inverno vamos fazer com que o nosso p\u00fablico leve para casa a experi\u00eancia de vivenciar momentos \u00fanicos e agrad\u00e1veis ao lado dos personagens que estar\u00e3o diariamente interagindo em hor\u00e1rios espec\u00edficos em pontos estrat\u00e9gicos para fotos, uma atra\u00e7\u00e3o divertida e instagram\u00e1vel por dentro de uma gigantesca bolha de ar, \u00fanica na regi\u00e3o e um super show da neve\u201d, explica o diretor de cria\u00e7\u00e3o e arte, Vin\u00edcius Tanzi.<\/p>\n\n\n\n<p>Os personagens presentes para encantar o p\u00fablico ser\u00e3o comandados pelo apresentador \u201cNevado\u201d. Neste encontro \u201cFloquinho\u201d e \u201cFriaca\u201d convidam a todos para um grande show e os bonecos \u201cPinguim\u201d, \u201cUrso\u201d Polar\u201d, \u201cIete\u201d e Boneco de Neve\u201d marcam presen\u00e7a tamb\u00e9m. \u201cAl\u00e9m de uma apresenta\u00e7\u00e3o musical divertida e ao vivo, com muita dan\u00e7a, m\u00fasica e teatro, juntos vamos nos divertir em um verdadeiro show da neve relembrando apresentadores que marcaram gera\u00e7\u00f5es e constru\u00edram hist\u00f3rias, de maneira l\u00fadica e alegre para todas as fam\u00edlias, em especial as crian\u00e7as\u201d, finaliza Tanzi.<\/p>\n\n\n\n<figure class=\"wp-container-2 wp-block-gallery-1 wp-block-gallery has-nested-images columns-default is-cropped\">\n<figure class=\"wp-block-image size-large\"><img width=\"960\" height=\"1280\" data-id=\"14756\"  src=\"https:\/\/vimagazine.com.br\/wp-content\/uploads\/2024\/07\/INVERNO-ENCANTADO-VILA-DON-PATTO-2024b.jpeg\" alt=\"\" class=\"wp-image-14756\" srcset=\"https:\/\/vimagazine.com.br\/wp-content\/uploads\/2024\/07\/INVERNO-ENCANTADO-VILA-DON-PATTO-2024b.jpeg 960w, https:\/\/vimagazine.com.br\/wp-content\/uploads\/2024\/07\/INVERNO-ENCANTADO-VILA-DON-PATTO-2024b-225x300.jpeg 225w, https:\/\/vimagazine.com.br\/wp-content\/uploads\/2024\/07\/INVERNO-ENCANTADO-VILA-DON-PATTO-2024b-768x1024.jpeg 768w\" sizes=\"(max-width: 960px) 100vw, 960px\" \/><\/figure>\n\n\n\n<figure class=\"wp-block-image size-large\"><img width=\"960\" height=\"1280\" data-id=\"14757\"  src=\"https:\/\/vimagazine.com.br\/wp-content\/uploads\/2024\/07\/INVERNO-ENCANTADO-VILA-DON-PATTO-2024a.jpeg\" alt=\"\" class=\"wp-image-14757\" srcset=\"https:\/\/vimagazine.com.br\/wp-content\/uploads\/2024\/07\/INVERNO-ENCANTADO-VILA-DON-PATTO-2024a.jpeg 960w, https:\/\/vimagazine.com.br\/wp-content\/uploads\/2024\/07\/INVERNO-ENCANTADO-VILA-DON-PATTO-2024a-225x300.jpeg 225w, https:\/\/vimagazine.com.br\/wp-content\/uploads\/2024\/07\/INVERNO-ENCANTADO-VILA-DON-PATTO-2024a-768x1024.jpeg 768w\" sizes=\"(max-width: 960px) 100vw, 960px\" \/><\/figure>\n<\/figure>\n\n\n\n<p><br><br><strong>VILA DON PATTO<\/strong><br><strong>INVERNO ENCANTADO \u2013 O SHOW DA NEVE<\/strong><br><strong>ONDE<\/strong>: Estrada do Vinho, KM 2,5 &#8211; Jardim Villa\u00e7a, S\u00e3o Roque \u2013 SP.<br><strong>Informa\u00e7\u00f5es:<\/strong> (11) 4711-3001.<br><strong>Estacionament<\/strong>o: R\uff04 12,00 (a di\u00e1ria p\/ carros, motos, vans e pedestres). N\u00e3o \u00e9 permitido a entrada de \u00f4nibus (ve\u00edculo).<\/p>\n\n\n\n<p>Fotos: Divulga\u00e7\u00e3o<\/p>\n","protected":false},"excerpt":{"rendered":"<p>Temporada especial conta com a apresenta\u00e7\u00e3o do Pocket \u201cO Show da Neve\u201d, a partir deste&#8230;<\/p>\n","protected":false},"author":1,"featured_media":14761,"comment_status":"closed","ping_status":"open","sticky":false,"template":"","format":"standard","meta":{"om_disable_all_campaigns":false,"_monsterinsights_skip_tracking":false,"_monsterinsights_sitenote_active":false,"_monsterinsights_sitenote_note":"","_monsterinsights_sitenote_category":0,"spay_email":""},"categories":[27,1],"tags":[],"jetpack_featured_media_url":"https:\/\/vimagazine.com.br\/wp-content\/uploads\/2024\/07\/WhatsApp-Image-2024-07-10-at-18.54.57-1.jpeg","_links":{"self":[{"href":"https:\/\/vimagazine.com.br\/index.php?rest_route=\/wp\/v2\/posts\/14755"}],"collection":[{"href":"https:\/\/vimagazine.com.br\/index.php?rest_route=\/wp\/v2\/posts"}],"about":[{"href":"https:\/\/vimagazine.com.br\/index.php?rest_route=\/wp\/v2\/types\/post"}],"author":[{"embeddable":true,"href":"https:\/\/vimagazine.com.br\/index.php?rest_route=\/wp\/v2\/users\/1"}],"replies":[{"embeddable":true,"href":"https:\/\/vimagazine.com.br\/index.php?rest_route=%2Fwp%2Fv2%2Fcomments&post=14755"}],"version-history":[{"count":1,"href":"https:\/\/vimagazine.com.br\/index.php?rest_route=\/wp\/v2\/posts\/14755\/revisions"}],"predecessor-version":[{"id":14759,"href":"https:\/\/vimagazine.com.br\/index.php?rest_route=\/wp\/v2\/posts\/14755\/revisions\/14759"}],"wp:featuredmedia":[{"embeddable":true,"href":"https:\/\/vimagazine.com.br\/index.php?rest_route=\/wp\/v2\/media\/14761"}],"wp:attachment":[{"href":"https:\/\/vimagazine.com.br\/index.php?rest_route=%2Fwp%2Fv2%2Fmedia&parent=14755"}],"wp:term":[{"taxonomy":"category","embeddable":true,"href":"https:\/\/vimagazine.com.br\/index.php?rest_route=%2Fwp%2Fv2%2Fcategories&post=14755"},{"taxonomy":"post_tag","embeddable":true,"href":"https:\/\/vimagazine.com.br\/index.php?rest_route=%2Fwp%2Fv2%2Ftags&post=14755"}],"curies":[{"name":"wp","href":"https:\/\/api.w.org\/{rel}","templated":true}]}}