{"id":14784,"date":"2024-07-16T10:54:24","date_gmt":"2024-07-16T13:54:24","guid":{"rendered":"https:\/\/vimagazine.com.br\/?p=14784"},"modified":"2024-07-16T10:54:25","modified_gmt":"2024-07-16T13:54:25","slug":"curitiba-sera-palco-do-4o-encontro-nacional-de-cacadores-de-aurora-boreal","status":"publish","type":"post","link":"https:\/\/vimagazine.com.br\/?p=14784","title":{"rendered":"Curitiba ser\u00e1 palco do 4\u00ba Encontro Nacional de Ca\u00e7adores de Aurora Boreal"},"content":{"rendered":"\n<p><\/p>\n\n\n\n<p class=\"has-medium-font-size\"><em><strong>O evento acontece no pr\u00f3ximo dia 20 e contar\u00e1 com a presen\u00e7a de mais de 250 pessoas que j\u00e1 presenciaram as luzes do norte<\/strong><\/em><\/p>\n\n\n\n<p><\/p>\n\n\n\n<p>No dia 20 de julho, o Espa\u00e7o Aria Verde, localizado a 30 minutos de Curitiba, ser\u00e1 o cen\u00e1rio do 4\u00ba Encontro Nacional de Ca\u00e7adores de Aurora Boreal. O evento reunir\u00e1 aproximadamente 250 pessoas que j\u00e1 participaram de expedi\u00e7\u00f5es lideradas por Marco Brotto, O Ca\u00e7ador de Aurora Boreal.<\/p>\n\n\n\n<p>Brotto \u00e9 curitibano e apaixonado pelas luzes do norte, tem mais de uma d\u00e9cada de experi\u00eancia percorrendo o \u00c1rtico em busca desse fen\u00f4meno natural. Conduziu 149 expedi\u00e7\u00f5es bem-sucedidas, onde todos os participantes tiveram a oportunidade de contemplar a aurora boreal a olho nu, alcan\u00e7ando um impressionante aproveitamento de 100% em todas as suas ca\u00e7adas.<\/p>\n\n\n\n<p>O evento contar\u00e1 com a presen\u00e7a de Ludmila Bonelli, de Belo Horizonte. Em 2023 ela fez a sua primeira viagem, o destino escolhido foi a Lap\u00f4nia, regi\u00e3o no norte da Escandin\u00e1via.<\/p>\n\n\n\n<p>\u201cEm fevereiro, durante o carnaval, embarquei em uma viagem que mudaria meu jeito de ser. No in\u00edcio do ano, decidi que queria fazer algumas coisas sozinha. Explorando o Instagram, me deparei com imagens da Aurora Boreal e com o perfil de Marco Brotto\u201d, conta ela.&nbsp;<\/p>\n\n\n\n<p>A viagem tinha dois objetivos principais para Ludmila: buscar a independ\u00eancia e realizar o sonho de ver neve de verdade, como a do Papai Noel, e a Aurora Boreal. Ela conta que a seguran\u00e7a e o apoio constantes da equipe foram essenciais, especialmente durante o snowmobile sobre um lago congelado e ficar cara a cara com as renas.<\/p>\n\n\n\n<p>\u201cVer a aurora boreal da janela do meu quarto em uma cabana acolhedora foi um privil\u00e9gio indescrit\u00edvel. Fiz amizades duradouras e vivi momentos inesquec\u00edveis. A sensa\u00e7\u00e3o de estar sob aquele c\u00e9u iluminado por luzes dan\u00e7antes me encheu de uma energia renovadora\u201d, relembra.<\/p>\n\n\n\n<p>Ap\u00f3s a inesquec\u00edvel viagem \u00e0 Lap\u00f4nia, Ludmila acreditava que nenhuma outra experi\u00eancia poderia super\u00e1-la. \u201cSou mergulhadora e j\u00e1 viajei para lugares maravilhosos, mas a Lap\u00f4nia me encheu de energia por meses. Ent\u00e3o, planejei minha segunda viagem com o Marco Brotto, desta vez para a Isl\u00e2ndia\u201d.<\/p>\n\n\n\n<p>As paisagens, emo\u00e7\u00f5es, aromas, ventos e sabores da Isl\u00e2ndia foram muito mais impressionantes do que ela e a sobrinha poderiam imaginar.&nbsp;&nbsp;<\/p>\n\n\n\n<p>\u201cA viagem foi impec\u00e1vel. Seja viajando sozinha ou acompanhada, a expedi\u00e7\u00e3o oferece orienta\u00e7\u00e3o, explica\u00e7\u00f5es detalhadas e surpresas encantadoras ao longo do percurso. Viajar com o Marco \u00e9 diferente de qualquer outra experi\u00eancia que j\u00e1 tive. H\u00e1 um charme, uma eleg\u00e2ncia e uma energia que transformam nossa percep\u00e7\u00e3o e nos fazem sentir mais corajosos e independentes\u201d, finaliza Ludmila.&nbsp;<\/p>\n\n\n\n<p>O evento tamb\u00e9m contar\u00e1 com a presen\u00e7a do advogado&nbsp;curitibano Filipe Alves da Mota, que viajou com Brotto para a Isl\u00e2ndia em 2022. \u201cA minha experi\u00eancia de viagem para ver a aurora boreal foi magistral, um verdadeiro momento de alento, especialmente por ser realizada no t\u00e9rmino da pandemia\u201d, relata ele.&nbsp;<\/p>\n\n\n\n<p>\u201cVer a aurora boreal pela primeira vez, em um momento t\u00e3o carregado de emo\u00e7\u00f5es e dificuldades, foi um catalisador para transformar essa viagem em algo verdadeiramente especial\u201d, relembra.&nbsp;<\/p>\n\n\n\n<p>A Isl\u00e2ndia, com suas paisagens que parecem de outro planeta, proporcionou um momento \u00edmpar para ele, que relata jamais esquecer. No ano seguinte, Filipe embarcou em outra aventura, desta vez para o Alasca. Seis meses depois, foi para a Groenl\u00e2ndia, \u201cuma experi\u00eancia mais magistral que a outra\u201d, diz.&nbsp;<\/p>\n\n\n\n<p>Recentemente, em abril deste ano, a aventura foi no Canad\u00e1, onde, al\u00e9m de vivenciar a aurora boreal, teve a oportunidade de presenciar um eclipse lunar e admirar as montanhas rochosas durante o trajeto de Yellowknife para Banff.<\/p>\n\n\n\n<p>\u201cEssas viagens, cada uma \u00edmpar e marcante, transformaram meu estado de esp\u00edrito e trouxeram uma satisfa\u00e7\u00e3o pessoal excepcional. Viajar com Marco Brotto tem sido uma experi\u00eancia maravilhosa, proporcionando um retorno imensur\u00e1vel em termos de realiza\u00e7\u00e3o e bem-estar\u201d, conta ele.<\/p>\n\n\n\n<p><\/p>\n\n\n\n<figure class=\"wp-container-2 wp-block-gallery-1 wp-block-gallery has-nested-images columns-2 is-cropped\">\n<figure class=\"wp-block-image size-large\"><img width=\"1281\" height=\"1920\" data-id=\"14787\"  src=\"https:\/\/vimagazine.com.br\/wp-content\/uploads\/2024\/07\/Marco-Brotto.jpg\" alt=\"\" class=\"wp-image-14787\" srcset=\"https:\/\/vimagazine.com.br\/wp-content\/uploads\/2024\/07\/Marco-Brotto.jpg 1281w, https:\/\/vimagazine.com.br\/wp-content\/uploads\/2024\/07\/Marco-Brotto-200x300.jpg 200w, https:\/\/vimagazine.com.br\/wp-content\/uploads\/2024\/07\/Marco-Brotto-683x1024.jpg 683w, https:\/\/vimagazine.com.br\/wp-content\/uploads\/2024\/07\/Marco-Brotto-768x1151.jpg 768w, https:\/\/vimagazine.com.br\/wp-content\/uploads\/2024\/07\/Marco-Brotto-1025x1536.jpg 1025w, https:\/\/vimagazine.com.br\/wp-content\/uploads\/2024\/07\/Marco-Brotto-1024x1535.jpg 1024w\" sizes=\"(max-width: 1281px) 100vw, 1281px\" \/><figcaption>Marco Brotto Expeditions<\/figcaption><\/figure>\n\n\n\n<figure class=\"wp-block-image size-large\"><img width=\"1920\" height=\"1281\" data-id=\"14788\"  src=\"https:\/\/vimagazine.com.br\/wp-content\/uploads\/2024\/07\/Brasileiros-na-Finlandia-registram-aurora-boreal-rarissima.jpg\" alt=\"\" class=\"wp-image-14788\" srcset=\"https:\/\/vimagazine.com.br\/wp-content\/uploads\/2024\/07\/Brasileiros-na-Finlandia-registram-aurora-boreal-rarissima.jpg 1920w, https:\/\/vimagazine.com.br\/wp-content\/uploads\/2024\/07\/Brasileiros-na-Finlandia-registram-aurora-boreal-rarissima-300x200.jpg 300w, https:\/\/vimagazine.com.br\/wp-content\/uploads\/2024\/07\/Brasileiros-na-Finlandia-registram-aurora-boreal-rarissima-1024x683.jpg 1024w, https:\/\/vimagazine.com.br\/wp-content\/uploads\/2024\/07\/Brasileiros-na-Finlandia-registram-aurora-boreal-rarissima-768x512.jpg 768w, https:\/\/vimagazine.com.br\/wp-content\/uploads\/2024\/07\/Brasileiros-na-Finlandia-registram-aurora-boreal-rarissima-1536x1025.jpg 1536w\" sizes=\"(max-width: 1920px) 100vw, 1920px\" \/><figcaption>Marco Brotto Expeditions<\/figcaption><\/figure>\n\n\n\n<figure class=\"wp-block-image size-large\"><img width=\"960\" height=\"1280\" data-id=\"14792\"  src=\"https:\/\/vimagazine.com.br\/wp-content\/uploads\/2024\/07\/canada.jpg\" alt=\"\" class=\"wp-image-14792\" srcset=\"https:\/\/vimagazine.com.br\/wp-content\/uploads\/2024\/07\/canada.jpg 960w, https:\/\/vimagazine.com.br\/wp-content\/uploads\/2024\/07\/canada-225x300.jpg 225w, https:\/\/vimagazine.com.br\/wp-content\/uploads\/2024\/07\/canada-768x1024.jpg 768w\" sizes=\"(max-width: 960px) 100vw, 960px\" \/><figcaption>Canad\u00e1 &#8211; Filipe Alves da Mota<br><em>Filipe Alves da Mota<\/em><\/figcaption><\/figure>\n\n\n\n<figure class=\"wp-block-image size-large\"><img width=\"960\" height=\"1117\" data-id=\"14790\"  src=\"https:\/\/vimagazine.com.br\/wp-content\/uploads\/2024\/07\/Ludmila-Bonelli.jpg\" alt=\"\" class=\"wp-image-14790\" srcset=\"https:\/\/vimagazine.com.br\/wp-content\/uploads\/2024\/07\/Ludmila-Bonelli.jpg 960w, https:\/\/vimagazine.com.br\/wp-content\/uploads\/2024\/07\/Ludmila-Bonelli-258x300.jpg 258w, https:\/\/vimagazine.com.br\/wp-content\/uploads\/2024\/07\/Ludmila-Bonelli-880x1024.jpg 880w, https:\/\/vimagazine.com.br\/wp-content\/uploads\/2024\/07\/Ludmila-Bonelli-768x894.jpg 768w\" sizes=\"(max-width: 960px) 100vw, 960px\" \/><figcaption>Ludmila-Bonelli<\/figcaption><\/figure>\n\n\n\n<figure class=\"wp-block-image size-large\"><img width=\"1046\" height=\"1280\" data-id=\"14791\"  src=\"https:\/\/vimagazine.com.br\/wp-content\/uploads\/2024\/07\/groelandia.jpg\" alt=\"\" class=\"wp-image-14791\" srcset=\"https:\/\/vimagazine.com.br\/wp-content\/uploads\/2024\/07\/groelandia.jpg 1046w, https:\/\/vimagazine.com.br\/wp-content\/uploads\/2024\/07\/groelandia-245x300.jpg 245w, https:\/\/vimagazine.com.br\/wp-content\/uploads\/2024\/07\/groelandia-837x1024.jpg 837w, https:\/\/vimagazine.com.br\/wp-content\/uploads\/2024\/07\/groelandia-768x940.jpg 768w, https:\/\/vimagazine.com.br\/wp-content\/uploads\/2024\/07\/groelandia-1024x1253.jpg 1024w\" sizes=\"(max-width: 1046px) 100vw, 1046px\" \/><figcaption>Groenl\u00e2ndia &#8211; Filipe Alves da Mota<\/figcaption><\/figure>\n\n\n\n<figure class=\"wp-block-image size-large\"><img width=\"1062\" height=\"1280\" data-id=\"14793\"  src=\"https:\/\/vimagazine.com.br\/wp-content\/uploads\/2024\/07\/Islandia.jpg\" alt=\"\" class=\"wp-image-14793\" srcset=\"https:\/\/vimagazine.com.br\/wp-content\/uploads\/2024\/07\/Islandia.jpg 1062w, https:\/\/vimagazine.com.br\/wp-content\/uploads\/2024\/07\/Islandia-249x300.jpg 249w, https:\/\/vimagazine.com.br\/wp-content\/uploads\/2024\/07\/Islandia-850x1024.jpg 850w, https:\/\/vimagazine.com.br\/wp-content\/uploads\/2024\/07\/Islandia-768x926.jpg 768w, https:\/\/vimagazine.com.br\/wp-content\/uploads\/2024\/07\/Islandia-1024x1234.jpg 1024w\" sizes=\"(max-width: 1062px) 100vw, 1062px\" \/><figcaption>Isl\u00e2ndia &#8211; Filipe Alves da Mota<\/figcaption><\/figure>\n\n\n\n<figure class=\"wp-block-image size-large\"><img width=\"1600\" height=\"1200\" data-id=\"14789\"  src=\"https:\/\/vimagazine.com.br\/wp-content\/uploads\/2024\/07\/Marco-Brotto-estuda-as-auroras-boreais-ha-mais-de-dez-anos-e-ja-realizou-mais-de-cem-expedicoes-para-visualiza-las-com-100-de-sucesso.jpg\" alt=\"\" class=\"wp-image-14789\" srcset=\"https:\/\/vimagazine.com.br\/wp-content\/uploads\/2024\/07\/Marco-Brotto-estuda-as-auroras-boreais-ha-mais-de-dez-anos-e-ja-realizou-mais-de-cem-expedicoes-para-visualiza-las-com-100-de-sucesso.jpg 1600w, https:\/\/vimagazine.com.br\/wp-content\/uploads\/2024\/07\/Marco-Brotto-estuda-as-auroras-boreais-ha-mais-de-dez-anos-e-ja-realizou-mais-de-cem-expedicoes-para-visualiza-las-com-100-de-sucesso-300x225.jpg 300w, https:\/\/vimagazine.com.br\/wp-content\/uploads\/2024\/07\/Marco-Brotto-estuda-as-auroras-boreais-ha-mais-de-dez-anos-e-ja-realizou-mais-de-cem-expedicoes-para-visualiza-las-com-100-de-sucesso-1024x768.jpg 1024w, https:\/\/vimagazine.com.br\/wp-content\/uploads\/2024\/07\/Marco-Brotto-estuda-as-auroras-boreais-ha-mais-de-dez-anos-e-ja-realizou-mais-de-cem-expedicoes-para-visualiza-las-com-100-de-sucesso-768x576.jpg 768w, https:\/\/vimagazine.com.br\/wp-content\/uploads\/2024\/07\/Marco-Brotto-estuda-as-auroras-boreais-ha-mais-de-dez-anos-e-ja-realizou-mais-de-cem-expedicoes-para-visualiza-las-com-100-de-sucesso-1536x1152.jpg 1536w\" sizes=\"(max-width: 1600px) 100vw, 1600px\" \/><figcaption>Marco Brotto<\/figcaption><\/figure>\n<\/figure>\n\n\n\n<p><\/p>\n\n\n\n<p class=\"has-medium-font-size\"><strong>Sobre o Marco Brotto:<\/strong><\/p>\n\n\n\n<p>Marco Brotto \u00e9 O Ca\u00e7ador de Aurora Boreal com mais de dez anos de experi\u00eancia em expedi\u00e7\u00f5es pelo \u00c1rtico. Sua empresa, Marco Brotto Expeditions, \u00e9 conhecida por seu sucesso em proporcionar aos turistas a experi\u00eancia de ver a aurora boreal a olho nu, tornando cada jornada uma aventura memor\u00e1vel.<\/p>\n","protected":false},"excerpt":{"rendered":"<p>O evento acontece no pr\u00f3ximo dia 20 e contar\u00e1 com a presen\u00e7a de mais de&#8230;<\/p>\n","protected":false},"author":1,"featured_media":14786,"comment_status":"closed","ping_status":"open","sticky":false,"template":"","format":"standard","meta":{"om_disable_all_campaigns":false,"_monsterinsights_skip_tracking":false,"_monsterinsights_sitenote_active":false,"_monsterinsights_sitenote_note":"","_monsterinsights_sitenote_category":0,"spay_email":""},"categories":[1],"tags":[],"jetpack_featured_media_url":"https:\/\/vimagazine.com.br\/wp-content\/uploads\/2024\/07\/aurora-boreal-por-marco-brotto.jpg","_links":{"self":[{"href":"https:\/\/vimagazine.com.br\/index.php?rest_route=\/wp\/v2\/posts\/14784"}],"collection":[{"href":"https:\/\/vimagazine.com.br\/index.php?rest_route=\/wp\/v2\/posts"}],"about":[{"href":"https:\/\/vimagazine.com.br\/index.php?rest_route=\/wp\/v2\/types\/post"}],"author":[{"embeddable":true,"href":"https:\/\/vimagazine.com.br\/index.php?rest_route=\/wp\/v2\/users\/1"}],"replies":[{"embeddable":true,"href":"https:\/\/vimagazine.com.br\/index.php?rest_route=%2Fwp%2Fv2%2Fcomments&post=14784"}],"version-history":[{"count":1,"href":"https:\/\/vimagazine.com.br\/index.php?rest_route=\/wp\/v2\/posts\/14784\/revisions"}],"predecessor-version":[{"id":14796,"href":"https:\/\/vimagazine.com.br\/index.php?rest_route=\/wp\/v2\/posts\/14784\/revisions\/14796"}],"wp:featuredmedia":[{"embeddable":true,"href":"https:\/\/vimagazine.com.br\/index.php?rest_route=\/wp\/v2\/media\/14786"}],"wp:attachment":[{"href":"https:\/\/vimagazine.com.br\/index.php?rest_route=%2Fwp%2Fv2%2Fmedia&parent=14784"}],"wp:term":[{"taxonomy":"category","embeddable":true,"href":"https:\/\/vimagazine.com.br\/index.php?rest_route=%2Fwp%2Fv2%2Fcategories&post=14784"},{"taxonomy":"post_tag","embeddable":true,"href":"https:\/\/vimagazine.com.br\/index.php?rest_route=%2Fwp%2Fv2%2Ftags&post=14784"}],"curies":[{"name":"wp","href":"https:\/\/api.w.org\/{rel}","templated":true}]}}