{"id":14810,"date":"2024-07-16T13:07:55","date_gmt":"2024-07-16T16:07:55","guid":{"rendered":"https:\/\/vimagazine.com.br\/?p=14810"},"modified":"2024-07-16T13:07:57","modified_gmt":"2024-07-16T16:07:57","slug":"fa-de-roberto-carlos-relembra-historias-em-shows-do-idolo-que-volta-a-grande-florianopolis-no-sabado-27-sempre-uma-emocao-diferente","status":"publish","type":"post","link":"https:\/\/vimagazine.com.br\/?p=14810","title":{"rendered":"F\u00e3 de Roberto Carlos relembra hist\u00f3rias em shows do \u00eddolo, que volta \u00e0 Grande Florian\u00f3polis no s\u00e1bado (27): \u2018Sempre uma emo\u00e7\u00e3o diferente\u2019\u00a0"},"content":{"rendered":"\n<p class=\"has-text-align-center\"><em>Cantor se apresenta na Arena Opus, em S\u00e3o Jos\u00e9, com a turn\u00ea \u201cEu Ofere\u00e7o Flores\u201d<\/em><\/p>\n\n\n\n<p class=\"has-text-align-center\">A servidora p\u00fablica Carla Maria Evangelista Pedrozo, 61 anos, j\u00e1 perdeu a conta do n\u00famero de shows de Roberto Carlos a que assistiu. <\/p>\n\n\n\n<p class=\"has-text-align-center\">F\u00e3 de carteirinha, a moradora de Florian\u00f3polis relembra hist\u00f3rias marcantes em apresenta\u00e7\u00f5es do \u00eddolo enquanto se prepara para v\u00ea-lo de perto outra vez. <\/p>\n\n\n\n<p class=\"has-text-align-center\">Roberto Carlos se apresenta no pr\u00f3ximo dia 27 de julho, na Arena Opus, em S\u00e3o Jos\u00e9, na Grande Florian\u00f3polis, com o show \u201cEu Ofere\u00e7o Flores\u201d. <\/p>\n\n\n\n<p class=\"has-text-align-center\">O artista sobe ao palco \u00e0s 21h, e os \u00faltimos ingressos est\u00e3o \u00e0 venda pela\u00a0<a href=\"https:\/\/www.blueticket.com.br\/evento\/35356\/roberto-carlos-florianopolis%C2%A0-%C2%A0sc%C2%A0-%C2%A027jul24\" target=\"_blank\" rel=\"noreferrer noopener\">www.blueticket.com.br<\/a>.\u00a0\u00a0<\/p>\n\n\n\n<p class=\"has-text-align-center\"><strong>Para Carla, o momento \u00e9 de ansiedade.<\/strong><\/p>\n\n\n\n<p class=\"has-text-align-center\"> Ela relembra que come\u00e7ou a ouvir o \u00eddolo por influ\u00eancia de uma tia, ainda na adolesc\u00eancia. <\/p>\n\n\n\n<p class=\"has-text-align-center\">Hoje, guarda em casa um acervo de LPs e CDs do cantor, comprados por ela ou recebidos como presente de amigos e familiares ao longo das \u00faltimas d\u00e9cadas, e afirma que continua ouvindo as can\u00e7\u00f5es todos os dias, agora pelas plataformas de streaming.<\/p>\n\n\n\n<p class=\"has-text-align-center\"> \u201cOu\u00e7o desde que me conhe\u00e7o por gente, e nunca parei. <\/p>\n\n\n\n<p class=\"has-text-align-center\">Acho que o que mais gosto s\u00e3o as letras simples &#8211; o Roberto Carlos canta coisas que t\u00eam a ver comigo\u201d, comenta.<\/p>\n\n\n\n<p class=\"has-text-align-center\">Entre a dezena de shows a que assistiu, um deles no Teatro do CIC, em Florian\u00f3polis, na d\u00e9cada de 90, ficou na mem\u00f3ria. <\/p>\n\n\n\n<p class=\"has-text-align-center\">\u201cEsse foi muito emocionante porque eu ganhei uma das rosas entregues por ele\u201d, relembra. <\/p>\n\n\n\n<p class=\"has-text-align-center\">A apresenta\u00e7\u00e3o aberta ao p\u00fablico na Ba\u00eda Sul, que reuniu cerca de 80 mil pessoas, e um show do cantor no est\u00e1dio Orlando Scarpelli, ambos tamb\u00e9m na Capital catarinense, foram outros momentos marcantes, al\u00e9m de um apresenta\u00e7\u00e3o na casa de shows do Canec\u00e3o, no Rio de Janeiro, realizada na data de anivers\u00e1rio do pr\u00f3prio Roberto Carlos. <\/p>\n\n\n\n<p class=\"has-text-align-center\">\u201cEscut\u00e1-lo ao vivo \u00e9 uma experi\u00eancia inesquec\u00edvel. <\/p>\n\n\n\n<p class=\"has-text-align-center\">\u00c9 sempre uma emo\u00e7\u00e3o diferente\u201d, diz.<\/p>\n\n\n\n<p class=\"has-text-align-center\">Agora, para o show do pr\u00f3ximo dia 27, Carla espera reviver mem\u00f3rias e criar novos momentos marcantes na hist\u00f3ria com o \u00eddolo. <\/p>\n\n\n\n<p class=\"has-text-align-center\">Entre as can\u00e7\u00f5es preferidas, que aguarda ouvir na apresenta\u00e7\u00e3o, ela cita \u201cDetalhes\u201d, \u201cComo \u00e9 grande o meu amor por voc\u00ea\u201d, \u201cOutra vez\u201d, \u201cComo vai voc\u00ea\u201d e \u201cProposta\u201d &#8211; essa \u00faltima, inclusive, foi a escolhida por ela para entrar na igreja quando se casou. \u201cS\u00e3o algumas das minhas favoritas. Dif\u00edcil escolher uma s\u00f3\u201d, comenta.\u00a0<\/p>\n\n\n\n<p class=\"has-text-align-center\"><strong>SERVI\u00c7O<\/strong><\/p>\n\n\n\n<p class=\"has-text-align-center\">Roberto Carlos com o show \u201cEu Ofere\u00e7o Flores\u201d<\/p>\n\n\n\n<p class=\"has-text-align-center\">Arena Opus &#8211; Grande Florian\u00f3polis&nbsp;<\/p>\n\n\n\n<p class=\"has-text-align-center\">(SC 281, 4000- Sert\u00e3o Maruim- S\u00e3o Jos\u00e9 &#8211; SC)<\/p>\n\n\n\n<p class=\"has-text-align-center\">Data: 27 de julho (s\u00e1bado)<\/p>\n\n\n\n<p class=\"has-text-align-center\">Hor\u00e1rio: 21 horas<\/p>\n\n\n\n<p class=\"has-text-align-center\">Abertura do estacionamento: 18h<\/p>\n\n\n\n<p class=\"has-text-align-center\">Abertura da casa: 19h<\/p>\n\n\n\n<p class=\"has-text-align-center\">Classifica\u00e7\u00e3o: menores de 18 anos, acompanhado dos pais ou respons\u00e1vel legal<\/p>\n\n\n\n<p class=\"has-text-align-center\">Bilheteria oficial: Arena Opus<\/p>\n\n\n\n<p class=\"has-text-align-center\">Hor\u00e1rio de funcionamento: Todos os dias, das 9h \u00e0s 19h&nbsp;&nbsp;&nbsp;&nbsp;&nbsp;&nbsp;&nbsp;&nbsp;&nbsp;&nbsp;&nbsp;&nbsp;&nbsp;&nbsp;&nbsp;&nbsp;&nbsp;&nbsp;&nbsp;&nbsp;&nbsp;&nbsp;&nbsp;&nbsp;&nbsp;&nbsp;&nbsp;&nbsp;&nbsp;&nbsp;&nbsp;&nbsp;&nbsp;&nbsp;&nbsp;&nbsp;&nbsp;&nbsp;&nbsp;&nbsp;&nbsp;&nbsp;&nbsp;&nbsp;&nbsp;&nbsp;&nbsp;&nbsp;&nbsp;&nbsp;&nbsp;&nbsp;&nbsp;&nbsp;&nbsp;&nbsp;&nbsp;&nbsp;&nbsp;&nbsp;&nbsp;&nbsp;&nbsp;&nbsp;&nbsp;&nbsp;&nbsp;&nbsp;&nbsp;<\/p>\n\n\n\n<p class=\"has-text-align-center\">Vendas online:&nbsp;<a href=\"http:\/\/www.blueticket.com.br\/evento\/35356\/roberto-carlos-florianopolis\" target=\"_blank\" rel=\"noreferrer noopener\">www.blueticket.com.br\/evento\/35356\/roberto-carlos-florianopolis<\/a><\/p>\n\n\n\n<p class=\"has-text-align-center\">SAC : blueticket,<a href=\"http:\/\/movidesk.com\/\" target=\"_blank\" rel=\"noreferrer noopener\">movidesk.com<\/a><\/p>\n\n\n\n<p class=\"has-text-align-center\">Visite:&nbsp;<a href=\"http:\/\/www.robertocarlos.com\/\" target=\"_blank\" rel=\"noreferrer noopener\">www.robertocarlos.com<\/a><\/p>\n\n\n\n<p class=\"has-text-align-center\"><strong>Informa\u00e7\u00f5es para a imprensa:<\/strong><\/p>\n\n\n\n<p class=\"has-text-align-center\">All Press Comunica\u00e7\u00e3o<\/p>\n\n\n\n<p class=\"has-text-align-center\">Guilherme Simon<\/p>\n\n\n\n<p class=\"has-text-align-center\">(48) 99812-9354<\/p>\n\n\n\n<p class=\"has-text-align-center\">Atenciosamente<\/p>\n\n\n\n<p class=\"has-text-align-center\"><strong>Guilherme Simon | <br><\/strong>(48) 99812-9354 |\u00a0(48) 3223-3078<\/p>\n","protected":false},"excerpt":{"rendered":"<p>Cantor se apresenta na Arena Opus, em S\u00e3o Jos\u00e9, com a turn\u00ea \u201cEu Ofere\u00e7o Flores\u201d&#8230;<\/p>\n","protected":false},"author":3,"featured_media":14811,"comment_status":"closed","ping_status":"open","sticky":false,"template":"","format":"standard","meta":{"om_disable_all_campaigns":false,"_monsterinsights_skip_tracking":false,"_monsterinsights_sitenote_active":false,"_monsterinsights_sitenote_note":"","_monsterinsights_sitenote_category":0,"spay_email":""},"categories":[1],"tags":[],"jetpack_featured_media_url":"https:\/\/vimagazine.com.br\/wp-content\/uploads\/2024\/07\/Roberto-Carlos-case-credito_Marcelo-Pedrozo-01-e1721145828884.jpeg","_links":{"self":[{"href":"https:\/\/vimagazine.com.br\/index.php?rest_route=\/wp\/v2\/posts\/14810"}],"collection":[{"href":"https:\/\/vimagazine.com.br\/index.php?rest_route=\/wp\/v2\/posts"}],"about":[{"href":"https:\/\/vimagazine.com.br\/index.php?rest_route=\/wp\/v2\/types\/post"}],"author":[{"embeddable":true,"href":"https:\/\/vimagazine.com.br\/index.php?rest_route=\/wp\/v2\/users\/3"}],"replies":[{"embeddable":true,"href":"https:\/\/vimagazine.com.br\/index.php?rest_route=%2Fwp%2Fv2%2Fcomments&post=14810"}],"version-history":[{"count":1,"href":"https:\/\/vimagazine.com.br\/index.php?rest_route=\/wp\/v2\/posts\/14810\/revisions"}],"predecessor-version":[{"id":14812,"href":"https:\/\/vimagazine.com.br\/index.php?rest_route=\/wp\/v2\/posts\/14810\/revisions\/14812"}],"wp:featuredmedia":[{"embeddable":true,"href":"https:\/\/vimagazine.com.br\/index.php?rest_route=\/wp\/v2\/media\/14811"}],"wp:attachment":[{"href":"https:\/\/vimagazine.com.br\/index.php?rest_route=%2Fwp%2Fv2%2Fmedia&parent=14810"}],"wp:term":[{"taxonomy":"category","embeddable":true,"href":"https:\/\/vimagazine.com.br\/index.php?rest_route=%2Fwp%2Fv2%2Fcategories&post=14810"},{"taxonomy":"post_tag","embeddable":true,"href":"https:\/\/vimagazine.com.br\/index.php?rest_route=%2Fwp%2Fv2%2Ftags&post=14810"}],"curies":[{"name":"wp","href":"https:\/\/api.w.org\/{rel}","templated":true}]}}