{"id":14814,"date":"2024-07-17T09:53:16","date_gmt":"2024-07-17T12:53:16","guid":{"rendered":"https:\/\/vimagazine.com.br\/?p=14814"},"modified":"2024-07-17T09:53:19","modified_gmt":"2024-07-17T12:53:19","slug":"hospital-dona-helena-certifica-novos-trainees-em-enfermagem","status":"publish","type":"post","link":"https:\/\/vimagazine.com.br\/?p=14814","title":{"rendered":"Hospital Dona Helena certifica novos trainees em enfermagem"},"content":{"rendered":"\n<p class=\"has-text-align-center\">Centro de excel\u00eancia em servi\u00e7os de sa\u00fade, o Hospital Dona Helena, de Joinville (SC), conclui mais um ciclo de forma\u00e7\u00e3o de trainees em enfermagem. <\/p>\n\n\n\n<p class=\"has-text-align-center\">O evento de formatura ser\u00e1 no dia 31 de julho, com a apresenta\u00e7\u00e3o do projeto de melhoria desenvolvido pelo grupo selecionado para o programa, no primeiro semestre.<\/p>\n\n\n\n<p class=\"has-text-align-center\"> <strong>Quatro enfermeiros recebem certificados como trainees. <\/strong><\/p>\n\n\n\n<p class=\"has-text-align-center\">Neste ano, o programa foi reformulado, para priorizar os profissionais internos com forma\u00e7\u00e3o em Enfermagem que, at\u00e9 ent\u00e3o, n\u00e3o haviam exercido a profiss\u00e3o, a fim de preencher novos postos de trabalho.<\/p>\n\n\n\n<p class=\"has-text-align-center\">A gerente de Enfermagem Patricia Grabowske Correa elogia a dedica\u00e7\u00e3o dos participantes e agradece o envolvimento da equipe de instrutores e coordena\u00e7\u00f5es de Enfermagem em parceria com o Programa de Educa\u00e7\u00e3o Continuada (PEC), Psicologia e Recursos Humanos. <\/p>\n\n\n\n<p class=\"has-text-align-center\">\u201cFoi inspirador ver como todos abra\u00e7aram as oportunidades oferecidas no programa, um diferencial para as institui\u00e7\u00f5es preocupadas com a forma\u00e7\u00e3o e reten\u00e7\u00e3o dos seus colaboradores<\/p>\n\n\n\n<p class=\"has-text-align-center\">.\u201d Segundo ela, o objetivo \u00e9 aprimorar as compet\u00eancias t\u00e9cnicas e comportamentais dos colaboradores rec\u00e9m-graduados em Enfermagem, al\u00e9m de identificar e reter talentos que possam contribuir para a busca de uma assist\u00eancia segura, qualificada e humanizada.<\/p>\n\n\n\n<p class=\"has-text-align-center\"><strong>A institui\u00e7\u00e3o abre dez vagas ao ano para a forma\u00e7\u00e3o de enfermeiros trainees. <\/strong><\/p>\n\n\n\n<p class=\"has-text-align-center\">Durante o ciclo, os participantes s\u00e3o acompanhados mensalmente por meio de encontros com o time de instrutores para garantir que as atividades propostas sejam cumpridas, assim como identificar oportunidades de melhoria e poss\u00edveis dificuldades. <\/p>\n\n\n\n<p class=\"has-text-align-center\">\u201cO Dona Helena \u00e9 reconhecido como uma institui\u00e7\u00e3o que investe para formar novos profissionais\u201d, sublinha Patr\u00edcia, afirmando que alguns gestores do hospital iniciaram a carreira como enfermeiros, \u201cmotivo de muito orgulho\u201d.<\/p>\n\n\n\n<p class=\"has-text-align-center\">Os formandos s\u00e3o Marcos Laurett, Mayara dos Santos, Leticia Karoline Schmitz e Jessica Cristina da Veiga. O enfermeiro Marcos entrou no hospital em 2005, como t\u00e9cnico. <\/p>\n\n\n\n<p class=\"has-text-align-center\">Durante a pandemia, cursando faculdade de Enfermagem, conheceu as \u00e1reas de UTI e Emerg\u00eancia, o que despertou seu interesse no programa de trainee. <\/p>\n\n\n\n<p class=\"has-text-align-center\">\u201cA experi\u00eancia ser\u00e1 um grande diferencial para minha trajet\u00f3ria profissional, atuando em um dos melhores centros de refer\u00eancia em sa\u00fade\u201d, almeja Marcos<\/p>\n\n\n\n<p class=\"has-text-align-center\"><strong>Assessoria de imprensa Hospital Dona Helena. <\/strong><\/p>\n\n\n\n<p class=\"has-text-align-center\">Jornalista respons\u00e1vel: <\/p>\n\n\n\n<p class=\"has-text-align-center\">Guilherme Diefenthaeler<\/p>\n\n\n\n<p class=\"has-text-align-center\"> (reg. prof. 6207\/RS).<\/p>\n\n\n\n<p class=\"has-text-align-center\"> WhatsApp (47) 98403-2745.<\/p>\n","protected":false},"excerpt":{"rendered":"<p>Centro de excel\u00eancia em servi\u00e7os de sa\u00fade, o Hospital Dona Helena, de Joinville (SC), conclui&#8230;<\/p>\n","protected":false},"author":3,"featured_media":14815,"comment_status":"closed","ping_status":"open","sticky":false,"template":"","format":"standard","meta":{"om_disable_all_campaigns":false,"_monsterinsights_skip_tracking":false,"_monsterinsights_sitenote_active":false,"_monsterinsights_sitenote_note":"","_monsterinsights_sitenote_category":0,"spay_email":""},"categories":[1],"tags":[],"jetpack_featured_media_url":"https:\/\/vimagazine.com.br\/wp-content\/uploads\/2024\/07\/8ea42393-44d2-4a67-8fc4-347807184c00-e1721220523448.jpg","_links":{"self":[{"href":"https:\/\/vimagazine.com.br\/index.php?rest_route=\/wp\/v2\/posts\/14814"}],"collection":[{"href":"https:\/\/vimagazine.com.br\/index.php?rest_route=\/wp\/v2\/posts"}],"about":[{"href":"https:\/\/vimagazine.com.br\/index.php?rest_route=\/wp\/v2\/types\/post"}],"author":[{"embeddable":true,"href":"https:\/\/vimagazine.com.br\/index.php?rest_route=\/wp\/v2\/users\/3"}],"replies":[{"embeddable":true,"href":"https:\/\/vimagazine.com.br\/index.php?rest_route=%2Fwp%2Fv2%2Fcomments&post=14814"}],"version-history":[{"count":1,"href":"https:\/\/vimagazine.com.br\/index.php?rest_route=\/wp\/v2\/posts\/14814\/revisions"}],"predecessor-version":[{"id":14816,"href":"https:\/\/vimagazine.com.br\/index.php?rest_route=\/wp\/v2\/posts\/14814\/revisions\/14816"}],"wp:featuredmedia":[{"embeddable":true,"href":"https:\/\/vimagazine.com.br\/index.php?rest_route=\/wp\/v2\/media\/14815"}],"wp:attachment":[{"href":"https:\/\/vimagazine.com.br\/index.php?rest_route=%2Fwp%2Fv2%2Fmedia&parent=14814"}],"wp:term":[{"taxonomy":"category","embeddable":true,"href":"https:\/\/vimagazine.com.br\/index.php?rest_route=%2Fwp%2Fv2%2Fcategories&post=14814"},{"taxonomy":"post_tag","embeddable":true,"href":"https:\/\/vimagazine.com.br\/index.php?rest_route=%2Fwp%2Fv2%2Ftags&post=14814"}],"curies":[{"name":"wp","href":"https:\/\/api.w.org\/{rel}","templated":true}]}}