{"id":14817,"date":"2024-07-17T12:24:10","date_gmt":"2024-07-17T15:24:10","guid":{"rendered":"https:\/\/vimagazine.com.br\/?p=14817"},"modified":"2024-07-17T12:24:10","modified_gmt":"2024-07-17T15:24:10","slug":"catarina-sants-da-dicas-de-looks-praticos-para-quem-vai-viajar-no-inverno","status":"publish","type":"post","link":"https:\/\/vimagazine.com.br\/?p=14817","title":{"rendered":"Catarina Sants d\u00e1 dicas de looks pr\u00e1ticos para quem vai viajar no Inverno"},"content":{"rendered":"\n<p>Catarina Sants d\u00e1 dicas de looks pr\u00e1ticos para quem vai viajar no Inverno<\/p>\n\n\n\n<p>Para um Inverno \u00e9 importante focar em pe\u00e7as leves e vers\u00e1teis. A dica \u00e9 da modelo e influencer de Moda Catarina Sants, presen\u00e7a descolada em animados eventos onde n\u00e3o faltam looks queridinhos no mundo fashion. &#8220;Em tempo de f\u00e9rias, para quem vai viajar, por exemplo, \u00e9 indispens\u00e1vel levar na mala combina\u00e7\u00f5es pr\u00e1ticas para variar os looks&#8221;, recomenda, sempre de olho nas tend\u00eancias, mas tamb\u00e9m na funcionalidade das pe\u00e7as do vestu\u00e1rio.<\/p>\n\n\n\n<p>Para Catarina, s\u00e3o indispens\u00e1veis na mala camisetas b\u00e1sicas, que podem ser usadas sozinhas ou como base de outras camadas; blusas leves de manga longa, para noites mais frescas ou para prote\u00e7\u00e3o solar; vestidos leves, de algod\u00e3o ou linho, ideais para o clima quente; shorts, pr\u00e1ticos para o dia a dia; cal\u00e7as leves, &#8220;preferencialmente de tecidos que respirem, como linho ou algod\u00e3o&#8221;, ensina.<\/p>\n\n\n\n<p>A influencer destaca, ainda: saias midi, que podem ser usadas para looks mais casuais ou arrumados; jaqueta jeans, &#8220;vers\u00e1til e que pode ser usada em diversas combina\u00e7\u00f5es&#8221;, al\u00e9m de um bom cardigan leve, &#8220;para camadas adicionais \u00e0 noite&#8221;.<\/p>\n\n\n\n<p>Nos p\u00e9s, o ideal \u00e9 usar t\u00eanis confort\u00e1veis, essenciais para caminhadas e passeios. &#8220;Se estiver frio, podem ser usados com meias mais grossas para manter os p\u00e9s aquecidos. Use sand\u00e1lias para os dias mais quentes; ou sapatilhas, sempre elegantes e confort\u00e1veis para a noite.<\/p>\n\n\n\n<p>Foto: Arquivo pessoal<\/p>\n","protected":false},"excerpt":{"rendered":"<p>Catarina Sants d\u00e1 dicas de looks pr\u00e1ticos para quem vai viajar no Inverno Para um&#8230;<\/p>\n","protected":false},"author":19,"featured_media":14818,"comment_status":"closed","ping_status":"open","sticky":false,"template":"","format":"standard","meta":{"om_disable_all_campaigns":false,"_monsterinsights_skip_tracking":false,"_monsterinsights_sitenote_active":false,"_monsterinsights_sitenote_note":"","_monsterinsights_sitenote_category":0,"spay_email":""},"categories":[1],"tags":[],"jetpack_featured_media_url":"https:\/\/vimagazine.com.br\/wp-content\/uploads\/2024\/07\/WhatsApp-Image-2024-07-17-at-08.57.40.jpeg","_links":{"self":[{"href":"https:\/\/vimagazine.com.br\/index.php?rest_route=\/wp\/v2\/posts\/14817"}],"collection":[{"href":"https:\/\/vimagazine.com.br\/index.php?rest_route=\/wp\/v2\/posts"}],"about":[{"href":"https:\/\/vimagazine.com.br\/index.php?rest_route=\/wp\/v2\/types\/post"}],"author":[{"embeddable":true,"href":"https:\/\/vimagazine.com.br\/index.php?rest_route=\/wp\/v2\/users\/19"}],"replies":[{"embeddable":true,"href":"https:\/\/vimagazine.com.br\/index.php?rest_route=%2Fwp%2Fv2%2Fcomments&post=14817"}],"version-history":[{"count":1,"href":"https:\/\/vimagazine.com.br\/index.php?rest_route=\/wp\/v2\/posts\/14817\/revisions"}],"predecessor-version":[{"id":14819,"href":"https:\/\/vimagazine.com.br\/index.php?rest_route=\/wp\/v2\/posts\/14817\/revisions\/14819"}],"wp:featuredmedia":[{"embeddable":true,"href":"https:\/\/vimagazine.com.br\/index.php?rest_route=\/wp\/v2\/media\/14818"}],"wp:attachment":[{"href":"https:\/\/vimagazine.com.br\/index.php?rest_route=%2Fwp%2Fv2%2Fmedia&parent=14817"}],"wp:term":[{"taxonomy":"category","embeddable":true,"href":"https:\/\/vimagazine.com.br\/index.php?rest_route=%2Fwp%2Fv2%2Fcategories&post=14817"},{"taxonomy":"post_tag","embeddable":true,"href":"https:\/\/vimagazine.com.br\/index.php?rest_route=%2Fwp%2Fv2%2Ftags&post=14817"}],"curies":[{"name":"wp","href":"https:\/\/api.w.org\/{rel}","templated":true}]}}