{"id":14829,"date":"2024-07-17T15:36:41","date_gmt":"2024-07-17T18:36:41","guid":{"rendered":"https:\/\/vimagazine.com.br\/?p=14829"},"modified":"2024-07-17T15:36:42","modified_gmt":"2024-07-17T18:36:42","slug":"felippe-prates-e-o-novo-presidente-da-vertical-de-tecnologia-do-lide-sc","status":"publish","type":"post","link":"https:\/\/vimagazine.com.br\/?p=14829","title":{"rendered":"FELIPPE PRATES \u00c9 O NOVO PRESIDENTE DA VERTICAL DE TECNOLOGIA DO LIDE SC"},"content":{"rendered":"\n<p><\/p>\n\n\n\n<p><\/p>\n\n\n\n<p class=\"has-medium-font-size\"><strong>Empres\u00e1rio passa a liderar plataforma que destaca o potencial do setor no Estado<\/strong><\/p>\n\n\n\n<p>Fundador e CEO de uma das empresas refer\u00eancia em infraestrutura cr\u00edtica e data center no Brasil, a Novalogic, Felippe Prates foi anunciado pelo Presidente do LIDE SC e LIDE RS, Delton Batista como o novo presidente de Tecnologia do LIDE Catarinense.<br>O an\u00fancio aconteceu durante encontro com lideran\u00e7as empresariais e o governador de Santa Catarina Jorginho Mello.<\/p>\n\n\n\n<p>\u201cEstou muito feliz com este convite. Acredito que o estado j\u00e1 tem o seu potencial tecnol\u00f3gico, mas essa \u00e9 uma pauta que todos n\u00f3s devemos manter ativa, por que sabemos que a tecnologia avan\u00e7a com muita rapidez e as empresas precisam acompanhar esta velocidade, para que tenhamos uma economia forte, m\u00e3o de obra qualificada e um mercado sempre aquecido, \u201d afirma Prates.<\/p>\n\n\n\n<p>Felippe \u00e9 natural de Imbituba, sul de Santa Catarina. O empres\u00e1rio come\u00e7ou a empreender muito cedo, desde a juventude, quando atuou como servente de pedreiro, cortador de grama e dono de oficina para consertar bicicleta.<br>Em 1999 teve o primeiro contato com a tecnologia. Foi ajudar o tio que era arquiteto e engenheiro.<br>J\u00e1 em Joinville, na d\u00e9cada de 2000, passou a trabalhar com automatiza\u00e7\u00e3o de ind\u00fastrias, bem no per\u00edodo chamado de \u2018transforma\u00e7\u00e3o da ind\u00fastria 3.0&#8242;.<br>Ao descobrir que poderia conectar ind\u00fastrias \u00e0 rede, decidiu abrir o neg\u00f3cio voltado \u00e0 tecnologia. E foi o que fez em 2006.<br>Reconhecida nacionalmente, a Novalogic j\u00e1 entregou mais de 1.800 obras e est\u00e1 presente em v\u00e1rios estados brasileiros conectando mais de 50 milh\u00f5es de pessoas.<br>Em agosto de 2024, o grupo vai completar 18 anos de hist\u00f3ria, com foco nos investimentos para modernizar o sistema de gest\u00e3o e ampliar as a\u00e7\u00f5es para Col\u00f4mbia, Chile e Peru.<\/p>\n\n\n\n<p>LIDE<br>Fundado no Brasil, em 2003, o LIDE &#8211; Grupo de L\u00edderes Empresariais \u00e9 uma organiza\u00e7\u00e3o que re\u00fane executivos dos mais variados setores de atua\u00e7\u00e3o em busca de fortalecer a livre iniciativa do desenvolvimento econ\u00f4mico e social, assim como a defesa dos princ\u00edpios \u00e9ticos de governan\u00e7a nas esferas p\u00fablica e privada.<\/p>\n\n\n\n<p>Em Santa Catarina, o LIDE SC, fundado em 2003, j\u00e1 conta com mais de 100 empresas filiadas e realiza centenas de eventos ao longo do ano, para disseminar novas ideias e fortalecer o networking para tornar as empresas mais fortes e competitivas.<\/p>\n\n\n\n<p><\/p>\n\n\n\n<p><\/p>\n\n\n\n<p class=\"has-small-font-size\">Foto: Divulga\u00e7\u00e3o<\/p>\n\n\n\n<p><\/p>\n\n\n\n<p><\/p>\n","protected":false},"excerpt":{"rendered":"<p>Empres\u00e1rio passa a liderar plataforma que destaca o potencial do setor no Estado Fundador e&#8230;<\/p>\n","protected":false},"author":1,"featured_media":14830,"comment_status":"closed","ping_status":"open","sticky":false,"template":"","format":"standard","meta":{"om_disable_all_campaigns":false,"_monsterinsights_skip_tracking":false,"_monsterinsights_sitenote_active":false,"_monsterinsights_sitenote_note":"","_monsterinsights_sitenote_category":0,"spay_email":""},"categories":[27,1],"tags":[],"jetpack_featured_media_url":"https:\/\/vimagazine.com.br\/wp-content\/uploads\/2024\/07\/WhatsApp-Image-2024-07-17-at-06.51.41.jpeg","_links":{"self":[{"href":"https:\/\/vimagazine.com.br\/index.php?rest_route=\/wp\/v2\/posts\/14829"}],"collection":[{"href":"https:\/\/vimagazine.com.br\/index.php?rest_route=\/wp\/v2\/posts"}],"about":[{"href":"https:\/\/vimagazine.com.br\/index.php?rest_route=\/wp\/v2\/types\/post"}],"author":[{"embeddable":true,"href":"https:\/\/vimagazine.com.br\/index.php?rest_route=\/wp\/v2\/users\/1"}],"replies":[{"embeddable":true,"href":"https:\/\/vimagazine.com.br\/index.php?rest_route=%2Fwp%2Fv2%2Fcomments&post=14829"}],"version-history":[{"count":1,"href":"https:\/\/vimagazine.com.br\/index.php?rest_route=\/wp\/v2\/posts\/14829\/revisions"}],"predecessor-version":[{"id":14831,"href":"https:\/\/vimagazine.com.br\/index.php?rest_route=\/wp\/v2\/posts\/14829\/revisions\/14831"}],"wp:featuredmedia":[{"embeddable":true,"href":"https:\/\/vimagazine.com.br\/index.php?rest_route=\/wp\/v2\/media\/14830"}],"wp:attachment":[{"href":"https:\/\/vimagazine.com.br\/index.php?rest_route=%2Fwp%2Fv2%2Fmedia&parent=14829"}],"wp:term":[{"taxonomy":"category","embeddable":true,"href":"https:\/\/vimagazine.com.br\/index.php?rest_route=%2Fwp%2Fv2%2Fcategories&post=14829"},{"taxonomy":"post_tag","embeddable":true,"href":"https:\/\/vimagazine.com.br\/index.php?rest_route=%2Fwp%2Fv2%2Ftags&post=14829"}],"curies":[{"name":"wp","href":"https:\/\/api.w.org\/{rel}","templated":true}]}}