{"id":14881,"date":"2024-07-20T13:03:15","date_gmt":"2024-07-20T16:03:15","guid":{"rendered":"https:\/\/vimagazine.com.br\/?p=14881"},"modified":"2024-07-20T13:03:17","modified_gmt":"2024-07-20T16:03:17","slug":"na-vibe-com-giu-cota-uma-conversa-imperdivel-com-jarbas-homem-de-mello-e-um-toque-especial-da-festa-das-lembrancinhas","status":"publish","type":"post","link":"https:\/\/vimagazine.com.br\/?p=14881","title":{"rendered":"Na Vibe com Giu Cota: Uma Conversa Imperd\u00edvel com Jarbas Homem de Mello e um Toque Especial da Festa das Lembrancinhas!"},"content":{"rendered":"\n<figure class=\"wp-block-image size-large\"><img width=\"1024\" height=\"577\" src=\"https:\/\/vimagazine.com.br\/wp-content\/uploads\/2024\/07\/Jarbas-1024x577.jpg\" alt=\"\" class=\"wp-image-14882\" srcset=\"https:\/\/vimagazine.com.br\/wp-content\/uploads\/2024\/07\/Jarbas-1024x577.jpg 1024w, https:\/\/vimagazine.com.br\/wp-content\/uploads\/2024\/07\/Jarbas-300x169.jpg 300w, https:\/\/vimagazine.com.br\/wp-content\/uploads\/2024\/07\/Jarbas-768x433.jpg 768w, https:\/\/vimagazine.com.br\/wp-content\/uploads\/2024\/07\/Jarbas.jpg 1170w\" sizes=\"(max-width: 1024px) 100vw, 1024px\" \/><figcaption>Jarbas Homem de Melo &#8211; Diretor musical \u00b4\u00b4U<a href=\"https:\/\/www.instagram.com\/umgrandeencontro?utm_source=ig_web_button_share_sheet&amp;igsh=ZDNlZDc0MzIxNw==\" title=\"m Grande Encontro\">m Grande Encontro<\/a>\u00b4\u00b4<\/figcaption><\/figure>\n\n\n\n<p>Nesta edi\u00e7\u00e3o da coluna &#8220;Na Vibe com Giu Cota&#8221; na ViMagazine, tive o prazer de entrevistar Jarbas Homem de Mello, diretor do espet\u00e1culo &#8220;Um Grande Encontro&#8221;, que est\u00e1 em cartaz no Teatro Marte Hall at\u00e9 01 de Serembro de 2024. O musical tem encantado o p\u00fablico com performances emocionantes e uma produ\u00e7\u00e3o de alt\u00edssimo n\u00edvel.<\/p>\n\n\n\n<p>Durante nossa conversa, Jarbas compartilhou detalhes sobre sua carreira e os desafios de dirigir o espet\u00e1culo, destacando a qu\u00edmica entre os atores e a qualidade das apresenta\u00e7\u00f5es. Ele enfatizou o que torna &#8220;Um Grande Encontro&#8221; uma experi\u00eancia t\u00e3o especial e imperd\u00edvel para os amantes do teatro.<\/p>\n\n\n\n<p>Para celebrar esse momento \u00fanico, presenteei Jarbas com uma caneca personalizada da Festa das Lembrancinhas, uma parceria especial que torna cada ocasi\u00e3o ainda mais memor\u00e1vel. A Festa das Lembrancinhas, comandada pela talentosa Renata Nicolini \u00e9 conhecida por criar produtos \u00fanicos e personalizados que encantam a todos. A aten\u00e7\u00e3o aos detalhes e o carinho colocado em cada pe\u00e7a fazem toda a diferen\u00e7a, transformando simples lembran\u00e7as em verdadeiras obras de arte.<\/p>\n\n\n\n<p>O <a href=\"https:\/\/www.instagram.com\/martehallsaopaulo?utm_source=ig_web_button_share_sheet&amp;igsh=ZDNlZDc0MzIxNw==\" title=\"Teatro Marte Hall\">Teatro Marte Hall<\/a> ,localizado na Rua Domingos de Moraes, 348 &#8211; S\u00e3o Paulo, SP &#8211; \u00e9 um espa\u00e7o ic\u00f4nico que abriga diversas produ\u00e7\u00f5es de teatro,\u00a0 Stand Up\u00a0 e eventos culturais, proporcionando uma experi\u00eancia \u00fanica ao p\u00fablico.<\/p>\n\n\n\n<figure class=\"wp-container-2 wp-block-gallery-1 wp-block-gallery has-nested-images columns-default is-cropped\">\n<figure class=\"wp-block-image size-large\"><img width=\"1280\" height=\"853\" data-id=\"14884\"  src=\"https:\/\/vimagazine.com.br\/wp-content\/uploads\/2024\/07\/Renata-e-Giu.jpg\" alt=\"\" class=\"wp-image-14884\" srcset=\"https:\/\/vimagazine.com.br\/wp-content\/uploads\/2024\/07\/Renata-e-Giu.jpg 1280w, https:\/\/vimagazine.com.br\/wp-content\/uploads\/2024\/07\/Renata-e-Giu-300x200.jpg 300w, https:\/\/vimagazine.com.br\/wp-content\/uploads\/2024\/07\/Renata-e-Giu-1024x682.jpg 1024w, https:\/\/vimagazine.com.br\/wp-content\/uploads\/2024\/07\/Renata-e-Giu-768x512.jpg 768w\" sizes=\"(max-width: 1280px) 100vw, 1280px\" \/><figcaption>Apesar de uma longa parceria, este foi \u00b4\u00b4Um Grande Encontro\u00b4\u00b4  entre Giu e Renata.<\/figcaption><\/figure>\n<\/figure>\n\n\n\n<p>Essa parceria com a Festa das Lembrancinhas \u00e9 um exemplo de como a uni\u00e3o de talentos pode resultar em momentos inesquec\u00edveis. Recomendo fortemente conferir o trabalho de Renata Nicolini para adicionar um toque especial a qualquer evento.<\/p>\n\n\n\n<figure class=\"wp-block-video\"><video controls src=\"https:\/\/vimagazine.com.br\/wp-content\/uploads\/2024\/07\/Giu-e-Jarbas-4.mov\"><\/video><\/figure>\n\n\n\n<p>#UmGrandeEncontro #TeatroMarteHall #JarbasHomemdeMello #FestaDasLembrancinhas #RenataNicolino #NaVibeComGiuCota #MusicalDeSucesso #EntrevistaImperd\u00edvel #ParceriasDeSucesso #Teatro #ViMagazine #giucota<\/p>\n\n\n\n<p><strong><a href=\"https:\/\/www.instagram.com\/giucota?igsh=MXNzYXprbDJpaWhzNQ%3D%3D&amp;utm_source=qr\" title=\"Giu Cota\">Giu Cota<\/a><\/strong><\/p>\n\n\n\n<p>Colunista <a href=\"https:\/\/www.instagram.com\/vi_magazine_?utm_source=ig_web_button_share_sheet&amp;igsh=ZDNlZDc0MzIxNw==\" title=\"ViMagazine\">ViMagazine<\/a><\/p>\n\n\n\n<p>&nbsp;\u201cNa Vibe &nbsp;com Giu Cota\u201d<\/p>\n\n\n\n<p>Assessoria: <a href=\"https:\/\/www.instagram.com\/robertoassessor?utm_source=ig_web_button_share_sheet&amp;igsh=ZDNlZDc0MzIxNw==\" title=\"Roberto Rodrigues\">Roberto Rodrigues<\/a><\/p>\n\n\n\n<p>Fotografia: <a href=\"https:\/\/www.instagram.com\/gih_fotografiaofc?utm_source=ig_web_button_share_sheet&amp;igsh=ZDNlZDc0MzIxNw==\" title=\"Gisele Amaro\">Gisele Amaro<\/a><\/p>\n","protected":false},"excerpt":{"rendered":"<p>Nesta edi\u00e7\u00e3o da coluna &#8220;Na Vibe com Giu Cota&#8221; na ViMagazine, tive o prazer de&#8230;<\/p>\n","protected":false},"author":37,"featured_media":0,"comment_status":"closed","ping_status":"open","sticky":false,"template":"","format":"standard","meta":{"om_disable_all_campaigns":false,"_monsterinsights_skip_tracking":false,"_monsterinsights_sitenote_active":false,"_monsterinsights_sitenote_note":"","_monsterinsights_sitenote_category":0,"spay_email":""},"categories":[1],"tags":[],"jetpack_featured_media_url":"","_links":{"self":[{"href":"https:\/\/vimagazine.com.br\/index.php?rest_route=\/wp\/v2\/posts\/14881"}],"collection":[{"href":"https:\/\/vimagazine.com.br\/index.php?rest_route=\/wp\/v2\/posts"}],"about":[{"href":"https:\/\/vimagazine.com.br\/index.php?rest_route=\/wp\/v2\/types\/post"}],"author":[{"embeddable":true,"href":"https:\/\/vimagazine.com.br\/index.php?rest_route=\/wp\/v2\/users\/37"}],"replies":[{"embeddable":true,"href":"https:\/\/vimagazine.com.br\/index.php?rest_route=%2Fwp%2Fv2%2Fcomments&post=14881"}],"version-history":[{"count":2,"href":"https:\/\/vimagazine.com.br\/index.php?rest_route=\/wp\/v2\/posts\/14881\/revisions"}],"predecessor-version":[{"id":14890,"href":"https:\/\/vimagazine.com.br\/index.php?rest_route=\/wp\/v2\/posts\/14881\/revisions\/14890"}],"wp:attachment":[{"href":"https:\/\/vimagazine.com.br\/index.php?rest_route=%2Fwp%2Fv2%2Fmedia&parent=14881"}],"wp:term":[{"taxonomy":"category","embeddable":true,"href":"https:\/\/vimagazine.com.br\/index.php?rest_route=%2Fwp%2Fv2%2Fcategories&post=14881"},{"taxonomy":"post_tag","embeddable":true,"href":"https:\/\/vimagazine.com.br\/index.php?rest_route=%2Fwp%2Fv2%2Ftags&post=14881"}],"curies":[{"name":"wp","href":"https:\/\/api.w.org\/{rel}","templated":true}]}}