{"id":14909,"date":"2024-07-23T09:05:11","date_gmt":"2024-07-23T12:05:11","guid":{"rendered":"https:\/\/vimagazine.com.br\/?p=14909"},"modified":"2024-07-23T09:05:28","modified_gmt":"2024-07-23T12:05:28","slug":"autora-de-livro-sobre-a-obra-de-chico-buarque-encerra-rodada-de-palestras-em-concordia-dia-30","status":"publish","type":"post","link":"https:\/\/vimagazine.com.br\/?p=14909","title":{"rendered":"Autora de livro sobre a obra de Chico Buarque encerra rodada de palestras em Conc\u00f3rdia, dia 30"},"content":{"rendered":"\n<p class=\"has-text-align-center\">Em uma a\u00e7\u00e3o que marca os 80 anos de um dos maiores artistas brasileiros, a pianista e produtora cultural Marisa Toledo homenageia Chico Buarque com uma s\u00e9rie de palestras seguidas de rodas de conversa sobre o livro \u201cPalavra Presa na Garganta\u201d \u2013 que est\u00e1 sendo relan\u00e7ado \u2013 em institui\u00e7\u00f5es de ensino superior de Santa Catarina. <\/p>\n\n\n\n<p class=\"has-text-align-center\">A programa\u00e7\u00e3o se encerra no dia 30 de julho, em Conc\u00f3rdia A palestra ser\u00e1 \u00e0s 19h30, no Instituto Federal Catarinense (IFC), situado na Rodovia SC 283, s\/n, bairro Fragosos.<\/p>\n\n\n\n<p class=\"has-text-align-center\"> Desde o final de maio, autora j\u00e1 passou por Joinville, Blumenau, Florian\u00f3polis, Laguna e Lages.<\/p>\n\n\n\n<p><\/p>\n\n\n\n<p class=\"has-text-align-center\"><strong>Para Marisa Toledo, o projeto termina \u201ccom cara de come\u00e7o\u201d. <\/strong><\/p>\n\n\n\n<p class=\"has-text-align-center\">Ela entende que ainda h\u00e1 um longo caminho a percorrer, no desafio de difundir a obra de forma mais abrangente. <\/p>\n\n\n\n<p class=\"has-text-align-center\">\u201cEmbora as universidades sejam lugares que teoricamente pudessem ser pontos multiplicadores do conhecimento, a pr\u00e1tica tem demonstrado que \u00e9 s\u00f3 o in\u00edcio da jornada, e que a abrang\u00eancia do livro se dar\u00e1 pelo \u2018cont\u00e1gio\u2019 pessoal \u2013 quando conseguirmos sensibilizar esses grupos espec\u00edficos, as pessoas com defici\u00eancia visual e auditiva, principalmente\u201d, pondera Marisa, produtora com mais de 180 projetos impulsionados via leis de incentivo, \u00e0 frente da Ag\u00eancia Cultural AqueleTrio.<\/p>\n\n\n\n<p class=\"has-text-align-center\">\u201cPalavra Presa na Garganta\u201d analisa o impacto do contexto pol\u00edtico dos anos 1960 sobre a obra de Chico Buarque<\/p>\n\n\n\n<p class=\"has-text-align-center\">. O volume foi relan\u00e7ado em vers\u00f5es acess\u00edveis \u2013 e-book com descri\u00e7\u00e3o de imagens, audiobook com trilhas incidentais do compositor e videobook em Libras \u2013, para leitores cegos e surdos.<\/p>\n\n\n\n<p class=\"has-text-align-center\"> Os novos formatos inclusivos j\u00e1 est\u00e3o dispon\u00edveis gratuitamente pela internet (confira no perfil do instagram, @palavrapresanagarganta).<\/p>\n\n\n\n<p class=\"has-text-align-center\">A concep\u00e7\u00e3o dessas vers\u00f5es teve o envolvimento do IMPAR, o Instituto de Pesquisa da Arte pelo Movimento, de Joinville.<\/p>\n\n\n\n<p class=\"has-text-align-center\"> Iraci Seefeldt, coordenadora de projetos do IMPAR, sublinha a \u201calegria enorme\u201d da institui\u00e7\u00e3o em participar desse projeto, \u201cfruto das a\u00e7\u00f5es que temos desenvolvido ao longo dos anos, que reverberaram e se multiplicaram\u201d<\/p>\n\n\n\n<p class=\"has-text-align-center\">Proposta cultural realizada com recursos do governo do Estado de Santa Catarina, pela Fundac\u0327a\u0303o Catarinense de Cultura (FCC), por meio do Pre\u0302mio Elisabete Anderle de Esti\u0301mulo a\u0300 Cultura \u2013 Edic\u0327a\u0303o 2023, o livro tem o apoio institucional do IMPAR, o Instituto de Pesquisa da Arte pelo Movimento.<\/p>\n\n\n\n<p class=\"has-text-align-center\">Assessoria de imprensa projeto \u201cPalavra Presa na Garganta\u201d.<\/p>\n\n\n\n<p class=\"has-text-align-center\"> Jornalista respons\u00e1vel: Guilherme Diefenthaeler (reg. prof. 6207\/RS). <\/p>\n\n\n\n<p class=\"has-text-align-center\">WhatsApp (47) 98403-2745.<\/p>\n","protected":false},"excerpt":{"rendered":"<p>Em uma a\u00e7\u00e3o que marca os 80 anos de um dos maiores artistas brasileiros, a&#8230;<\/p>\n","protected":false},"author":3,"featured_media":14910,"comment_status":"closed","ping_status":"open","sticky":false,"template":"","format":"standard","meta":{"om_disable_all_campaigns":false,"_monsterinsights_skip_tracking":false,"_monsterinsights_sitenote_active":false,"_monsterinsights_sitenote_note":"","_monsterinsights_sitenote_category":0,"spay_email":""},"categories":[1],"tags":[],"jetpack_featured_media_url":"https:\/\/vimagazine.com.br\/wp-content\/uploads\/2024\/07\/gui.jpeg","_links":{"self":[{"href":"https:\/\/vimagazine.com.br\/index.php?rest_route=\/wp\/v2\/posts\/14909"}],"collection":[{"href":"https:\/\/vimagazine.com.br\/index.php?rest_route=\/wp\/v2\/posts"}],"about":[{"href":"https:\/\/vimagazine.com.br\/index.php?rest_route=\/wp\/v2\/types\/post"}],"author":[{"embeddable":true,"href":"https:\/\/vimagazine.com.br\/index.php?rest_route=\/wp\/v2\/users\/3"}],"replies":[{"embeddable":true,"href":"https:\/\/vimagazine.com.br\/index.php?rest_route=%2Fwp%2Fv2%2Fcomments&post=14909"}],"version-history":[{"count":1,"href":"https:\/\/vimagazine.com.br\/index.php?rest_route=\/wp\/v2\/posts\/14909\/revisions"}],"predecessor-version":[{"id":14911,"href":"https:\/\/vimagazine.com.br\/index.php?rest_route=\/wp\/v2\/posts\/14909\/revisions\/14911"}],"wp:featuredmedia":[{"embeddable":true,"href":"https:\/\/vimagazine.com.br\/index.php?rest_route=\/wp\/v2\/media\/14910"}],"wp:attachment":[{"href":"https:\/\/vimagazine.com.br\/index.php?rest_route=%2Fwp%2Fv2%2Fmedia&parent=14909"}],"wp:term":[{"taxonomy":"category","embeddable":true,"href":"https:\/\/vimagazine.com.br\/index.php?rest_route=%2Fwp%2Fv2%2Fcategories&post=14909"},{"taxonomy":"post_tag","embeddable":true,"href":"https:\/\/vimagazine.com.br\/index.php?rest_route=%2Fwp%2Fv2%2Ftags&post=14909"}],"curies":[{"name":"wp","href":"https:\/\/api.w.org\/{rel}","templated":true}]}}