{"id":14937,"date":"2024-07-23T20:03:51","date_gmt":"2024-07-23T23:03:51","guid":{"rendered":"https:\/\/vimagazine.com.br\/?p=14937"},"modified":"2024-07-23T20:03:52","modified_gmt":"2024-07-23T23:03:52","slug":"sesc-abre-inscricoes-para-brincando-nas-ferias-com-programacao-especial-no-recesso-escolar","status":"publish","type":"post","link":"https:\/\/vimagazine.com.br\/?p=14937","title":{"rendered":"Sesc abre inscri\u00e7\u00f5es para Brincando nas F\u00e9rias com programa\u00e7\u00e3o especial no recesso escolar"},"content":{"rendered":"\n<p><\/p>\n\n\n\n<p class=\"has-medium-font-size\"><strong><em>Nesta edi\u00e7\u00e3o de inverno a tradicional col\u00f4nia de f\u00e9rias do Sesc traz o tema &#8220;A magia dos contos de fadas&#8221;<\/em><\/strong><\/p>\n\n\n\n<p><\/p>\n\n\n\n<p>O Sesc Santa Catarina est\u00e1 com inscri\u00e7\u00f5es abertas para a&nbsp;<strong>edi\u00e7\u00e3o de inverno do &#8220;Brincando nas F\u00e9rias&#8221;<\/strong>&nbsp;em suas Unidades no Estado. O projeto acontece entre os dias&nbsp;<strong>22\/07 e 02\/08<\/strong>&nbsp;para as crian\u00e7as de 3 a 10 anos aproveitarem o recesso escolar com momentos de divers\u00e3o, brincadeiras e muito conhecimento.<\/p>\n\n\n\n<p>A tem\u00e1tica&nbsp;<strong>&#8220;A magia dos contos de fadas&#8221;&nbsp;<\/strong>nortear\u00e1 a programa\u00e7\u00e3o especial que envolver\u00e1 o universo da imagina\u00e7\u00e3o, dos feiti\u00e7os, das palavras m\u00e1gicas, dos bosques e florestas, das fadas e duendes e outros tantos seres encantados. A programa\u00e7\u00e3o especial conta com brincadeiras, oficinas criativas, gincanas, esportes, jogos, conta\u00e7\u00e3o de hist\u00f3rias, din\u00e2micas de integra\u00e7\u00e3o, entre outras a\u00e7\u00f5es que v\u00e3o proporcionar incr\u00edveis experi\u00eancias aos participantes.<\/p>\n\n\n\n<p>&#8220;A inf\u00e2ncia \u00e9 um per\u00edodo m\u00e1gico, onde tudo o que a imagina\u00e7\u00e3o cria torna-se real e grandioso. Esta edi\u00e7\u00e3o do Brincando nas F\u00e9rias tem como objetivo incentivar ainda mais a ludicidade, trazendo para os pequenos todo o encantamento do mundo do faz de conta, das hist\u00f3rias e dos contos de fadas&#8221;, destaca a gerente de Lazer do Sesc, Giseli Mara Schena.<\/p>\n\n\n\n<p><strong>Inscri\u00e7\u00f5es<\/strong><\/p>\n\n\n\n<p>As inscri\u00e7\u00f5es podem ser efetuadas na \u00c1rea de Relacionamento com Clientes das Unidades, para crian\u00e7as de 3 a 6 anos (completamente desfraldadas) e de 7 a 10 anos, em turmas diferentes. Em cada cidade h\u00e1 um calend\u00e1rio espec\u00edfico de realiza\u00e7\u00e3o e uma programa\u00e7\u00e3o especial envolvendo a tem\u00e1tica proposta. Desta forma, oferecemos um ambiente f\u00e9rtil ao livre brincar, \u00e0 integra\u00e7\u00e3o e a\u00e7\u00f5es educativas, contribuindo para o desenvolvimento saud\u00e1vel dos pequenos participantes.<\/p>\n\n\n\n<p><a href=\"https:\/\/click.cse360.com.br\/Click\/AddCampaignEmailClick\/7df19a52-f4bd-4f69-5a4c-08dc8ed67709\/https%253a%252f%252fwww.sesc-sc.com.br%252fagenda%252frecreacao%252fbrincando-nas-ferias-\/84a13bf5-1001-4b37-93cf-9aa5931b4a9b\/vimagazine@vimagazine.com.br\/True\" rel=\"noreferrer noopener\" target=\"_blank\"><strong>Clique aqui<\/strong><\/a>&nbsp;para conferir a programa\u00e7\u00e3o completa em cada cidade e valores<\/p>\n\n\n\n<p><strong>Sobre o Brincando nas F\u00e9rias&nbsp;<\/strong><\/p>\n\n\n\n<p>Criado em 1990, o Brincando nas F\u00e9rias do Sesc est\u00e1 consolidado como uma op\u00e7\u00e3o de lazer e recrea\u00e7\u00e3o de confian\u00e7a para as fam\u00edlias, durante o recesso escolar. O projeto tem o objetivo de oferecer ao p\u00fablico infantil durante as f\u00e9rias de ver\u00e3o e de inverno, uma op\u00e7\u00e3o qualificada de lazer, que contemple atividades de car\u00e1ter l\u00fadico educativo, destinadas a promover a divers\u00e3o e a contribuir para o desenvolvimento de habilidades e conhecimentos.<\/p>\n\n\n\n<p>A programa\u00e7\u00e3o recebe a cada edi\u00e7\u00e3o um tema especial, com atividades pautadas nos objetivos educativos, culturais, esportivos e sociais, tendo o compromisso de criar, com as crian\u00e7as, momentos de alegria e novas descobertas. Por meio das atividades propostas, os participantes t\u00eam a oportunidade se socializar, criar novos la\u00e7os de amizade, al\u00e9m de despertar o gosto pelos esportes, jogos, brincadeiras e artes.<\/p>\n\n\n\n<p>O projeto \u00e9 bastante requisitado, pois, al\u00e9m de proporcionar um per\u00edodo de divertimento e aprendizado para as crian\u00e7as durante as f\u00e9rias, \u00e9 uma op\u00e7\u00e3o segura para os pais ou respons\u00e1veis deixarem seus filhos durante grande parte do dia enquanto est\u00e3o no trabalho.<\/p>\n\n\n\n<p><\/p>\n\n\n\n<p>SAIBA MAIS :<br><a href=\"https:\/\/www.sesc-sc.com.br\/agenda\/recreacao\/brincando-nas-ferias-\">https:\/\/www.sesc-sc.com.br\/agenda\/recreacao\/brincando-nas-ferias-<\/a><\/p>\n\n\n\n<p><\/p>\n","protected":false},"excerpt":{"rendered":"<p>Nesta edi\u00e7\u00e3o de inverno a tradicional col\u00f4nia de f\u00e9rias do Sesc traz o tema &#8220;A&#8230;<\/p>\n","protected":false},"author":1,"featured_media":14938,"comment_status":"closed","ping_status":"open","sticky":false,"template":"","format":"standard","meta":{"om_disable_all_campaigns":false,"_monsterinsights_skip_tracking":false,"_monsterinsights_sitenote_active":false,"_monsterinsights_sitenote_note":"","_monsterinsights_sitenote_category":0,"spay_email":""},"categories":[27,1],"tags":[],"jetpack_featured_media_url":"https:\/\/vimagazine.com.br\/wp-content\/uploads\/2024\/07\/189c0341-244f-420e-8a7d-79a248f7717c.jpg","_links":{"self":[{"href":"https:\/\/vimagazine.com.br\/index.php?rest_route=\/wp\/v2\/posts\/14937"}],"collection":[{"href":"https:\/\/vimagazine.com.br\/index.php?rest_route=\/wp\/v2\/posts"}],"about":[{"href":"https:\/\/vimagazine.com.br\/index.php?rest_route=\/wp\/v2\/types\/post"}],"author":[{"embeddable":true,"href":"https:\/\/vimagazine.com.br\/index.php?rest_route=\/wp\/v2\/users\/1"}],"replies":[{"embeddable":true,"href":"https:\/\/vimagazine.com.br\/index.php?rest_route=%2Fwp%2Fv2%2Fcomments&post=14937"}],"version-history":[{"count":1,"href":"https:\/\/vimagazine.com.br\/index.php?rest_route=\/wp\/v2\/posts\/14937\/revisions"}],"predecessor-version":[{"id":14939,"href":"https:\/\/vimagazine.com.br\/index.php?rest_route=\/wp\/v2\/posts\/14937\/revisions\/14939"}],"wp:featuredmedia":[{"embeddable":true,"href":"https:\/\/vimagazine.com.br\/index.php?rest_route=\/wp\/v2\/media\/14938"}],"wp:attachment":[{"href":"https:\/\/vimagazine.com.br\/index.php?rest_route=%2Fwp%2Fv2%2Fmedia&parent=14937"}],"wp:term":[{"taxonomy":"category","embeddable":true,"href":"https:\/\/vimagazine.com.br\/index.php?rest_route=%2Fwp%2Fv2%2Fcategories&post=14937"},{"taxonomy":"post_tag","embeddable":true,"href":"https:\/\/vimagazine.com.br\/index.php?rest_route=%2Fwp%2Fv2%2Ftags&post=14937"}],"curies":[{"name":"wp","href":"https:\/\/api.w.org\/{rel}","templated":true}]}}