{"id":14946,"date":"2024-07-24T06:05:25","date_gmt":"2024-07-24T09:05:25","guid":{"rendered":"https:\/\/vimagazine.com.br\/?p=14946"},"modified":"2024-07-24T20:22:41","modified_gmt":"2024-07-24T23:22:41","slug":"teresina-recebe-primeiro-evento-em-prol-da-felicidade","status":"publish","type":"post","link":"https:\/\/vimagazine.com.br\/?p=14946","title":{"rendered":"<strong>Teresina recebe primeiro evento em prol da felicidade<\/strong>"},"content":{"rendered":"\n<p class=\"has-text-align-center\"><em>Encontro acontece em agosto e se prop\u00f5e a discutir o bem-estar e qualidade de vida<\/em><\/p>\n\n\n\n<p><br>A busca constante pela felicidade faz parte da vida da maioria das pessoas, mas voc\u00ea j\u00e1 pensou sobre o que \u00e9 felicidade e onde ela se encontra? Na teoria, de acordo com o dicion\u00e1rio, \u00e9 uma satisfa\u00e7\u00e3o, estado de contentamento e bem-estar. Mas, e na pr\u00e1tica o que significa? Para discutir a tem\u00e1tica e trazer reflex\u00f5es sobre o assunto, Teresina recebe o 1\u00b0 Felizcidade THE, evento que reunir\u00e1 palestrantes nacionais em um encontro que ir\u00e1 marcar a capital e a colocar\u00e1 no cen\u00e1rio nacional, pelo menos por um dia, como uma das cidades mais felizes do Brasil. A primeira edi\u00e7\u00e3o acontece no dia 16 de agosto, anivers\u00e1rio de Teresina, na Bright School, localizada na Rua Anfr\u00edsio Lob\u00e3o, 1794, J\u00f3quei.<br><br>Durante a manh\u00e3, das 7h \u00e0s 13h, a capital piauiense ser\u00e1 palco de hist\u00f3rias inspiradoras de grandes nomes brasileiros que compartilhar\u00e3o suas viv\u00eancias e experi\u00eancias para que os participantes possam refletir sobre como a felicidade pode impactar no dia a dia e melhorar a produtividade, transformando a cidade atrav\u00e9s das pessoas que nela vivem.<br><br>\u201cO Felizcidade THE \u00e9 um evento que surge em Teresina como um presente para a nossa capital, direcionado \u00e0s pessoas que tamb\u00e9m cuidam de outras pessoas \u00e0 sua volta e que precisam estar bem para entregarem o melhor de si. Queremos plantar a semente da felicidade no cora\u00e7\u00e3o das pessoas, por meio de encontros com hist\u00f3rias inspiradoras, a\u00e7\u00f5es de bem-estar, conex\u00f5es e reflex\u00f5es sobre aquilo que pode beneficiar a vida de cada um \u00e0 nossa volta. O dia escolhido foi o anivers\u00e1rio da nossa capital para que possamos todos valorizar o local que vivemos e trabalhar diariamente para uma cidade ainda melhor. Particularmente, eu posso dizer que eu tenho 172 motivos para viver aqui em Teresina\u201d, ressalta Pedro Paulo Lombardi, idealizador do evento.\u201d<br><br>Cinco palestrantes far\u00e3o parte dessa manh\u00e3 de imers\u00e3o na felicidade. A jornalista e colunista do Jornal de Bras\u00edlia, Analice Nicolau; o Treinador Campe\u00e3o Sul-americano de meia maratona, Heleno Fortes; o palestrante motivacional e artista do espet\u00e1culo Alegria do Cirque du Soleil, Marcos Casuo; o comediante de Stand Up, Stevan Gaipo; e o fil\u00f3sofo, te\u00f3logo, cantor e compositor, Jorge Trevisol, ir\u00e3o abrilhantar o evento trazendo suas experi\u00eancias de como a felicidade pode impactar na vida e na produtividade das pessoas.<br><br>O evento \u00e9 aberto ao p\u00fablico e as inscri\u00e7\u00f5es j\u00e1 podem ser feitas por meio do&nbsp;<\/p>\n\n\n\n<p>link&nbsp;<a href=\"https:\/\/doity.com.br\/felizcidade\" target=\"_blank\" rel=\"noreferrer noopener\">https:\/\/doity.com.br\/felizcidade<\/a>.<\/p>\n","protected":false},"excerpt":{"rendered":"<p>Encontro acontece em agosto e se prop\u00f5e a discutir o bem-estar e qualidade de vida&#8230;<\/p>\n","protected":false},"author":2,"featured_media":14982,"comment_status":"closed","ping_status":"open","sticky":false,"template":"","format":"standard","meta":{"om_disable_all_campaigns":false,"_monsterinsights_skip_tracking":false,"_monsterinsights_sitenote_active":false,"_monsterinsights_sitenote_note":"","_monsterinsights_sitenote_category":0,"spay_email":""},"categories":[26,75],"tags":[511,486],"jetpack_featured_media_url":"https:\/\/vimagazine.com.br\/wp-content\/uploads\/2024\/07\/Captura-de-tela-2024-07-24-202151.jpg","_links":{"self":[{"href":"https:\/\/vimagazine.com.br\/index.php?rest_route=\/wp\/v2\/posts\/14946"}],"collection":[{"href":"https:\/\/vimagazine.com.br\/index.php?rest_route=\/wp\/v2\/posts"}],"about":[{"href":"https:\/\/vimagazine.com.br\/index.php?rest_route=\/wp\/v2\/types\/post"}],"author":[{"embeddable":true,"href":"https:\/\/vimagazine.com.br\/index.php?rest_route=\/wp\/v2\/users\/2"}],"replies":[{"embeddable":true,"href":"https:\/\/vimagazine.com.br\/index.php?rest_route=%2Fwp%2Fv2%2Fcomments&post=14946"}],"version-history":[{"count":1,"href":"https:\/\/vimagazine.com.br\/index.php?rest_route=\/wp\/v2\/posts\/14946\/revisions"}],"predecessor-version":[{"id":14948,"href":"https:\/\/vimagazine.com.br\/index.php?rest_route=\/wp\/v2\/posts\/14946\/revisions\/14948"}],"wp:featuredmedia":[{"embeddable":true,"href":"https:\/\/vimagazine.com.br\/index.php?rest_route=\/wp\/v2\/media\/14982"}],"wp:attachment":[{"href":"https:\/\/vimagazine.com.br\/index.php?rest_route=%2Fwp%2Fv2%2Fmedia&parent=14946"}],"wp:term":[{"taxonomy":"category","embeddable":true,"href":"https:\/\/vimagazine.com.br\/index.php?rest_route=%2Fwp%2Fv2%2Fcategories&post=14946"},{"taxonomy":"post_tag","embeddable":true,"href":"https:\/\/vimagazine.com.br\/index.php?rest_route=%2Fwp%2Fv2%2Ftags&post=14946"}],"curies":[{"name":"wp","href":"https:\/\/api.w.org\/{rel}","templated":true}]}}