{"id":14949,"date":"2024-07-24T08:40:41","date_gmt":"2024-07-24T11:40:41","guid":{"rendered":"https:\/\/vimagazine.com.br\/?p=14949"},"modified":"2024-07-24T08:40:43","modified_gmt":"2024-07-24T11:40:43","slug":"cupula-mundial-sobre-transicao-energetica","status":"publish","type":"post","link":"https:\/\/vimagazine.com.br\/?p=14949","title":{"rendered":"C\u00fapula Mundial sobre Transi\u00e7\u00e3o Energ\u00e9tica"},"content":{"rendered":"\n<h2><strong>Global Institute for the Future of Tourism (Instituto Global para o Futuro do Turismo), Winds for Future e Advanced Leadership Foundation lan\u00e7am C\u00fapula Mundial sobre Transi\u00e7\u00e3o Energ\u00e9tica<\/strong><\/h2>\n\n\n\n<p>Na \u00faltima segunda-feira, 22 de julho, o Instituto Global para o Futuro do Turismo (GIFT), Winds for Future e a Advanced Leadership Foundation lan\u00e7aram oficialmente a C\u00fapula Mundial sobre Transi\u00e7\u00e3o Energ\u00e9tica, marcada para acontecer nos dias 28 e 29 de novembro na capital cearensee, Fortaleza, nordeste do Brasil. Esta c\u00fapula est\u00e1 prestes a ser o principal evento sobre transi\u00e7\u00e3o energ\u00e9tica no Brasil, preparando o terreno para a lideran\u00e7a do pa\u00eds na inova\u00e7\u00e3o energ\u00e9tica global.<\/p>\n\n\n\n<p>A c\u00fapula deste ano tem uma import\u00e2ncia significativa, pois se alinha com a presid\u00eancia brasileira do G20 e prepara o cen\u00e1rio para a COP30, que tamb\u00e9m ser\u00e1 sediada no Brasil no pr\u00f3ximo ano. A Cimeira Mundial sobre Transi\u00e7\u00e3o Energ\u00e9tica em Fortaleza reunir\u00e1 os principais l\u00edderes globais e inovadores na transi\u00e7\u00e3o energ\u00e9tica, oferecendo uma plataforma para explorar oportunidades inovadoras em energias alternativas, envolver-se com investidores e reunir oradores e especialistas de renome internacional para moldar o futuro da energia.<\/p>\n\n\n\n<h3><strong>C\u00fapula Mundial sobre Transi\u00e7\u00e3o Energ\u00e9tica<\/strong><\/h3>\n\n\n\n<p>O evento de lan\u00e7amento na Sede das Na\u00e7\u00f5es Unidas contou com apresenta\u00e7\u00f5es de Jorge Brown, Presidente do <a href=\"https:\/\/www.linkedin.com\/company\/thefutureoftourism?trk=similar-pages\" target=\"_blank\" rel=\"noreferrer noopener\">Instituto Global para o Futuro do Turismo. <\/a>Tamb\u00e9m com o CEO da <a href=\"https:\/\/www.aleadership.org\/\" target=\"_blank\" rel=\"noreferrer noopener\">Advanced Vision Foundation<\/a>, e Jorge Borrell, Presidente da <a href=\"https:\/\/www.instagram.com\/windsforfuture\/\" target=\"_blank\" rel=\"noreferrer noopener\">Winds for Future<\/a>.\u201cEste evento certamente ser\u00e1 um marco, n\u00e3o s\u00f3 para a regi\u00e3o Nordeste do Brasil e para o pa\u00eds, mas tamb\u00e9m se tornar\u00e1 uma refer\u00eancia internacional sobre as din\u00e2micas emergentes e os caminhos futuros para a energia.Ir\u00e1 destacar o papel fundamental das novas tecnologias, como o hidrog\u00e9nio e outras inova\u00e7\u00f5es sustent\u00e1veis\u201d, afirmou Jorge Brown.<\/p>\n\n\n\n<p>O secret\u00e1rio de Desenvolvimento Econ\u00f4mico do Cear\u00e1, <a href=\"https:\/\/www.instagram.com\/salmitooficial\/\" target=\"_blank\" rel=\"noreferrer noopener\">Salmito Filho<\/a>, enfatizou o compromisso do governo regional, afirmando. \u201cNossas a\u00e7\u00f5es s\u00e3o uma prova clara do compromisso com a redu\u00e7\u00e3o de emiss\u00f5es por parte do governo regional. Os passos decisivos dados pelo governador e pelo povo cearense est\u00e3o abrindo caminho para um futuro melhor e mais sustent\u00e1vel.\u201d<\/p>\n\n\n\n<figure class=\"wp-block-image aligncenter\"><img src=\"https:\/\/namidia.com.br\/wp-content\/uploads\/2024\/07\/b04869b6-3254-455f-893b-c25859782c6e-522x400.jpeg\" alt=\"C\u00fapula Mundial sobre Transi\u00e7\u00e3o Energ\u00e9tica\" class=\"wp-image-131063\" title=\"C\u00fapula Mundial sobre Transi\u00e7\u00e3o Energ\u00e9tica\" \/><\/figure>\n\n\n\n<h4>INVESTIMENTOS NO BRASIL<\/h4>\n\n\n\n<p>Tanto o presidente da Qair Energy quanto a Quinto Energy concordaram com o clima favor\u00e1vel de investimentos no Brasil. \u201cEste \u00e9 um momento fant\u00e1stico para investir no Brasil. O clima e o apoio dos governos regional e nacional do Brasil t\u00eam sido fundamentais. Apoio para o que as empresas precisam a aproveitar ao m\u00e1ximo esta situa\u00e7\u00e3o. Este evento demonstra claramente que nossas empresas est\u00e3o totalmente comprometidas com a transi\u00e7\u00e3o energ\u00e9tica. Portanto,&nbsp; acreditamos que o Cear\u00e1 pode se tornar o hub de novas tecnologias. N\u00e3o somente no Brasil, mas para toda a Am\u00e9rica do Sul\u201d, afirmaram.<\/p>\n\n\n\n<p>Os participantes do lan\u00e7amento inclu\u00edram numerosos representantes da m\u00eddia internacional, gestores de fundos de investimento e personalidades not\u00e1veis \u200b\u200bde diversos setores, todos ansiosos por participar e contribuir para a pr\u00f3xima c\u00fapula em Fortaleza.<\/p>\n\n\n\n<p>Para mais informa\u00e7\u00f5es sobre a C\u00fapula Mundial sobre Transi\u00e7\u00e3o Energ\u00e9tica, acesse <a href=\"http:\/\/www.cearaenergysummit.com\" target=\"_blank\" rel=\"noreferrer noopener\">www.cearaenergysummit.com&nbsp;<\/a><\/p>\n\n\n\n<figure class=\"wp-block-image aligncenter\"><img src=\"https:\/\/namidia.com.br\/wp-content\/uploads\/2024\/07\/20230529_Brazil_aerogeradores-Serra-do-Mato_Credit-Qair_Paulo-Magalhaes-2-2048x1536-1-533x400.jpg\" alt=\"C\u00fapula Mundial sobre Transi\u00e7\u00e3o Energ\u00e9tica\" class=\"wp-image-131064\" title=\"C\u00fapula Mundial sobre Transi\u00e7\u00e3o Energ\u00e9tica\" \/><\/figure>\n\n\n\n<h4>CIMEIRA MUNDIAL SOBRE TRANSI\u00c7\u00c3O ENERG\u00c9TICA<\/h4>\n\n\n\n<p>O Cear\u00e1, juntamente com a Amaz\u00f4nia, possui capacidade e potencial para se tornar uma das principais fontes mundiais de oxig\u00eanio. Ao capitalizar isso, o Cear\u00e1 pode ser pioneiro em um modelo de desenvolvimento inovador e sustent\u00e1vel. Para concretizar esta vis\u00e3o, \u00e9 essencial convencer os principais intervenientes da ind\u00fastria a enfrentar os desafios em quest\u00e3o. As discuss\u00f5es devem centrar-se na cria\u00e7\u00e3o de incentivos para o sector, na determina\u00e7\u00e3o das infra-estruturas necess\u00e1rias e no estabelecimento de parcerias indispens\u00e1veis.<\/p>\n\n\n\n<p>Em seu discurso na 78\u00aa Assembleia Geral das Na\u00e7\u00f5es Unidas, o Presidente Lula enfatizou a transi\u00e7\u00e3o energ\u00e9tica como um tema central. O governo brasileiro se comprometeu com uma meta ambiciosa de aumentar sua meta de redu\u00e7\u00e3o de emiss\u00f5es de 37% para 48% at\u00e9 2025. Assim como, de 50% para 53% at\u00e9 2030. Ou sejs, essas metas s\u00e3o estabelecidas n\u00e3o apenas para reduzir as emiss\u00f5es de gases de efeito estufa, mas tamb\u00e9m para reduzir a depend\u00eancia de recursos finitos. Igualmente, esses recursos a aumentar a efici\u00eancia energ\u00e9tica, mas tamb\u00e9m atrair investimento estrangeiro para o Brasil.<\/p>\n\n\n\n<p>\u00c0 luz desses desenvolvimentos, a C\u00fapula Mundial sobre Transi\u00e7\u00e3o Energ\u00e9tica est\u00e1 preparada para ser o evento mais significativo do Brasil sobre o assunto. Assim, reunir\u00e1 os principais especialistas, investidores internacionais, figuras proeminentes e celebridades globais para mostrar as vastas oportunidades que o Brasil, especialmente o Cear\u00e1, oferece em energias alternativas.<\/p>\n\n\n\n<h4>OBJETIVOS<\/h4>\n\n\n\n<ul><li>Oferecer uma plataforma significativa para impulsionar o avan\u00e7o da tecnologia e estrat\u00e9gias relacionadas com o hidrog\u00e9nio rumo a uma matriz energ\u00e9tica mais sustent\u00e1vel e eficiente.<\/li><li>Reunir especialistas do setor para analisar as vantagens e oportunidades da regi\u00e3o do Cear\u00e1 na promo\u00e7\u00e3o de um modelo de transi\u00e7\u00e3o energ\u00e9tica baseado no hidrog\u00eanio verde.<\/li><li>Apresentar hist\u00f3rias de sucesso e partilhar melhores pr\u00e1ticas.<\/li><li>Inspirar outros a aproveitarem a oportunidade para mobilizar e acelerar o processo de transi\u00e7\u00e3o.<\/li><li>Tornar vis\u00edveis oportunidades de investimento que contribuam para acelerar a transi\u00e7\u00e3o.<\/li><li>Discutir marcos regulat\u00f3rios que promovam o processo de mudan\u00e7a.<\/li><li>Destacar um roteiro que contribua para o cumprimento das metas com as quais o Brasil se comprometeu, tendo a regi\u00e3o do Cear\u00e1 como principal ator de mudan\u00e7a.<\/li><\/ul>\n\n\n\n<figure class=\"wp-container-2 wp-block-gallery-1 wp-block-gallery has-nested-images columns-2 is-cropped\"><\/figure>\n\n\n\n<p><strong>Fonte:&nbsp;<\/strong>Jea Edman;&nbsp;Johnson Edman Advertising<br><strong>Fotos:<\/strong> Divulga\u00e7\u00e3o \/ Acervo da C\u00fapula<br><strong>Edi\u00e7\u00e3o:&nbsp;<\/strong><a href=\"http:\/\/www.instagram.com\/uiarazagolin\">Reda\u00e7\u00e3o Na M\u00eddia<\/a><br><strong>Ent\u00e3o, n\u00e3o deixe de ler:&nbsp;<\/strong><a href=\"https:\/\/namidia.com.br\/tenor-felipe-menegat-realiza-show-em-prol-do-rs\/\">Tenor Felipe Menegat realiza show em prol do RS<\/a><\/p>\n","protected":false},"excerpt":{"rendered":"<p>Global Institute for the Future of Tourism (Instituto Global para o Futuro do Turismo), Winds&#8230;<\/p>\n","protected":false},"author":18,"featured_media":14950,"comment_status":"closed","ping_status":"open","sticky":false,"template":"","format":"standard","meta":{"om_disable_all_campaigns":false,"_monsterinsights_skip_tracking":false,"_monsterinsights_sitenote_active":false,"_monsterinsights_sitenote_note":"","_monsterinsights_sitenote_category":0,"spay_email":""},"categories":[27,26],"tags":[882],"jetpack_featured_media_url":"https:\/\/vimagazine.com.br\/wp-content\/uploads\/2024\/07\/CIMEIRA-MUNDIAL-SOBRE-TRANSICAO-ENERGETICA-divulgacao.jpg","_links":{"self":[{"href":"https:\/\/vimagazine.com.br\/index.php?rest_route=\/wp\/v2\/posts\/14949"}],"collection":[{"href":"https:\/\/vimagazine.com.br\/index.php?rest_route=\/wp\/v2\/posts"}],"about":[{"href":"https:\/\/vimagazine.com.br\/index.php?rest_route=\/wp\/v2\/types\/post"}],"author":[{"embeddable":true,"href":"https:\/\/vimagazine.com.br\/index.php?rest_route=\/wp\/v2\/users\/18"}],"replies":[{"embeddable":true,"href":"https:\/\/vimagazine.com.br\/index.php?rest_route=%2Fwp%2Fv2%2Fcomments&post=14949"}],"version-history":[{"count":1,"href":"https:\/\/vimagazine.com.br\/index.php?rest_route=\/wp\/v2\/posts\/14949\/revisions"}],"predecessor-version":[{"id":14951,"href":"https:\/\/vimagazine.com.br\/index.php?rest_route=\/wp\/v2\/posts\/14949\/revisions\/14951"}],"wp:featuredmedia":[{"embeddable":true,"href":"https:\/\/vimagazine.com.br\/index.php?rest_route=\/wp\/v2\/media\/14950"}],"wp:attachment":[{"href":"https:\/\/vimagazine.com.br\/index.php?rest_route=%2Fwp%2Fv2%2Fmedia&parent=14949"}],"wp:term":[{"taxonomy":"category","embeddable":true,"href":"https:\/\/vimagazine.com.br\/index.php?rest_route=%2Fwp%2Fv2%2Fcategories&post=14949"},{"taxonomy":"post_tag","embeddable":true,"href":"https:\/\/vimagazine.com.br\/index.php?rest_route=%2Fwp%2Fv2%2Ftags&post=14949"}],"curies":[{"name":"wp","href":"https:\/\/api.w.org\/{rel}","templated":true}]}}