{"id":14958,"date":"2024-07-24T14:08:21","date_gmt":"2024-07-24T17:08:21","guid":{"rendered":"https:\/\/vimagazine.com.br\/?p=14958"},"modified":"2024-07-24T14:08:21","modified_gmt":"2024-07-24T17:08:21","slug":"14958","status":"publish","type":"post","link":"https:\/\/vimagazine.com.br\/?p=14958","title":{"rendered":""},"content":{"rendered":"\n<p>O Grupo Presen\u00e7a, formado por quatro amigos, sendo o vocalista Eltinho, ao lado de Elder no cavaco, Pe\u00e7anha no pandeiro e Bolo no rebolo, vem ganhando a cada dia mais destaque na m\u00eddia desde que surgiram no ano de 2006 na cidade de Campinas, no interior de S\u00e3o Paulo.<\/p>\n\n\n\n<p>Em 2010, o segundo lan\u00e7amento do grupo, denominado de &#8220;C\u00e2mera Escondida&#8221; , ficou em primeiro lugar nas r\u00e1dios de S\u00e3o Paulo. E durante a pandemia, com o<br>&#8220;Pagode do Presen\u00e7a Ao Vivo&#8221; houve uma explos\u00e3o, e o projeto teve 150 milh\u00f5es de visualiza\u00e7\u00f5es e deixou o grupo ainda mais conhecido. Ap\u00f3s isso, lan\u00e7aram Made In Funk I e Il, transformando funks muito conhecidos em pagodes, onde foi muito bem aceito pelo p\u00fablico.<\/p>\n\n\n\n<p>Em 16 anos de carreira, podemos dizer que o Grupo Presen\u00e7a esteve em ascens\u00e3o, somam milh\u00f5es de visualiza\u00e7\u00f5es e ouvintes em suas m\u00fasicas e regrava\u00e7\u00f5es, fazem shows pelo Brasil inteiro e possuem importantes projetos futuros e parcerias grandes para os pr\u00f3ximos anos.<\/p>\n\n\n\n<p><br><\/p>\n","protected":false},"excerpt":{"rendered":"<p>O Grupo Presen\u00e7a, formado por quatro amigos, sendo o vocalista Eltinho, ao lado de Elder&#8230;<\/p>\n","protected":false},"author":19,"featured_media":14959,"comment_status":"closed","ping_status":"open","sticky":false,"template":"","format":"standard","meta":{"om_disable_all_campaigns":false,"_monsterinsights_skip_tracking":false,"_monsterinsights_sitenote_active":false,"_monsterinsights_sitenote_note":"","_monsterinsights_sitenote_category":0,"spay_email":""},"categories":[1],"tags":[],"jetpack_featured_media_url":"https:\/\/vimagazine.com.br\/wp-content\/uploads\/2024\/07\/Grupo-Presenca-01.jpg","_links":{"self":[{"href":"https:\/\/vimagazine.com.br\/index.php?rest_route=\/wp\/v2\/posts\/14958"}],"collection":[{"href":"https:\/\/vimagazine.com.br\/index.php?rest_route=\/wp\/v2\/posts"}],"about":[{"href":"https:\/\/vimagazine.com.br\/index.php?rest_route=\/wp\/v2\/types\/post"}],"author":[{"embeddable":true,"href":"https:\/\/vimagazine.com.br\/index.php?rest_route=\/wp\/v2\/users\/19"}],"replies":[{"embeddable":true,"href":"https:\/\/vimagazine.com.br\/index.php?rest_route=%2Fwp%2Fv2%2Fcomments&post=14958"}],"version-history":[{"count":1,"href":"https:\/\/vimagazine.com.br\/index.php?rest_route=\/wp\/v2\/posts\/14958\/revisions"}],"predecessor-version":[{"id":14960,"href":"https:\/\/vimagazine.com.br\/index.php?rest_route=\/wp\/v2\/posts\/14958\/revisions\/14960"}],"wp:featuredmedia":[{"embeddable":true,"href":"https:\/\/vimagazine.com.br\/index.php?rest_route=\/wp\/v2\/media\/14959"}],"wp:attachment":[{"href":"https:\/\/vimagazine.com.br\/index.php?rest_route=%2Fwp%2Fv2%2Fmedia&parent=14958"}],"wp:term":[{"taxonomy":"category","embeddable":true,"href":"https:\/\/vimagazine.com.br\/index.php?rest_route=%2Fwp%2Fv2%2Fcategories&post=14958"},{"taxonomy":"post_tag","embeddable":true,"href":"https:\/\/vimagazine.com.br\/index.php?rest_route=%2Fwp%2Fv2%2Ftags&post=14958"}],"curies":[{"name":"wp","href":"https:\/\/api.w.org\/{rel}","templated":true}]}}