{"id":14961,"date":"2024-07-24T20:16:26","date_gmt":"2024-07-24T23:16:26","guid":{"rendered":"https:\/\/vimagazine.com.br\/?p=14961"},"modified":"2024-07-24T20:18:15","modified_gmt":"2024-07-24T23:18:15","slug":"fermino-concept-comemora-cinco-anos-em-balneario-camboriu","status":"publish","type":"post","link":"https:\/\/vimagazine.com.br\/?p=14961","title":{"rendered":"Fermino Concept comemora cinco anos em Balne\u00e1rio Cambori\u00fa"},"content":{"rendered":"\n<p class=\"has-medium-font-size\"><strong>No \u00faltimo dia 18 de julho a Fermino Concept comemorou entre clientes e amigos um marco na sua trajet\u00f3ria.<\/strong><\/p>\n\n\n\n<p>Ap\u00f3s 11 anos de funda\u00e7\u00e3o, a empresa, especializada em mobili\u00e1rio de alto padr\u00e3o para escrit\u00f3rios, celebrou cinco anos em Balne\u00e1rio Cambori\u00fa, apresentando seu novo showroom. A Lista Vip de convidados ficou por conta de Alex Ferrer.<\/p>\n\n\n\n<p>&#8220;Ap\u00f3s 11 anos de funda\u00e7\u00e3o, dedicados a projetos corporativos e comerciais e 5 anos com nosso showroom em Balne\u00e1rio Cambori\u00fa, chegamos em uma nova fase para nossa empresa. Hoje contamos com produtos da maior fabricante internacional em produtos para ambientes de trabalho, a Steelcase, marca americana, e a Alberflex, maior ind\u00fastria do segmento do Brasil, vendendo com exclusividade para SC, al\u00e9m de contarmos com todos os servi\u00e7os pr\u00f3prios, da entrega a montagem&#8221;, disse Hugo Fermino, Diretor Comercial da empresa.<\/p>\n\n\n\n<p><\/p>\n\n\n\n<figure class=\"wp-container-2 wp-block-gallery-1 wp-block-gallery has-nested-images columns-2 is-cropped\">\n<figure class=\"wp-block-image size-large\"><img width=\"854\" height=\"1280\" data-id=\"14963\"  src=\"https:\/\/vimagazine.com.br\/wp-content\/uploads\/2024\/07\/Leticia-Fermino.jpg\" alt=\"\" class=\"wp-image-14963\" srcset=\"https:\/\/vimagazine.com.br\/wp-content\/uploads\/2024\/07\/Leticia-Fermino.jpg 854w, https:\/\/vimagazine.com.br\/wp-content\/uploads\/2024\/07\/Leticia-Fermino-200x300.jpg 200w, https:\/\/vimagazine.com.br\/wp-content\/uploads\/2024\/07\/Leticia-Fermino-683x1024.jpg 683w, https:\/\/vimagazine.com.br\/wp-content\/uploads\/2024\/07\/Leticia-Fermino-768x1151.jpg 768w\" sizes=\"(max-width: 854px) 100vw, 854px\" \/><figcaption>Let\u00edcia Fermino<\/figcaption><\/figure>\n\n\n\n<figure class=\"wp-block-image size-large\"><img width=\"854\" height=\"1280\" data-id=\"14964\"  src=\"https:\/\/vimagazine.com.br\/wp-content\/uploads\/2024\/07\/Imagem-do-WhatsApp-de-2024-07-24-as-16.55.32_e4ef15cf.jpg\" alt=\"\" class=\"wp-image-14964\" srcset=\"https:\/\/vimagazine.com.br\/wp-content\/uploads\/2024\/07\/Imagem-do-WhatsApp-de-2024-07-24-as-16.55.32_e4ef15cf.jpg 854w, https:\/\/vimagazine.com.br\/wp-content\/uploads\/2024\/07\/Imagem-do-WhatsApp-de-2024-07-24-as-16.55.32_e4ef15cf-200x300.jpg 200w, https:\/\/vimagazine.com.br\/wp-content\/uploads\/2024\/07\/Imagem-do-WhatsApp-de-2024-07-24-as-16.55.32_e4ef15cf-683x1024.jpg 683w, https:\/\/vimagazine.com.br\/wp-content\/uploads\/2024\/07\/Imagem-do-WhatsApp-de-2024-07-24-as-16.55.32_e4ef15cf-768x1151.jpg 768w\" sizes=\"(max-width: 854px) 100vw, 854px\" \/><\/figure>\n\n\n\n<figure class=\"wp-block-image size-large\"><img width=\"854\" height=\"1280\" data-id=\"14965\"  src=\"https:\/\/vimagazine.com.br\/wp-content\/uploads\/2024\/07\/Fernanda-Mendes-e-Granatti-Jr..jpg\" alt=\"\" class=\"wp-image-14965\" srcset=\"https:\/\/vimagazine.com.br\/wp-content\/uploads\/2024\/07\/Fernanda-Mendes-e-Granatti-Jr..jpg 854w, https:\/\/vimagazine.com.br\/wp-content\/uploads\/2024\/07\/Fernanda-Mendes-e-Granatti-Jr.-200x300.jpg 200w, https:\/\/vimagazine.com.br\/wp-content\/uploads\/2024\/07\/Fernanda-Mendes-e-Granatti-Jr.-683x1024.jpg 683w, https:\/\/vimagazine.com.br\/wp-content\/uploads\/2024\/07\/Fernanda-Mendes-e-Granatti-Jr.-768x1151.jpg 768w\" sizes=\"(max-width: 854px) 100vw, 854px\" \/><figcaption>Fernanda Mendes e Granatti Jr.<\/figcaption><\/figure>\n\n\n\n<figure class=\"wp-block-image size-large\"><img width=\"854\" height=\"1280\" data-id=\"14966\"  src=\"https:\/\/vimagazine.com.br\/wp-content\/uploads\/2024\/07\/Armandio-Nascimento-e-Carol-Tolentino.jpg\" alt=\"\" class=\"wp-image-14966\" srcset=\"https:\/\/vimagazine.com.br\/wp-content\/uploads\/2024\/07\/Armandio-Nascimento-e-Carol-Tolentino.jpg 854w, https:\/\/vimagazine.com.br\/wp-content\/uploads\/2024\/07\/Armandio-Nascimento-e-Carol-Tolentino-200x300.jpg 200w, https:\/\/vimagazine.com.br\/wp-content\/uploads\/2024\/07\/Armandio-Nascimento-e-Carol-Tolentino-683x1024.jpg 683w, https:\/\/vimagazine.com.br\/wp-content\/uploads\/2024\/07\/Armandio-Nascimento-e-Carol-Tolentino-768x1151.jpg 768w\" sizes=\"(max-width: 854px) 100vw, 854px\" \/><figcaption>Armandio Nascimento e Carol Tolentino<\/figcaption><\/figure>\n<\/figure>\n\n\n\n<p><\/p>\n\n\n\n<figure class=\"wp-container-4 wp-block-gallery-3 wp-block-gallery has-nested-images columns-2 is-cropped\">\n<figure class=\"wp-block-image size-large\"><img width=\"1280\" height=\"854\" data-id=\"14968\"  src=\"https:\/\/vimagazine.com.br\/wp-content\/uploads\/2024\/07\/Peeter-Lee-Grando-Hugo-Fermino-Leticia-Fermino-e-Victor-Forte.jpg\" alt=\"\" class=\"wp-image-14968\" srcset=\"https:\/\/vimagazine.com.br\/wp-content\/uploads\/2024\/07\/Peeter-Lee-Grando-Hugo-Fermino-Leticia-Fermino-e-Victor-Forte.jpg 1280w, https:\/\/vimagazine.com.br\/wp-content\/uploads\/2024\/07\/Peeter-Lee-Grando-Hugo-Fermino-Leticia-Fermino-e-Victor-Forte-300x200.jpg 300w, https:\/\/vimagazine.com.br\/wp-content\/uploads\/2024\/07\/Peeter-Lee-Grando-Hugo-Fermino-Leticia-Fermino-e-Victor-Forte-1024x683.jpg 1024w, https:\/\/vimagazine.com.br\/wp-content\/uploads\/2024\/07\/Peeter-Lee-Grando-Hugo-Fermino-Leticia-Fermino-e-Victor-Forte-768x512.jpg 768w\" sizes=\"(max-width: 1280px) 100vw, 1280px\" \/><figcaption>Peeter Lee Grando, Hugo Fermino, Let\u00edcia Fermino e Victor Forte<\/figcaption><\/figure>\n\n\n\n<figure class=\"wp-block-image size-large\"><img width=\"1280\" height=\"854\" data-id=\"14969\"  src=\"https:\/\/vimagazine.com.br\/wp-content\/uploads\/2024\/07\/Maria-Augusta-e-Honeida-Alves.jpg\" alt=\"\" class=\"wp-image-14969\" srcset=\"https:\/\/vimagazine.com.br\/wp-content\/uploads\/2024\/07\/Maria-Augusta-e-Honeida-Alves.jpg 1280w, https:\/\/vimagazine.com.br\/wp-content\/uploads\/2024\/07\/Maria-Augusta-e-Honeida-Alves-300x200.jpg 300w, https:\/\/vimagazine.com.br\/wp-content\/uploads\/2024\/07\/Maria-Augusta-e-Honeida-Alves-1024x683.jpg 1024w, https:\/\/vimagazine.com.br\/wp-content\/uploads\/2024\/07\/Maria-Augusta-e-Honeida-Alves-768x512.jpg 768w\" sizes=\"(max-width: 1280px) 100vw, 1280px\" \/><figcaption>Maria Augusta e Honeida Alves<\/figcaption><\/figure>\n\n\n\n<figure class=\"wp-block-image size-large\"><img width=\"1280\" height=\"854\" data-id=\"14970\"  src=\"https:\/\/vimagazine.com.br\/wp-content\/uploads\/2024\/07\/Marcelo-Gouveia-Edenilson-Bertoldi-Leticia-Fermino-e-Hugo-Fermino.jpg\" alt=\"\" class=\"wp-image-14970\" srcset=\"https:\/\/vimagazine.com.br\/wp-content\/uploads\/2024\/07\/Marcelo-Gouveia-Edenilson-Bertoldi-Leticia-Fermino-e-Hugo-Fermino.jpg 1280w, https:\/\/vimagazine.com.br\/wp-content\/uploads\/2024\/07\/Marcelo-Gouveia-Edenilson-Bertoldi-Leticia-Fermino-e-Hugo-Fermino-300x200.jpg 300w, https:\/\/vimagazine.com.br\/wp-content\/uploads\/2024\/07\/Marcelo-Gouveia-Edenilson-Bertoldi-Leticia-Fermino-e-Hugo-Fermino-1024x683.jpg 1024w, https:\/\/vimagazine.com.br\/wp-content\/uploads\/2024\/07\/Marcelo-Gouveia-Edenilson-Bertoldi-Leticia-Fermino-e-Hugo-Fermino-768x512.jpg 768w\" sizes=\"(max-width: 1280px) 100vw, 1280px\" \/><figcaption>Marcelo Gouveia, Edenilson Bertoldi, Let\u00edcia Fermino e Hugo Fermino<\/figcaption><\/figure>\n\n\n\n<figure class=\"wp-block-image size-large\"><img width=\"1280\" height=\"854\" data-id=\"14971\"  src=\"https:\/\/vimagazine.com.br\/wp-content\/uploads\/2024\/07\/Isadora-Cachoeira-Nelson-Machado-Sabrina-Lucke-e-Pablo-Reinert.jpg\" alt=\"\" class=\"wp-image-14971\" srcset=\"https:\/\/vimagazine.com.br\/wp-content\/uploads\/2024\/07\/Isadora-Cachoeira-Nelson-Machado-Sabrina-Lucke-e-Pablo-Reinert.jpg 1280w, https:\/\/vimagazine.com.br\/wp-content\/uploads\/2024\/07\/Isadora-Cachoeira-Nelson-Machado-Sabrina-Lucke-e-Pablo-Reinert-300x200.jpg 300w, https:\/\/vimagazine.com.br\/wp-content\/uploads\/2024\/07\/Isadora-Cachoeira-Nelson-Machado-Sabrina-Lucke-e-Pablo-Reinert-1024x683.jpg 1024w, https:\/\/vimagazine.com.br\/wp-content\/uploads\/2024\/07\/Isadora-Cachoeira-Nelson-Machado-Sabrina-Lucke-e-Pablo-Reinert-768x512.jpg 768w\" sizes=\"(max-width: 1280px) 100vw, 1280px\" \/><figcaption>Isadora Cachoeira, Nelson Machado, Sabrina L\u00fccke e Pablo Reinert<\/figcaption><\/figure>\n\n\n\n<figure class=\"wp-block-image size-large\"><img width=\"1280\" height=\"854\" data-id=\"14972\"  src=\"https:\/\/vimagazine.com.br\/wp-content\/uploads\/2024\/07\/Dra-Lauriane-F.-Silva-e-Leticia-Fermino.jpg\" alt=\"\" class=\"wp-image-14972\" srcset=\"https:\/\/vimagazine.com.br\/wp-content\/uploads\/2024\/07\/Dra-Lauriane-F.-Silva-e-Leticia-Fermino.jpg 1280w, https:\/\/vimagazine.com.br\/wp-content\/uploads\/2024\/07\/Dra-Lauriane-F.-Silva-e-Leticia-Fermino-300x200.jpg 300w, https:\/\/vimagazine.com.br\/wp-content\/uploads\/2024\/07\/Dra-Lauriane-F.-Silva-e-Leticia-Fermino-1024x683.jpg 1024w, https:\/\/vimagazine.com.br\/wp-content\/uploads\/2024\/07\/Dra-Lauriane-F.-Silva-e-Leticia-Fermino-768x512.jpg 768w\" sizes=\"(max-width: 1280px) 100vw, 1280px\" \/><figcaption>Dra Lauriane F. Silva e Let\u00edcia Fermino<\/figcaption><\/figure>\n\n\n\n<figure class=\"wp-block-image size-large\"><img width=\"1280\" height=\"854\" data-id=\"14973\"  src=\"https:\/\/vimagazine.com.br\/wp-content\/uploads\/2024\/07\/Airam-Camargo-gerente-comercial-Alberflex-Hugo-Fermino-e-Alberto-Chiuratto-Neto-Diretor-Alberflex-Steelcase-Brasil.jpg\" alt=\"\" class=\"wp-image-14973\" srcset=\"https:\/\/vimagazine.com.br\/wp-content\/uploads\/2024\/07\/Airam-Camargo-gerente-comercial-Alberflex-Hugo-Fermino-e-Alberto-Chiuratto-Neto-Diretor-Alberflex-Steelcase-Brasil.jpg 1280w, https:\/\/vimagazine.com.br\/wp-content\/uploads\/2024\/07\/Airam-Camargo-gerente-comercial-Alberflex-Hugo-Fermino-e-Alberto-Chiuratto-Neto-Diretor-Alberflex-Steelcase-Brasil-300x200.jpg 300w, https:\/\/vimagazine.com.br\/wp-content\/uploads\/2024\/07\/Airam-Camargo-gerente-comercial-Alberflex-Hugo-Fermino-e-Alberto-Chiuratto-Neto-Diretor-Alberflex-Steelcase-Brasil-1024x683.jpg 1024w, https:\/\/vimagazine.com.br\/wp-content\/uploads\/2024\/07\/Airam-Camargo-gerente-comercial-Alberflex-Hugo-Fermino-e-Alberto-Chiuratto-Neto-Diretor-Alberflex-Steelcase-Brasil-768x512.jpg 768w\" sizes=\"(max-width: 1280px) 100vw, 1280px\" \/><figcaption>Airam Camargo (gerente comercial &#8211; Alberflex), Hugo Fermino e Alberto Chiuratto Neto (Diretor Alberflex Steelcase&nbsp;Brasil)<\/figcaption><\/figure>\n\n\n\n<figure class=\"wp-block-image size-large\"><img width=\"1280\" height=\"854\" data-id=\"14974\"  src=\"https:\/\/vimagazine.com.br\/wp-content\/uploads\/2024\/07\/Ana-Piovesan-Alex-Ferrer-e-Leticia-Fermino.jpg\" alt=\"\" class=\"wp-image-14974\" srcset=\"https:\/\/vimagazine.com.br\/wp-content\/uploads\/2024\/07\/Ana-Piovesan-Alex-Ferrer-e-Leticia-Fermino.jpg 1280w, https:\/\/vimagazine.com.br\/wp-content\/uploads\/2024\/07\/Ana-Piovesan-Alex-Ferrer-e-Leticia-Fermino-300x200.jpg 300w, https:\/\/vimagazine.com.br\/wp-content\/uploads\/2024\/07\/Ana-Piovesan-Alex-Ferrer-e-Leticia-Fermino-1024x683.jpg 1024w, https:\/\/vimagazine.com.br\/wp-content\/uploads\/2024\/07\/Ana-Piovesan-Alex-Ferrer-e-Leticia-Fermino-768x512.jpg 768w\" sizes=\"(max-width: 1280px) 100vw, 1280px\" \/><figcaption>Ana Piovesan, Alex Ferrer e Let\u00edcia Fermino<\/figcaption><\/figure>\n\n\n\n<figure class=\"wp-block-image size-large\"><img width=\"1280\" height=\"854\" data-id=\"14975\"  src=\"https:\/\/vimagazine.com.br\/wp-content\/uploads\/2024\/07\/Ana-Piovesan-e-Natalia-Marucci.jpg\" alt=\"\" class=\"wp-image-14975\" srcset=\"https:\/\/vimagazine.com.br\/wp-content\/uploads\/2024\/07\/Ana-Piovesan-e-Natalia-Marucci.jpg 1280w, https:\/\/vimagazine.com.br\/wp-content\/uploads\/2024\/07\/Ana-Piovesan-e-Natalia-Marucci-300x200.jpg 300w, https:\/\/vimagazine.com.br\/wp-content\/uploads\/2024\/07\/Ana-Piovesan-e-Natalia-Marucci-1024x683.jpg 1024w, https:\/\/vimagazine.com.br\/wp-content\/uploads\/2024\/07\/Ana-Piovesan-e-Natalia-Marucci-768x512.jpg 768w\" sizes=\"(max-width: 1280px) 100vw, 1280px\" \/><figcaption>Ana Piovesan e Nat\u00e1lia Marucci<\/figcaption><\/figure>\n\n\n\n<figure class=\"wp-block-image size-large\"><img width=\"1280\" height=\"854\" data-id=\"14976\"  src=\"https:\/\/vimagazine.com.br\/wp-content\/uploads\/2024\/07\/Dra-Dayane-Schiewe-Hugo-Fermino-Leticia-Fermino-Dr.-Sergio-Luis-Muller-Junior.jpg\" alt=\"\" class=\"wp-image-14976\" srcset=\"https:\/\/vimagazine.com.br\/wp-content\/uploads\/2024\/07\/Dra-Dayane-Schiewe-Hugo-Fermino-Leticia-Fermino-Dr.-Sergio-Luis-Muller-Junior.jpg 1280w, https:\/\/vimagazine.com.br\/wp-content\/uploads\/2024\/07\/Dra-Dayane-Schiewe-Hugo-Fermino-Leticia-Fermino-Dr.-Sergio-Luis-Muller-Junior-300x200.jpg 300w, https:\/\/vimagazine.com.br\/wp-content\/uploads\/2024\/07\/Dra-Dayane-Schiewe-Hugo-Fermino-Leticia-Fermino-Dr.-Sergio-Luis-Muller-Junior-1024x683.jpg 1024w, https:\/\/vimagazine.com.br\/wp-content\/uploads\/2024\/07\/Dra-Dayane-Schiewe-Hugo-Fermino-Leticia-Fermino-Dr.-Sergio-Luis-Muller-Junior-768x512.jpg 768w\" sizes=\"(max-width: 1280px) 100vw, 1280px\" \/><figcaption>Dra Dayane Schiewe, Hugo Fermino, Let\u00edcia Fermino, Dr. S\u00e9rgio Luis&nbsp;M\u00fcller&nbsp;Junior<\/figcaption><\/figure>\n<\/figure>\n\n\n\n<p><\/p>\n\n\n\n<p>A loja fica na Avenida Brasil, 3551.<\/p>\n\n\n\n<p><strong>Fotos: Alex Del Pizzol<\/strong><\/p>\n","protected":false},"excerpt":{"rendered":"<p>No \u00faltimo dia 18 de julho a Fermino Concept comemorou entre clientes e amigos um&#8230;<\/p>\n","protected":false},"author":1,"featured_media":14979,"comment_status":"closed","ping_status":"open","sticky":false,"template":"","format":"standard","meta":{"om_disable_all_campaigns":false,"_monsterinsights_skip_tracking":false,"_monsterinsights_sitenote_active":false,"_monsterinsights_sitenote_note":"","_monsterinsights_sitenote_category":0,"spay_email":""},"categories":[27,1],"tags":[],"jetpack_featured_media_url":"https:\/\/vimagazine.com.br\/wp-content\/uploads\/2024\/07\/Os-anfitrioes-Leticia-e-Hugo-Fermino-3.jpg","_links":{"self":[{"href":"https:\/\/vimagazine.com.br\/index.php?rest_route=\/wp\/v2\/posts\/14961"}],"collection":[{"href":"https:\/\/vimagazine.com.br\/index.php?rest_route=\/wp\/v2\/posts"}],"about":[{"href":"https:\/\/vimagazine.com.br\/index.php?rest_route=\/wp\/v2\/types\/post"}],"author":[{"embeddable":true,"href":"https:\/\/vimagazine.com.br\/index.php?rest_route=\/wp\/v2\/users\/1"}],"replies":[{"embeddable":true,"href":"https:\/\/vimagazine.com.br\/index.php?rest_route=%2Fwp%2Fv2%2Fcomments&post=14961"}],"version-history":[{"count":2,"href":"https:\/\/vimagazine.com.br\/index.php?rest_route=\/wp\/v2\/posts\/14961\/revisions"}],"predecessor-version":[{"id":14981,"href":"https:\/\/vimagazine.com.br\/index.php?rest_route=\/wp\/v2\/posts\/14961\/revisions\/14981"}],"wp:featuredmedia":[{"embeddable":true,"href":"https:\/\/vimagazine.com.br\/index.php?rest_route=\/wp\/v2\/media\/14979"}],"wp:attachment":[{"href":"https:\/\/vimagazine.com.br\/index.php?rest_route=%2Fwp%2Fv2%2Fmedia&parent=14961"}],"wp:term":[{"taxonomy":"category","embeddable":true,"href":"https:\/\/vimagazine.com.br\/index.php?rest_route=%2Fwp%2Fv2%2Fcategories&post=14961"},{"taxonomy":"post_tag","embeddable":true,"href":"https:\/\/vimagazine.com.br\/index.php?rest_route=%2Fwp%2Fv2%2Ftags&post=14961"}],"curies":[{"name":"wp","href":"https:\/\/api.w.org\/{rel}","templated":true}]}}