{"id":14997,"date":"2024-07-25T21:27:17","date_gmt":"2024-07-26T00:27:17","guid":{"rendered":"https:\/\/vimagazine.com.br\/?p=14997"},"modified":"2024-07-25T21:27:18","modified_gmt":"2024-07-26T00:27:18","slug":"editora-colli-books-e-finalista-do-1o-premio-jabuti-academico-na-categoria-ciencias-agrarias-e-ciencias-ambientais","status":"publish","type":"post","link":"https:\/\/vimagazine.com.br\/?p=14997","title":{"rendered":"Editora Colli Books \u00e9 finalista do &#8216;1\u00ba Pr\u00eamio Jabuti Acad\u00eamico&#8217; na categoria &#8216;Ci\u00eancias Agr\u00e1rias e Ci\u00eancias Ambientais&#8217;"},"content":{"rendered":"\n<p><br><\/p>\n\n\n\n<p class=\"has-medium-font-size\"><em><strong>O Livro &#8220;Ci\u00eancias da Natureza e suas metodologias no enfrentamento dos desafios do s\u00e9culo 21&#8221; re\u00fane textos de 22 especialistas, sob supervis\u00e3o das educadoras Maria Teresa Tedesco e Maria Beatriz Porto, docentes da Universidade do Estado do Rio de Janeiro.<\/strong><\/em><br><br><\/p>\n\n\n\n<p class=\"has-medium-font-size\">O livro &#8220;<a>Ci\u00eancias da Natureza e suas metodologias no enfrentamento dos desafios do s\u00e9culo 21<\/a>&#8220;, da\u00a0<a href=\"https:\/\/www.collibooks.com\/\" target=\"_blank\" rel=\"noreferrer noopener\">Colli Books Editora<\/a>, est\u00e1 entre os finalistas da categoria Ci\u00eancias Agr\u00e1rias e Ci\u00eancias Ambientais do &#8216;1\u00ba Pr\u00eamio Jabuti Acad\u00eamico&#8217;. O t\u00edtulo concorre no eixo Ci\u00eancia e Cultura.<br><\/p>\n\n\n\n<p>A obra re\u00fane textos de 22 especialistas, sob supervis\u00e3o das educadoras Maria Teresa Tedesco e Maria Beatriz Porto. Os escritores refletem sobre o papel do ensino de ci\u00eancias frente aos desafios colocados pelas diferentes quest\u00f5es sociocient\u00edficas que permeiam a sociedade contempor\u00e2nea e prop\u00f5em metodologias diferenciadas. Na medida em que a ci\u00eancia desempenha importante fun\u00e7\u00e3o na busca de solu\u00e7\u00f5es para tais quest\u00f5es, como as crises socioambientais e de sa\u00fade p\u00fablica, \u00e9 tamb\u00e9m imprescind\u00edvel que o ensino de ci\u00eancias fomente um entendimento que possibilite avaliar informa\u00e7\u00f5es cient\u00edficas e distingui-las daquelas que podemos chamar de pseudocient\u00edficas.<\/p>\n\n\n\n<p>O ensaio alerta para o fato de que, na busca por fomentar a capacidade avaliativa no aluno, o ensino de ci\u00eancias corre o risco de incorrer numa valoriza\u00e7\u00e3o excessiva do ideal cr\u00edtico que visa a autonomia intelectual do aluno, muitas vezes expresso num ceticismo que elege a d\u00favida pela d\u00favida. Os autores problematizam algumas consequ\u00eancias indesej\u00e1veis dessa postura, entre as quais est\u00e1 a perda de confian\u00e7a na pr\u00f3pria ci\u00eancia. Ao final, s\u00e3o apresentadas reflex\u00f5es e poss\u00edveis desdobramentos dessa tem\u00e1tica para o contexto da sala de aula e da educa\u00e7\u00e3o cient\u00edfica.<\/p>\n\n\n\n<p><strong>Quem s\u00e3o os autores de &#8220;Ci\u00eancias da Natureza e suas metodologias no enfrentamento dos desafios do s\u00e9culo 21&#8221;:<\/strong><\/p>\n\n\n\n<p>F\u00e1bio Mer\u00e7on,&nbsp;\ufeff\ufeffAndrea Christina, Marco Val\u00e9rio, lone de Oliveira,&nbsp;\ufeff\ufeffAdryanne Kethlen, Anatalia Kutianski, Waldiney Mello,&nbsp;\ufeff\ufeffSergio Eduardo,&nbsp;\ufeff\ufeffNathan Willig, Carlos Vinicius, Maria Beatriz Porto, Claudio Maia, Lidiane Aparecida,&nbsp;\ufeff\ufeffCarolina Tavares,&nbsp;\ufeff\ufeffFrederico Alan,&nbsp;\ufeff\ufeffNat\u00e1lia Alves, Vanessa Stefano,&nbsp;\ufeff\ufeffMaria Cristina,&nbsp;\ufeff\ufeffGisele Abreu,&nbsp;\ufeff\ufeffMadalena de Mello, Paulo J. Vilardo, Christina Novais, Teresa Tedesco e Thais dos Santos. Todos os autores com vasta experi\u00eancia em pesquisas em ensino, com \u00eanfase em Ci\u00eancias da Natureza, nos diversos n\u00edveis de escolaridade.<\/p>\n\n\n\n<p><strong>Saiba mais sobre o Pr\u00eamio Jabuti Acad\u00eamico:<\/strong><\/p>\n\n\n\n<p>A C\u00e2mara Brasileira do Livro (CBL) lan\u00e7ou este ano a primeira edi\u00e7\u00e3o do &#8216;Pr\u00eamio Jabuti Acad\u00eamico&#8217;, que \u00e9 dividido nos eixosCi\u00eancia e Cultura e Pr\u00eamios Especiais, totalizando 29 categorias, como Medicina, Odontologia, Letras, Matem\u00e1tica, Filosofia, Engenharias e&nbsp;Ci\u00eancias Agr\u00e1rias e Ci\u00eancias Ambientais, s\u00f3 para citar algumas<strong>.<\/strong><\/p>\n\n\n\n<p>A cerim\u00f4nia de entrega da premia\u00e7\u00e3o ocorrer\u00e1 no dia 6 de agosto, no Teatro S\u00e9rgio Cardoso, em S\u00e3o Paulo, onde ser\u00e3o revelados os vencedores.<\/p>\n\n\n\n<p>O Pr\u00eamio \u00e9 dedicado \u00e0s \u00e1reas cient\u00edficas, t\u00e9cnicas e profissionais, visando a valorizar, reconhecer a excel\u00eancia e divulgar os autores e editores que se dedicam a esses segmentos no Brasil. Os autores premiados em cada uma das categorias receber\u00e3o uma estatueta e um pr\u00eamio de R$ 5 mil.<\/p>\n\n\n\n<p class=\"has-medium-font-size\"><br><\/p>\n","protected":false},"excerpt":{"rendered":"<p>O Livro &#8220;Ci\u00eancias da Natureza e suas metodologias no enfrentamento dos desafios do s\u00e9culo 21&#8221;&#8230;<\/p>\n","protected":false},"author":1,"featured_media":14998,"comment_status":"closed","ping_status":"open","sticky":false,"template":"","format":"standard","meta":{"om_disable_all_campaigns":false,"_monsterinsights_skip_tracking":false,"_monsterinsights_sitenote_active":false,"_monsterinsights_sitenote_note":"","_monsterinsights_sitenote_category":0,"spay_email":""},"categories":[27,1],"tags":[],"jetpack_featured_media_url":"https:\/\/vimagazine.com.br\/wp-content\/uploads\/2024\/07\/Livro-Colli-Books-.jpeg","_links":{"self":[{"href":"https:\/\/vimagazine.com.br\/index.php?rest_route=\/wp\/v2\/posts\/14997"}],"collection":[{"href":"https:\/\/vimagazine.com.br\/index.php?rest_route=\/wp\/v2\/posts"}],"about":[{"href":"https:\/\/vimagazine.com.br\/index.php?rest_route=\/wp\/v2\/types\/post"}],"author":[{"embeddable":true,"href":"https:\/\/vimagazine.com.br\/index.php?rest_route=\/wp\/v2\/users\/1"}],"replies":[{"embeddable":true,"href":"https:\/\/vimagazine.com.br\/index.php?rest_route=%2Fwp%2Fv2%2Fcomments&post=14997"}],"version-history":[{"count":1,"href":"https:\/\/vimagazine.com.br\/index.php?rest_route=\/wp\/v2\/posts\/14997\/revisions"}],"predecessor-version":[{"id":14999,"href":"https:\/\/vimagazine.com.br\/index.php?rest_route=\/wp\/v2\/posts\/14997\/revisions\/14999"}],"wp:featuredmedia":[{"embeddable":true,"href":"https:\/\/vimagazine.com.br\/index.php?rest_route=\/wp\/v2\/media\/14998"}],"wp:attachment":[{"href":"https:\/\/vimagazine.com.br\/index.php?rest_route=%2Fwp%2Fv2%2Fmedia&parent=14997"}],"wp:term":[{"taxonomy":"category","embeddable":true,"href":"https:\/\/vimagazine.com.br\/index.php?rest_route=%2Fwp%2Fv2%2Fcategories&post=14997"},{"taxonomy":"post_tag","embeddable":true,"href":"https:\/\/vimagazine.com.br\/index.php?rest_route=%2Fwp%2Fv2%2Ftags&post=14997"}],"curies":[{"name":"wp","href":"https:\/\/api.w.org\/{rel}","templated":true}]}}