{"id":15000,"date":"2024-07-26T17:05:27","date_gmt":"2024-07-26T20:05:27","guid":{"rendered":"https:\/\/vimagazine.com.br\/?p=15000"},"modified":"2024-07-26T17:07:57","modified_gmt":"2024-07-26T20:07:57","slug":"na-bateria-do-jornalismo-com-roberto-rodrigues","status":"publish","type":"post","link":"https:\/\/vimagazine.com.br\/?p=15000","title":{"rendered":"Na Bateria do Jornalismo com Roberto Rodrigues!"},"content":{"rendered":"\n<figure class=\"wp-block-image size-full\"><img width=\"715\" height=\"490\" src=\"https:\/\/vimagazine.com.br\/wp-content\/uploads\/2024\/07\/Roberto-Rodrigues.jpg\" alt=\"\" class=\"wp-image-15001\" srcset=\"https:\/\/vimagazine.com.br\/wp-content\/uploads\/2024\/07\/Roberto-Rodrigues.jpg 715w, https:\/\/vimagazine.com.br\/wp-content\/uploads\/2024\/07\/Roberto-Rodrigues-300x206.jpg 300w\" sizes=\"(max-width: 715px) 100vw, 715px\" \/><figcaption>Foto <strong><a href=\"https:\/\/www.instagram.com\/gih_fotografiaofc?utm_source=ig_web_button_share_sheet&amp;igsh=ZDNlZDc0MzIxNw==\" title=\"Gisele Amaro\">Gisele Amaro<\/a><\/strong><\/figcaption><\/figure>\n\n\n\n<p>Em um cen\u00e1rio repleto de talentos e hist\u00f3rias inspiradoras,<strong><a href=\"https:\/\/www.instagram.com\/robertoassessor?utm_source=ig_web_button_share_sheet&amp;igsh=ZDNlZDc0MzIxNw==\" title=\" Roberto Rodrigues\"> Roberto Rodrigues<\/a><\/strong> se destaca como uma verdadeira refer\u00eancia no jornalismo brasileiro. Deixando o interior para tr\u00e1s, ele embarcou em uma jornada rumo \u00e0 vibrante cidade de S\u00e3o Paulo, onde encontrou seu verdadeiro palco de atua\u00e7\u00e3o. Conhecido carinhosamente como o &#8220;rep\u00f3rter do Carnaval&#8221;, Roberto trouxe \u00e0 tona a ess\u00eancia e a cultura dessa festa t\u00e3o brasileira, encantando a todos com sua paix\u00e3o e dedica\u00e7\u00e3o.<br>A trajet\u00f3ria de Roberto Rodrigues \u00e9 uma verdadeira li\u00e7\u00e3o de supera\u00e7\u00e3o e amor pela profiss\u00e3o. Com determina\u00e7\u00e3o, ele conquistou seu espa\u00e7o na capital, mostrando que \u00e9 poss\u00edvel brilhar mesmo em meio \u00e0 intensa concorr\u00eancia. <\/p>\n\n\n\n<p>Seu trabalho n\u00e3o s\u00f3 celebra a diversidade e a riqueza do Carnaval, mas tamb\u00e9m reflete a pr\u00f3pria diversidade e riqueza do jornalismo no Brasil.<\/p>\n\n\n\n<figure class=\"wp-block-image size-full\"><img width=\"720\" height=\"484\" src=\"https:\/\/vimagazine.com.br\/wp-content\/uploads\/2024\/07\/Roberto-Rodrigues-2.jpg\" alt=\"\" class=\"wp-image-15002\" srcset=\"https:\/\/vimagazine.com.br\/wp-content\/uploads\/2024\/07\/Roberto-Rodrigues-2.jpg 720w, https:\/\/vimagazine.com.br\/wp-content\/uploads\/2024\/07\/Roberto-Rodrigues-2-300x202.jpg 300w\" sizes=\"(max-width: 720px) 100vw, 720px\" \/><figcaption>Giu e Roberto<\/figcaption><\/figure>\n\n\n\n<p>Para mim, como f\u00e3 do seu trabalho, Roberto \u00e9 uma fonte constante de inspira\u00e7\u00e3o. Sua capacidade de capturar a alma do que escreve e transmitir isso ao p\u00fablico \u00e9 simplesmente admir\u00e1vel. Ele nos ensina que, com talento e perseveran\u00e7a, \u00e9 poss\u00edvel transformar sonhos em realidade e deixar uma marca indel\u00e9vel no cen\u00e1rio jornal\u00edstico.<br>Roberto Rodrigues \u00e9 mais do que um rep\u00f3rter; ele \u00e9 um \u00edcone que representa a paix\u00e3o pelo jornalismo e a celebra\u00e7\u00e3o da cultura brasileira. Sua hist\u00f3ria nos motiva a seguir em frente, a buscar sempre o melhor e a acreditar que, com dedica\u00e7\u00e3o, todos podemos alcan\u00e7ar nossos objetivos.<br>Perguntei para ele: O que te motivou a dar este reviravolta em sua vida?<\/p>\n\n\n\n<figure class=\"wp-block-video\"><video controls src=\"https:\/\/vimagazine.com.br\/wp-content\/uploads\/2024\/07\/roberto.mp4\"><\/video><figcaption>Trecho do nosso bate papo, v\u00eddeo completo no canal <a href=\"https:\/\/youtube.chttps:\/\/youtube.com\/@podcota?si=K-uW_aGr5wn3ayWqom\/@podcota?si=K-uW_aGr5wn3ayWq\" title=\"Giu Cota\">Giu Cota<\/a><\/figcaption><\/figure>\n\n\n\n<p>&#8220;Sempre estive em busca de oportunidades, que como todos sabemos, s\u00e3o muito dif\u00edceis, principalmente na \u00e1rea de comunica\u00e7\u00e3o. Na \u00e9poca, meu filho ainda era pequeno e eu tinha pouca idade, mas grandes responsabilidades. Mas como acredito em prote\u00e7\u00e3o espiritual, os meus anjos da guarda estavam de plant\u00e3o e muitas pessoas abriram portas para a minha carreira. Por incr\u00edvel que pare\u00e7a, eu sonhava em ser professor de matem\u00e1tica, que \u00e9 uma profiss\u00e3o extremamente digna e respeitosa, mas fui levado para outro caminho e estou muito feliz por segu\u00ed-lo&#8221;.<br>Na Vibe com Giu Cota, celebramos a trajet\u00f3ria de Roberto Rodrigues, um exemplo vivo de que, com amor e empenho, podemos conquistar o mundo.<br>N\u00e3o perca essa entrevista inspiradora em nossa coluna &#8220;Na Vibe com Giu Cota&#8221; na Vi Magazine! Assista um trecho da nossa conversa; o v\u00eddeo completo est\u00e1 dispon\u00edvel no canal Giu Cota.<\/p>\n\n\n\n<p><br>Contato de Assessoria: <strong>Roberto Rodrigues<\/strong><\/p>\n\n\n\n<p><br><strong><a href=\"https:\/\/www.instagram.com\/giucota?igsh=MXNzYXprbDJpaWhzNQ%3D%3D&amp;utm_source=qr\" title=\"Giu Cota\">Giu Cota<\/a><\/strong><br><strong>Colunista Vi Magazine<br>\u201cNa Vibe com Giu Cota\u201d<\/strong><\/p>\n","protected":false},"excerpt":{"rendered":"<p>Em um cen\u00e1rio repleto de talentos e hist\u00f3rias inspiradoras, Roberto Rodrigues se destaca como uma&#8230;<\/p>\n","protected":false},"author":37,"featured_media":0,"comment_status":"closed","ping_status":"open","sticky":false,"template":"","format":"standard","meta":{"om_disable_all_campaigns":false,"_monsterinsights_skip_tracking":false,"_monsterinsights_sitenote_active":false,"_monsterinsights_sitenote_note":"","_monsterinsights_sitenote_category":0,"spay_email":""},"categories":[1],"tags":[],"jetpack_featured_media_url":"","_links":{"self":[{"href":"https:\/\/vimagazine.com.br\/index.php?rest_route=\/wp\/v2\/posts\/15000"}],"collection":[{"href":"https:\/\/vimagazine.com.br\/index.php?rest_route=\/wp\/v2\/posts"}],"about":[{"href":"https:\/\/vimagazine.com.br\/index.php?rest_route=\/wp\/v2\/types\/post"}],"author":[{"embeddable":true,"href":"https:\/\/vimagazine.com.br\/index.php?rest_route=\/wp\/v2\/users\/37"}],"replies":[{"embeddable":true,"href":"https:\/\/vimagazine.com.br\/index.php?rest_route=%2Fwp%2Fv2%2Fcomments&post=15000"}],"version-history":[{"count":3,"href":"https:\/\/vimagazine.com.br\/index.php?rest_route=\/wp\/v2\/posts\/15000\/revisions"}],"predecessor-version":[{"id":15008,"href":"https:\/\/vimagazine.com.br\/index.php?rest_route=\/wp\/v2\/posts\/15000\/revisions\/15008"}],"wp:attachment":[{"href":"https:\/\/vimagazine.com.br\/index.php?rest_route=%2Fwp%2Fv2%2Fmedia&parent=15000"}],"wp:term":[{"taxonomy":"category","embeddable":true,"href":"https:\/\/vimagazine.com.br\/index.php?rest_route=%2Fwp%2Fv2%2Fcategories&post=15000"},{"taxonomy":"post_tag","embeddable":true,"href":"https:\/\/vimagazine.com.br\/index.php?rest_route=%2Fwp%2Fv2%2Ftags&post=15000"}],"curies":[{"name":"wp","href":"https:\/\/api.w.org\/{rel}","templated":true}]}}