{"id":15021,"date":"2024-07-30T10:54:51","date_gmt":"2024-07-30T13:54:51","guid":{"rendered":"https:\/\/vimagazine.com.br\/?p=15021"},"modified":"2024-07-30T10:54:52","modified_gmt":"2024-07-30T13:54:52","slug":"sindrome-do-bebe-sacudido-o-perigo-invisivel-e-as-consequencias-devastadoras","status":"publish","type":"post","link":"https:\/\/vimagazine.com.br\/?p=15021","title":{"rendered":"S\u00edndrome do Beb\u00ea Sacudido: O perigo invis\u00edvel e as consequ\u00eancias devastadoras"},"content":{"rendered":"\n<p><\/p>\n\n\n\n<p class=\"has-medium-font-size\"><em><strong>S\u00edndrome pode ocasionar uma s\u00e9rie de problemas neurol\u00f3gicos<\/strong><\/em><br><br><\/p>\n\n\n\n<p>Conhecida internacionalmente como &#8220;Shaken Baby Syndrom&#8221;, essa condi\u00e7\u00e3o, que afeta principalmente beb\u00eas de poucos meses, pode ser fruto de algo aparentemente inofensivo, que \u00e9 o de sacudir ou chacoalhar as crian\u00e7as para que se acalmem, ou at\u00e9 mesmo jog\u00e1-las em brincadeiras, o ato pode provocar les\u00f5es cerebrais severas.<\/p>\n\n\n\n<p>O neurocirurgi\u00e3o pedi\u00e1trico Alexandre Canheu, destaca que a a\u00e7\u00e3o de sacudir o beb\u00ea de forma intensa pode causar danos no c\u00e9rebro, impedindo a adequada oxigena\u00e7\u00e3o. Esse movimento brusco pode resultar em hemorragias, hematomas, danos cerebrais irrepar\u00e1veis.<\/p>\n\n\n\n<p>&#8220;Em um primeiro momento com o choque, pode ocorrer pequenas les\u00f5es que provocam pequenos sangramentos cerebrais. No come\u00e7o a crian\u00e7a fica apenas irritada, mas ao longo do tempo isso acaba comprometendo o desenvolvimento neurol\u00f3gico, pois afeta o c\u00e9rebro como um todo&#8221;, alerta.<\/p>\n\n\n\n<p>As consequ\u00eancias mais frequentes ocasionadas pela s\u00edndrome incluem contus\u00f5es, rompimento de fibras nervosas e edema do sistema nervoso central. Os sintomas decorrentes dessas les\u00f5es s\u00e3o variados, como altera\u00e7\u00e3o do n\u00edvel de consci\u00eancia, irritabilidade, problemas respirat\u00f3rios, sonol\u00eancia, recusa alimentar e v\u00f4mitos. Canheu ressalta a import\u00e2ncia de identificar rapidamente esses sinais para iniciar o tratamento adequado.<\/p>\n\n\n\n<p>&#8220;A maioria dos pacientes n\u00e3o apresentam les\u00f5es f\u00edsicas vis\u00edveis, mas \u00e9 poss\u00edvel observar hemorragias subdurais, subaracn\u00f3ideas e retinianas. Para identificar a s\u00edndrome, \u00e9 necess\u00e1rio aten\u00e7\u00e3o com a crian\u00e7a que chega no pronto-socorro, realizando exames neurol\u00f3gicos. Entre os procedimentos comuns est\u00e3o a anamnese detalhada, exame f\u00edsico minucioso com exame de fundo de olho, tomografia computadorizada, resson\u00e2ncia magn\u00e9tica e biomicroscopia de fundo de olho. \u00c9 importante destacar que na grande maioria das vezes, crian\u00e7as com quadros assim foram alvo de abuso infantil e maus-tratos&#8221;, comenta.<\/p>\n\n\n\n<p><strong>Consequ\u00eancias a longo prazo<\/strong><\/p>\n\n\n\n<p>As consequ\u00eancias mais frequentes s\u00e3o a cegueira total ou parcial, surdez, atraso na aprendizagem e a defici\u00eancia intelectual. Nos casos mais graves, a crian\u00e7a pode morrer.<br><br>Foto: Neurocirurgi\u00e3o pedi\u00e1trico Dr. Alexandre Canheu<\/p>\n","protected":false},"excerpt":{"rendered":"<p>S\u00edndrome pode ocasionar uma s\u00e9rie de problemas neurol\u00f3gicos Conhecida internacionalmente como &#8220;Shaken Baby Syndrom&#8221;, essa&#8230;<\/p>\n","protected":false},"author":1,"featured_media":15022,"comment_status":"closed","ping_status":"open","sticky":false,"template":"","format":"standard","meta":{"om_disable_all_campaigns":false,"_monsterinsights_skip_tracking":false,"_monsterinsights_sitenote_active":false,"_monsterinsights_sitenote_note":"","_monsterinsights_sitenote_category":0,"spay_email":""},"categories":[1],"tags":[],"jetpack_featured_media_url":"https:\/\/vimagazine.com.br\/wp-content\/uploads\/2024\/07\/f1680c4e-71b9-418f-95db-d3f8bf567033.jpeg","_links":{"self":[{"href":"https:\/\/vimagazine.com.br\/index.php?rest_route=\/wp\/v2\/posts\/15021"}],"collection":[{"href":"https:\/\/vimagazine.com.br\/index.php?rest_route=\/wp\/v2\/posts"}],"about":[{"href":"https:\/\/vimagazine.com.br\/index.php?rest_route=\/wp\/v2\/types\/post"}],"author":[{"embeddable":true,"href":"https:\/\/vimagazine.com.br\/index.php?rest_route=\/wp\/v2\/users\/1"}],"replies":[{"embeddable":true,"href":"https:\/\/vimagazine.com.br\/index.php?rest_route=%2Fwp%2Fv2%2Fcomments&post=15021"}],"version-history":[{"count":1,"href":"https:\/\/vimagazine.com.br\/index.php?rest_route=\/wp\/v2\/posts\/15021\/revisions"}],"predecessor-version":[{"id":15023,"href":"https:\/\/vimagazine.com.br\/index.php?rest_route=\/wp\/v2\/posts\/15021\/revisions\/15023"}],"wp:featuredmedia":[{"embeddable":true,"href":"https:\/\/vimagazine.com.br\/index.php?rest_route=\/wp\/v2\/media\/15022"}],"wp:attachment":[{"href":"https:\/\/vimagazine.com.br\/index.php?rest_route=%2Fwp%2Fv2%2Fmedia&parent=15021"}],"wp:term":[{"taxonomy":"category","embeddable":true,"href":"https:\/\/vimagazine.com.br\/index.php?rest_route=%2Fwp%2Fv2%2Fcategories&post=15021"},{"taxonomy":"post_tag","embeddable":true,"href":"https:\/\/vimagazine.com.br\/index.php?rest_route=%2Fwp%2Fv2%2Ftags&post=15021"}],"curies":[{"name":"wp","href":"https:\/\/api.w.org\/{rel}","templated":true}]}}