{"id":15056,"date":"2024-08-01T15:40:14","date_gmt":"2024-08-01T18:40:14","guid":{"rendered":"https:\/\/vimagazine.com.br\/?p=15056"},"modified":"2024-08-01T15:40:15","modified_gmt":"2024-08-01T18:40:15","slug":"com-16-mil-atletas-maratona-internacional-de-floripa-tera-maior-edicao-de-sua-historia","status":"publish","type":"post","link":"https:\/\/vimagazine.com.br\/?p=15056","title":{"rendered":"Com 16 mil atletas, Maratona Internacional de Floripa ter\u00e1 maior edi\u00e7\u00e3o de sua hist\u00f3ria"},"content":{"rendered":"\n<p><\/p>\n\n\n\n<p><\/p>\n\n\n\n<p><\/p>\n\n\n\n<p class=\"has-medium-font-size\"><em>Sexta edi\u00e7\u00e3o, realizada em 24 e 25 de agosto de 2024, contabiliza recorde de participantes no hist\u00f3rico do maior evento esportivo de Santa Catarina\u00a0<\/em><\/p>\n\n\n\n<p><\/p>\n\n\n\n<p>Vem a\u00ed a maior edi\u00e7\u00e3o da hist\u00f3ria da Maratona Internacional de Floripa. A edi\u00e7\u00e3o de 2024 est\u00e1 confirmada para os dias 24 e 25 de agosto. Maior evento esportivo realizado em Santa Catarina neste ano, mais de 16 mil atletas est\u00e3o confirmados para as corridas de 42,2 km, 21,1 km e 5 km, al\u00e9m da Maratoninha, para as crian\u00e7as. A corrida de rua est\u00e1 entre as mais importantes do calend\u00e1rio brasileiro da modalidade.&nbsp;<\/p>\n\n\n\n<p>As 15 mil inscri\u00e7\u00f5es, dispon\u00edveis desde setembro do ano passado, foram esgotadas mais de dois meses antes da realiza\u00e7\u00e3o do evento. Um lote de mil vagas extras, aberto posteriormente, foi encerrado tamb\u00e9m com o preenchimento completo.&nbsp;<\/p>\n\n\n\n<p>O primeiro dia de a\u00e7\u00e3o, em 24 de agosto, ser\u00e1 da meia maratona, com seus 21,1 km, e tamb\u00e9m da Maratoninha, a corrida para crian\u00e7as de at\u00e9 13 anos. O domingo de 25 de agosto \u00e9 da prova principal, os 42,2 km da maratona, e tamb\u00e9m da corrida de 5 km.&nbsp;<\/p>\n\n\n\n<p>A Maratona Internacional de Floripa fica maior a cada ano. O primeiro evento, em 2017, contou com seus 6,4 mil inscritos. Nas edi\u00e7\u00f5es seguintes, em 2018 e 2019, foram 8,6 mil atletas e 10,2 mil, respectivamente. Em 2022, de retomada ap\u00f3s a pandemia, foram 14 mil participantes. No ano seguinte, o evento esportivo alcan\u00e7ou os 15 mil. Nesta edi\u00e7\u00e3o, o n\u00famero foi alcan\u00e7ado dois meses antes, o que gerou a abertura de inscri\u00e7\u00f5es extras, alinhado com a capacidade de Florian\u00f3polis em receber corredores de todo o Brasil e de mais de 20 pa\u00edses.&nbsp;<\/p>\n\n\n\n<p>&#8220;Estamos extremamente empolgados com a edi\u00e7\u00e3o deste ano da Maratona Internacional de Floripa. A cada ano, vemos um crescimento significativo no n\u00famero de participantes, o que refor\u00e7a a import\u00e2ncia e o impacto deste evento no cen\u00e1rio esportivo brasileiro e internacional. Floripa se destaca n\u00e3o apenas pela beleza natural, mas tamb\u00e9m pela capacidade de acolher atletas e proporcionar uma grande experi\u00eancia. Estamos em prepara\u00e7\u00e3o para receber todos com muita energia e entusiasmo&#8221;, afirma Anderson Tonon, diretor do Grupo STC, respons\u00e1vel pela organiza\u00e7\u00e3o e realiza\u00e7\u00e3o da Maratona Internacional de Floripa.\u00a0\u00a0<\/p>\n\n\n\n<p><\/p>\n\n\n\n<p><\/p>\n\n\n\n<figure class=\"wp-container-2 wp-block-gallery-1 wp-block-gallery has-nested-images columns-default is-cropped\">\n<figure class=\"wp-block-image size-large\"><img width=\"1920\" height=\"1080\" data-id=\"15057\"  src=\"https:\/\/vimagazine.com.br\/wp-content\/uploads\/2024\/08\/22d91952-aca0-460b-ba0e-efcb22eab796.jpg\" alt=\"\" class=\"wp-image-15057\" srcset=\"https:\/\/vimagazine.com.br\/wp-content\/uploads\/2024\/08\/22d91952-aca0-460b-ba0e-efcb22eab796.jpg 1920w, https:\/\/vimagazine.com.br\/wp-content\/uploads\/2024\/08\/22d91952-aca0-460b-ba0e-efcb22eab796-300x169.jpg 300w, https:\/\/vimagazine.com.br\/wp-content\/uploads\/2024\/08\/22d91952-aca0-460b-ba0e-efcb22eab796-1024x576.jpg 1024w, https:\/\/vimagazine.com.br\/wp-content\/uploads\/2024\/08\/22d91952-aca0-460b-ba0e-efcb22eab796-768x432.jpg 768w, https:\/\/vimagazine.com.br\/wp-content\/uploads\/2024\/08\/22d91952-aca0-460b-ba0e-efcb22eab796-1536x864.jpg 1536w\" sizes=\"(max-width: 1920px) 100vw, 1920px\" \/><figcaption><em>Foto: Guilherme Spengler\/Maratona de Floripa<\/em>ult<\/figcaption><\/figure>\n<\/figure>\n\n\n\n<p>A programa\u00e7\u00e3o oficial vai come\u00e7ar dois dias antes das corridas. Neste ano, a feira e retirada de kit-atleta ser\u00e1 sediada no Villa Romana Shopping. Al\u00e9m de encontrar o kit, os corredores v\u00e3o encontrar um espa\u00e7o tem\u00e1tico que vai abrigar mais de 20 expositores com as \u00faltimas novidades do segmento running. Al\u00e9m disso, estar\u00e3o dispon\u00edveis produtos oficiais da Maratona Internacional de Floripa.\u00a0<\/p>\n\n\n\n<p>A Maratona Internacional de Floripa 2024 \u00e9 apresentada pelo Fort Atacadista e tem patroc\u00ednio do Villa Romana Shopping e da GO3. O evento tem a promo\u00e7\u00e3o da NDTV Record TV, conta com o apoio de DaCol\u00f4nia e apoio institucional da Prefeitura de Florian\u00f3polis, do Governo de Santa Catarina, da Abraceo e da ATC-SC. A Foco Radical far\u00e1 a cobertura oficial. O evento esportivo \u00e9 homologado pela Federa\u00e7\u00e3o Catarinense de Atletismo. O Grupo STC assina como organizadora.\u00a0<\/p>\n\n\n\n<p><\/p>\n\n\n\n<figure class=\"wp-block-image size-large is-resized\"><img src=\"https:\/\/vimagazine.com.br\/wp-content\/uploads\/2024\/08\/6d965660-dee4-4c7b-8c8b-d65410eb4f87-1024x683.jpg\" alt=\"\" class=\"wp-image-15058\" width=\"840\" height=\"560\" srcset=\"https:\/\/vimagazine.com.br\/wp-content\/uploads\/2024\/08\/6d965660-dee4-4c7b-8c8b-d65410eb4f87-1024x683.jpg 1024w, https:\/\/vimagazine.com.br\/wp-content\/uploads\/2024\/08\/6d965660-dee4-4c7b-8c8b-d65410eb4f87-300x200.jpg 300w, https:\/\/vimagazine.com.br\/wp-content\/uploads\/2024\/08\/6d965660-dee4-4c7b-8c8b-d65410eb4f87-768x512.jpg 768w, https:\/\/vimagazine.com.br\/wp-content\/uploads\/2024\/08\/6d965660-dee4-4c7b-8c8b-d65410eb4f87-1536x1024.jpg 1536w, https:\/\/vimagazine.com.br\/wp-content\/uploads\/2024\/08\/6d965660-dee4-4c7b-8c8b-d65410eb4f87.jpg 1920w\" sizes=\"(max-width: 840px) 100vw, 840px\" \/><figcaption><em>Foto: Gabriel Heusi\/Heusi Action<\/em><\/figcaption><\/figure>\n\n\n\n<p class=\"has-small-font-size\">Foto Destaque<em>: Gabriel Heusi\/Heusi Action<\/em><br><br><br><\/p>\n","protected":false},"excerpt":{"rendered":"<p>Sexta edi\u00e7\u00e3o, realizada em 24 e 25 de agosto de 2024, contabiliza recorde de participantes&#8230;<\/p>\n","protected":false},"author":1,"featured_media":15059,"comment_status":"closed","ping_status":"open","sticky":false,"template":"","format":"standard","meta":{"om_disable_all_campaigns":false,"_monsterinsights_skip_tracking":false,"_monsterinsights_sitenote_active":false,"_monsterinsights_sitenote_note":"","_monsterinsights_sitenote_category":0,"spay_email":""},"categories":[27,1],"tags":[],"jetpack_featured_media_url":"https:\/\/vimagazine.com.br\/wp-content\/uploads\/2024\/08\/30e13126-dd21-470d-ad6c-343d910f6416.jpg","_links":{"self":[{"href":"https:\/\/vimagazine.com.br\/index.php?rest_route=\/wp\/v2\/posts\/15056"}],"collection":[{"href":"https:\/\/vimagazine.com.br\/index.php?rest_route=\/wp\/v2\/posts"}],"about":[{"href":"https:\/\/vimagazine.com.br\/index.php?rest_route=\/wp\/v2\/types\/post"}],"author":[{"embeddable":true,"href":"https:\/\/vimagazine.com.br\/index.php?rest_route=\/wp\/v2\/users\/1"}],"replies":[{"embeddable":true,"href":"https:\/\/vimagazine.com.br\/index.php?rest_route=%2Fwp%2Fv2%2Fcomments&post=15056"}],"version-history":[{"count":1,"href":"https:\/\/vimagazine.com.br\/index.php?rest_route=\/wp\/v2\/posts\/15056\/revisions"}],"predecessor-version":[{"id":15060,"href":"https:\/\/vimagazine.com.br\/index.php?rest_route=\/wp\/v2\/posts\/15056\/revisions\/15060"}],"wp:featuredmedia":[{"embeddable":true,"href":"https:\/\/vimagazine.com.br\/index.php?rest_route=\/wp\/v2\/media\/15059"}],"wp:attachment":[{"href":"https:\/\/vimagazine.com.br\/index.php?rest_route=%2Fwp%2Fv2%2Fmedia&parent=15056"}],"wp:term":[{"taxonomy":"category","embeddable":true,"href":"https:\/\/vimagazine.com.br\/index.php?rest_route=%2Fwp%2Fv2%2Fcategories&post=15056"},{"taxonomy":"post_tag","embeddable":true,"href":"https:\/\/vimagazine.com.br\/index.php?rest_route=%2Fwp%2Fv2%2Ftags&post=15056"}],"curies":[{"name":"wp","href":"https:\/\/api.w.org\/{rel}","templated":true}]}}