{"id":15075,"date":"2024-08-02T17:29:38","date_gmt":"2024-08-02T20:29:38","guid":{"rendered":"https:\/\/vimagazine.com.br\/?p=15075"},"modified":"2024-08-02T17:29:40","modified_gmt":"2024-08-02T20:29:40","slug":"isdin-e-o-sonho-de-transformar","status":"publish","type":"post","link":"https:\/\/vimagazine.com.br\/?p=15075","title":{"rendered":"ISDIN e o sonho de transformar"},"content":{"rendered":"\n<p><\/p>\n\n\n\n<p class=\"has-medium-font-size\"><em><strong>Evento Dream Night, em SP, apresentou ci\u00eancia, tecnologia, lan\u00e7amentos e projetos da marca no Brasil e mundo<\/strong><\/em><\/p>\n\n\n\n<p>ISDIN, marca de Barcelona refer\u00eancia em dermocosm\u00e9ticos, celebrou mais um ano com festa para dermatologistas e convidados no Hotel Unique, nesta quinta-feira, em S\u00e3o Paulo. O CEO global Juan Naya veio ao Brasil especialmente para o evento, que \u00e9 a materializa\u00e7\u00e3o do sonho da marca &#8220;Inspirar a todos que tocamos a desfrutar de uma vida saud\u00e1vel, feliz e bonita&#8221;.<\/p>\n\n\n\n<p><\/p>\n\n\n\n<figure class=\"wp-container-2 wp-block-gallery-1 wp-block-gallery has-nested-images columns-default is-cropped\">\n<figure class=\"wp-block-image size-large\"><img width=\"1280\" height=\"1920\" data-id=\"15076\"  src=\"https:\/\/vimagazine.com.br\/wp-content\/uploads\/2024\/08\/524c54e4-8709-4ff8-9d55-d2a105df5d2c.jpg\" alt=\"\" class=\"wp-image-15076\" srcset=\"https:\/\/vimagazine.com.br\/wp-content\/uploads\/2024\/08\/524c54e4-8709-4ff8-9d55-d2a105df5d2c.jpg 1280w, https:\/\/vimagazine.com.br\/wp-content\/uploads\/2024\/08\/524c54e4-8709-4ff8-9d55-d2a105df5d2c-200x300.jpg 200w, https:\/\/vimagazine.com.br\/wp-content\/uploads\/2024\/08\/524c54e4-8709-4ff8-9d55-d2a105df5d2c-683x1024.jpg 683w, https:\/\/vimagazine.com.br\/wp-content\/uploads\/2024\/08\/524c54e4-8709-4ff8-9d55-d2a105df5d2c-768x1152.jpg 768w, https:\/\/vimagazine.com.br\/wp-content\/uploads\/2024\/08\/524c54e4-8709-4ff8-9d55-d2a105df5d2c-1024x1536.jpg 1024w\" sizes=\"(max-width: 1280px) 100vw, 1280px\" \/><figcaption><strong>Juan Maya,\u00a0Camila Queiroz e executivos da ISDIN<\/strong><\/figcaption><\/figure>\n\n\n\n<figure class=\"wp-block-image size-large\"><img width=\"1280\" height=\"1920\" data-id=\"15077\"  src=\"https:\/\/vimagazine.com.br\/wp-content\/uploads\/2024\/08\/398992a7-b2f6-4ad1-a21b-662660a0927a.jpg\" alt=\"\" class=\"wp-image-15077\" srcset=\"https:\/\/vimagazine.com.br\/wp-content\/uploads\/2024\/08\/398992a7-b2f6-4ad1-a21b-662660a0927a.jpg 1280w, https:\/\/vimagazine.com.br\/wp-content\/uploads\/2024\/08\/398992a7-b2f6-4ad1-a21b-662660a0927a-200x300.jpg 200w, https:\/\/vimagazine.com.br\/wp-content\/uploads\/2024\/08\/398992a7-b2f6-4ad1-a21b-662660a0927a-683x1024.jpg 683w, https:\/\/vimagazine.com.br\/wp-content\/uploads\/2024\/08\/398992a7-b2f6-4ad1-a21b-662660a0927a-768x1152.jpg 768w, https:\/\/vimagazine.com.br\/wp-content\/uploads\/2024\/08\/398992a7-b2f6-4ad1-a21b-662660a0927a-1024x1536.jpg 1024w\" sizes=\"(max-width: 1280px) 100vw, 1280px\" \/><figcaption><strong>Juan Maya e\u00a0Camila Queiroz<\/strong><\/figcaption><\/figure>\n<figcaption class=\"blocks-gallery-caption\">Fotos: <strong><em>Pedro Bas\u00edlio<\/em><\/strong><\/figcaption><\/figure>\n\n\n\n<p><\/p>\n\n\n\n<p>Durante a noite, Naya juntamente com Wellington Santos, gerente geral da ISDIN Brasil e Camila Queiroz, embaixadora da marca,\u00a0apresentou os lan\u00e7amentos da ISDIN e os projetos realizados pela ISDIN no Brasil e no mundo, como o de levar informa\u00e7\u00e3o, cuidados e conscientiza\u00e7\u00e3o \u00e0s escolas para que os alunos da primeira inf\u00e2ncia saibam mais sobre a import\u00e2ncia da prote\u00e7\u00e3o solar e da preven\u00e7\u00e3o do c\u00e2ncer de pele, assim como o sonho de preservar e restaurar os oceanos, com a Bluewave Alliance, iniciativa que tem como objetivo restaurar a sa\u00fade e beleza ao mar Mediterr\u00e2neo.<\/p>\n\n\n\n<p><\/p>\n\n\n\n<figure class=\"wp-container-4 wp-block-gallery-3 wp-block-gallery has-nested-images columns-default is-cropped\">\n<figure class=\"wp-block-image size-large\"><img width=\"1920\" height=\"1280\" data-id=\"15078\"  src=\"https:\/\/vimagazine.com.br\/wp-content\/uploads\/2024\/08\/ac40c683-a40e-40a9-827f-3a4119e6f259.jpg\" alt=\"\" class=\"wp-image-15078\" srcset=\"https:\/\/vimagazine.com.br\/wp-content\/uploads\/2024\/08\/ac40c683-a40e-40a9-827f-3a4119e6f259.jpg 1920w, https:\/\/vimagazine.com.br\/wp-content\/uploads\/2024\/08\/ac40c683-a40e-40a9-827f-3a4119e6f259-300x200.jpg 300w, https:\/\/vimagazine.com.br\/wp-content\/uploads\/2024\/08\/ac40c683-a40e-40a9-827f-3a4119e6f259-1024x683.jpg 1024w, https:\/\/vimagazine.com.br\/wp-content\/uploads\/2024\/08\/ac40c683-a40e-40a9-827f-3a4119e6f259-768x512.jpg 768w, https:\/\/vimagazine.com.br\/wp-content\/uploads\/2024\/08\/ac40c683-a40e-40a9-827f-3a4119e6f259-1536x1024.jpg 1536w\" sizes=\"(max-width: 1920px) 100vw, 1920px\" \/><figcaption><strong>Juan Naya, Wellington Santos e Camila Queiroz<\/strong><br><\/figcaption><\/figure>\n<\/figure>\n\n\n\n<p class=\"has-small-font-size\"><strong>Foto: Pedro Bas\u00edlio<\/strong><\/p>\n\n\n\n<p>Durante a noite foram apresentadas as novidades de ISDIN e Isdinceutics, com:<\/p>\n\n\n\n<p><strong>Hyaluronic Moisture Oily and Combination Skin,&nbsp;<\/strong>indicado para peles oleosas, mistas e com tend\u00eancia \u00e0 acne. O hidratante \u00e9 ultra leve, matifica o rosto, protege contra polui\u00e7\u00e3o, envelhecimento e radicais livres, tem 82% de ingredientes de origem natural, al\u00e9m de contar com o Matte-complex, que reduz em 40% os comed\u00f5es, mais conhecidos como cravos, al\u00e9m de minimizar a apar\u00eancia dos poros.<\/p>\n\n\n\n<p><strong>Hyaluronic Moisture Sensitive Skin<\/strong>, indicado para peles sens\u00edveis e com tend\u00eancia \u00e0 vermelhid\u00e3o, h\u00e1 a vers\u00e3o indicada para essas caracter\u00edsticas: Hyaluronic Moisture Sensitive Skin. O produto tem como principal diferencial o Complexo Redness Relief, com ativos focados no al\u00edvio da vermelhid\u00e3o, coceira e irrita\u00e7\u00e3o.<\/p>\n\n\n\n<figure class=\"wp-container-6 wp-block-gallery-5 wp-block-gallery has-nested-images columns-default is-cropped\">\n<figure class=\"wp-block-image size-large\"><img width=\"1200\" height=\"1200\" data-id=\"15079\"  src=\"https:\/\/vimagazine.com.br\/wp-content\/uploads\/2024\/08\/91bbd124-b4a4-48da-8aa3-729112dbd9b0.png\" alt=\"\" class=\"wp-image-15079\" srcset=\"https:\/\/vimagazine.com.br\/wp-content\/uploads\/2024\/08\/91bbd124-b4a4-48da-8aa3-729112dbd9b0.png 1200w, https:\/\/vimagazine.com.br\/wp-content\/uploads\/2024\/08\/91bbd124-b4a4-48da-8aa3-729112dbd9b0-300x300.png 300w, https:\/\/vimagazine.com.br\/wp-content\/uploads\/2024\/08\/91bbd124-b4a4-48da-8aa3-729112dbd9b0-1024x1024.png 1024w, https:\/\/vimagazine.com.br\/wp-content\/uploads\/2024\/08\/91bbd124-b4a4-48da-8aa3-729112dbd9b0-150x150.png 150w, https:\/\/vimagazine.com.br\/wp-content\/uploads\/2024\/08\/91bbd124-b4a4-48da-8aa3-729112dbd9b0-768x768.png 768w\" sizes=\"(max-width: 1200px) 100vw, 1200px\" \/><figcaption><strong>Hyaluronic Moisture Sensitive Skin &#8211; R$ 224,90<\/strong><\/figcaption><\/figure>\n\n\n\n<figure class=\"wp-block-image size-large\"><img width=\"1200\" height=\"1200\" data-id=\"15080\"  src=\"https:\/\/vimagazine.com.br\/wp-content\/uploads\/2024\/08\/37dbf7bd-2b85-40cf-91af-a6ccf5e9cd48.png\" alt=\"\" class=\"wp-image-15080\" srcset=\"https:\/\/vimagazine.com.br\/wp-content\/uploads\/2024\/08\/37dbf7bd-2b85-40cf-91af-a6ccf5e9cd48.png 1200w, https:\/\/vimagazine.com.br\/wp-content\/uploads\/2024\/08\/37dbf7bd-2b85-40cf-91af-a6ccf5e9cd48-300x300.png 300w, https:\/\/vimagazine.com.br\/wp-content\/uploads\/2024\/08\/37dbf7bd-2b85-40cf-91af-a6ccf5e9cd48-1024x1024.png 1024w, https:\/\/vimagazine.com.br\/wp-content\/uploads\/2024\/08\/37dbf7bd-2b85-40cf-91af-a6ccf5e9cd48-150x150.png 150w, https:\/\/vimagazine.com.br\/wp-content\/uploads\/2024\/08\/37dbf7bd-2b85-40cf-91af-a6ccf5e9cd48-768x768.png 768w\" sizes=\"(max-width: 1200px) 100vw, 1200px\" \/><figcaption><strong>Hyaluronic Moisture Oily and Combination Skin &#8211; R$ 224,90<\/strong><\/figcaption><\/figure>\n<\/figure>\n\n\n\n<p><\/p>\n\n\n\n<p>Al\u00e9m do pr\u00e9-lan\u00e7amento em primeira m\u00e3o para os convidados de dois novos itens da linha de Fotoprote\u00e7\u00e3o:<\/p>\n\n\n\n<p><strong>Gel Cream Pediatrics<\/strong>, protetor solar indicado para crian\u00e7as entre 6 meses e 5 anos, que hidrata como um creme, refresca como um gel, deixando uma sensa\u00e7\u00e3o agrad\u00e1vel e fresca com toque sedoso. A f\u00f3rmula cont\u00e9m Dexpantenol e Vitamina E, tem FPS 50, \u00e9 muito resistente \u00e0 \u00e1gua e \u00e0 fric\u00e7\u00e3o e Sea Friendly, com a maioria dos ingredientes biodegrad\u00e1veis e\/ou inorg\u00e2nicos, que n\u00e3o prejudicam a vida marinha e dos oceanos.<\/p>\n\n\n\n<p><strong>Transparent Spray Wet Skin<\/strong>, protetor solar com vers\u00f5es FPS 30 e FPS 50 com textura leve, refrescante e invis\u00edvel. Com aplica\u00e7\u00e3o super pr\u00e1tica e r\u00e1pida, pode ser usada na pele molhada, tem secagem imediata e resist\u00eancia \u00e0 \u00e1gua. A f\u00f3rmula cont\u00e9m Ginger Cell Protect, um extrato de gengibre 100% natural com alto teor de antioxidantes, que oferece prote\u00e7\u00e3o celular contra os danos oxidativos provocados pelo sol, al\u00e9m da tecnologia Wet Skin, que permite absor\u00e7\u00e3o tanto na pele \u00famida como na seca, sem deixar a pele esbranqui\u00e7ada e com res\u00edduos do produto e Sea Friendly, com ingredientes que n\u00e3o prejudicam a vida marinha e dos oceanos.<br><\/p>\n\n\n\n<figure class=\"wp-container-8 wp-block-gallery-7 wp-block-gallery has-nested-images columns-default is-cropped\">\n<figure class=\"wp-block-image size-large\"><img width=\"1920\" height=\"1920\" data-id=\"15081\"  src=\"https:\/\/vimagazine.com.br\/wp-content\/uploads\/2024\/08\/dad6513e-dc4a-4410-90e8-12ddb7676a68.jpg\" alt=\"\" class=\"wp-image-15081\" srcset=\"https:\/\/vimagazine.com.br\/wp-content\/uploads\/2024\/08\/dad6513e-dc4a-4410-90e8-12ddb7676a68.jpg 1920w, https:\/\/vimagazine.com.br\/wp-content\/uploads\/2024\/08\/dad6513e-dc4a-4410-90e8-12ddb7676a68-300x300.jpg 300w, https:\/\/vimagazine.com.br\/wp-content\/uploads\/2024\/08\/dad6513e-dc4a-4410-90e8-12ddb7676a68-1024x1024.jpg 1024w, https:\/\/vimagazine.com.br\/wp-content\/uploads\/2024\/08\/dad6513e-dc4a-4410-90e8-12ddb7676a68-150x150.jpg 150w, https:\/\/vimagazine.com.br\/wp-content\/uploads\/2024\/08\/dad6513e-dc4a-4410-90e8-12ddb7676a68-768x768.jpg 768w, https:\/\/vimagazine.com.br\/wp-content\/uploads\/2024\/08\/dad6513e-dc4a-4410-90e8-12ddb7676a68-1536x1536.jpg 1536w\" sizes=\"(max-width: 1920px) 100vw, 1920px\" \/><figcaption><strong>Transparent Spray Wet Skin FPS 50<\/strong><br><strong>R$ 129,90<\/strong><\/figcaption><\/figure>\n\n\n\n<figure class=\"wp-block-image size-large\"><img width=\"1920\" height=\"1920\" data-id=\"15082\"  src=\"https:\/\/vimagazine.com.br\/wp-content\/uploads\/2024\/08\/345229b2-b227-4653-bd04-aeb2df44620d.jpg\" alt=\"\" class=\"wp-image-15082\" srcset=\"https:\/\/vimagazine.com.br\/wp-content\/uploads\/2024\/08\/345229b2-b227-4653-bd04-aeb2df44620d.jpg 1920w, https:\/\/vimagazine.com.br\/wp-content\/uploads\/2024\/08\/345229b2-b227-4653-bd04-aeb2df44620d-300x300.jpg 300w, https:\/\/vimagazine.com.br\/wp-content\/uploads\/2024\/08\/345229b2-b227-4653-bd04-aeb2df44620d-1024x1024.jpg 1024w, https:\/\/vimagazine.com.br\/wp-content\/uploads\/2024\/08\/345229b2-b227-4653-bd04-aeb2df44620d-150x150.jpg 150w, https:\/\/vimagazine.com.br\/wp-content\/uploads\/2024\/08\/345229b2-b227-4653-bd04-aeb2df44620d-768x768.jpg 768w, https:\/\/vimagazine.com.br\/wp-content\/uploads\/2024\/08\/345229b2-b227-4653-bd04-aeb2df44620d-1536x1536.jpg 1536w\" sizes=\"(max-width: 1920px) 100vw, 1920px\" \/><figcaption><strong>Transparent Spray Wet Skin FPS 30<\/strong><br><strong>R$ 119,90<\/strong><\/figcaption><\/figure>\n\n\n\n<figure class=\"wp-block-image size-large\"><img width=\"1920\" height=\"1920\" data-id=\"15083\"  src=\"https:\/\/vimagazine.com.br\/wp-content\/uploads\/2024\/08\/aac0771c-ea02-48f7-9193-8176e98044e1.jpg\" alt=\"\" class=\"wp-image-15083\" srcset=\"https:\/\/vimagazine.com.br\/wp-content\/uploads\/2024\/08\/aac0771c-ea02-48f7-9193-8176e98044e1.jpg 1920w, https:\/\/vimagazine.com.br\/wp-content\/uploads\/2024\/08\/aac0771c-ea02-48f7-9193-8176e98044e1-300x300.jpg 300w, https:\/\/vimagazine.com.br\/wp-content\/uploads\/2024\/08\/aac0771c-ea02-48f7-9193-8176e98044e1-1024x1024.jpg 1024w, https:\/\/vimagazine.com.br\/wp-content\/uploads\/2024\/08\/aac0771c-ea02-48f7-9193-8176e98044e1-150x150.jpg 150w, https:\/\/vimagazine.com.br\/wp-content\/uploads\/2024\/08\/aac0771c-ea02-48f7-9193-8176e98044e1-768x768.jpg 768w, https:\/\/vimagazine.com.br\/wp-content\/uploads\/2024\/08\/aac0771c-ea02-48f7-9193-8176e98044e1-1536x1536.jpg 1536w\" sizes=\"(max-width: 1920px) 100vw, 1920px\" \/><figcaption><strong>Gel Cream Pediatrics<\/strong><br><strong>R$ 154,90<\/strong><\/figcaption><\/figure>\n<\/figure>\n\n\n\n<p><\/p>\n\n\n\n<p>De acordo com Juan Naya, o mercado brasileiro \u00e9 o terceiro principal para ISDIN e al\u00e9m de celebrar esse incr\u00edvel momento, \u00e9 tempo de olhar o futuro e sonhar com transforma\u00e7\u00f5es positivas para todos.<\/p>\n\n\n\n<p><\/p>\n\n\n\n<p><strong>Sobre a ISDIN:<\/strong>\u00a0ISDIN \u00e9 um laborat\u00f3rio internacional, com sede em Barcelona, especializado em oferecer h\u00e1 mais de 45 anos, solu\u00e7\u00f5es completas e inovadoras para o cuidado, preven\u00e7\u00e3o e tratamento da pele. O extenso portf\u00f3lio de produtos\u00a0ISDIN\u00a0\u00e9 resultado de\u00a0constante inova\u00e7\u00e3o\u00a0e pesquisa, que tem como principais objetivos o desenvolvimento de produtos na vanguarda da dermatologia, f\u00f3rmulas avan\u00e7adas e novas texturas. Gra\u00e7as a seu Programa ISDIN BLUE WAVE, comprometido com a sa\u00fade das pessoas, das comunidades e preserva\u00e7\u00e3o do planeta, a ISDIN foi reconhecida como uma empresa B Corp.<\/p>\n\n\n\n<p><strong>@isdin.brasil |\u00a0<\/strong><a href=\"https:\/\/click.cse360.com.br\/Click\/AddCampaignEmailClick\/53be1ab9-72b3-42b7-0fa2-08dcb2ec220b\/https%253a%252f%252fwww.isdin.com%252fpt-BR%252f\/84a13bf5-1001-4b37-93cf-9aa5931b4a9b\/vimagazine@vimagazine.com.br\/True\" target=\"_blank\" rel=\"noreferrer noopener\"><strong>https:\/\/www.isdin.com\/pt-BR\/<\/strong><\/a><br><br>Cr\u00e9ditos foto Destaque: <strong><em>Tom Barreto<\/em><\/strong><br><br><\/p>\n","protected":false},"excerpt":{"rendered":"<p>Evento Dream Night, em SP, apresentou ci\u00eancia, tecnologia, lan\u00e7amentos e projetos da marca no Brasil&#8230;<\/p>\n","protected":false},"author":1,"featured_media":15084,"comment_status":"closed","ping_status":"open","sticky":false,"template":"","format":"standard","meta":{"om_disable_all_campaigns":false,"_monsterinsights_skip_tracking":false,"_monsterinsights_sitenote_active":false,"_monsterinsights_sitenote_note":"","_monsterinsights_sitenote_category":0,"spay_email":""},"categories":[27,1],"tags":[],"jetpack_featured_media_url":"https:\/\/vimagazine.com.br\/wp-content\/uploads\/2024\/08\/d24c3957-9746-4ea7-b8d2-f5aae96af9c5.jpg","_links":{"self":[{"href":"https:\/\/vimagazine.com.br\/index.php?rest_route=\/wp\/v2\/posts\/15075"}],"collection":[{"href":"https:\/\/vimagazine.com.br\/index.php?rest_route=\/wp\/v2\/posts"}],"about":[{"href":"https:\/\/vimagazine.com.br\/index.php?rest_route=\/wp\/v2\/types\/post"}],"author":[{"embeddable":true,"href":"https:\/\/vimagazine.com.br\/index.php?rest_route=\/wp\/v2\/users\/1"}],"replies":[{"embeddable":true,"href":"https:\/\/vimagazine.com.br\/index.php?rest_route=%2Fwp%2Fv2%2Fcomments&post=15075"}],"version-history":[{"count":1,"href":"https:\/\/vimagazine.com.br\/index.php?rest_route=\/wp\/v2\/posts\/15075\/revisions"}],"predecessor-version":[{"id":15085,"href":"https:\/\/vimagazine.com.br\/index.php?rest_route=\/wp\/v2\/posts\/15075\/revisions\/15085"}],"wp:featuredmedia":[{"embeddable":true,"href":"https:\/\/vimagazine.com.br\/index.php?rest_route=\/wp\/v2\/media\/15084"}],"wp:attachment":[{"href":"https:\/\/vimagazine.com.br\/index.php?rest_route=%2Fwp%2Fv2%2Fmedia&parent=15075"}],"wp:term":[{"taxonomy":"category","embeddable":true,"href":"https:\/\/vimagazine.com.br\/index.php?rest_route=%2Fwp%2Fv2%2Fcategories&post=15075"},{"taxonomy":"post_tag","embeddable":true,"href":"https:\/\/vimagazine.com.br\/index.php?rest_route=%2Fwp%2Fv2%2Ftags&post=15075"}],"curies":[{"name":"wp","href":"https:\/\/api.w.org\/{rel}","templated":true}]}}