{"id":15087,"date":"2024-08-06T08:03:23","date_gmt":"2024-08-06T11:03:23","guid":{"rendered":"https:\/\/vimagazine.com.br\/?p=15087"},"modified":"2024-08-06T08:03:34","modified_gmt":"2024-08-06T11:03:34","slug":"rock-n-radio-a-festa-estreia-na-zona-sul-do-rio-de-janeiro","status":"publish","type":"post","link":"https:\/\/vimagazine.com.br\/?p=15087","title":{"rendered":"\u201cRock \u2018N\u2019 Radio &#8211; A Festa\u201d estreia na zona sul do Rio de Janeiro"},"content":{"rendered":"\n<p class=\"has-text-align-center\">A pr\u00f3xima edi\u00e7\u00e3o da \u201cRock &#8216;N&#8217; Radio &#8211; A festa\u201d acontecer\u00e1 a partir das 20h00, no dia 10\u00a0de agosto, na AABB (Associa\u00e7\u00e3o Atl\u00e9tica Banco do Brasil), no Leblon, zona sul do Rio de Janeiro. <\/p>\n\n\n\n<p class=\"has-text-align-center\">No evento, haver\u00e1 shows da Banda Mais do Mesmo com Tributo \u00e0 Legi\u00e3o Urbana e da cantora Lica Tito tocando &#8220;As Divas do Rock&#8221;.\u00a0<\/p>\n\n\n\n<p class=\"has-text-align-center\">Esta ser\u00e1 a primeira vez que a festa acontecer\u00e1 na zona sul carioca.<\/p>\n\n\n\n<p class=\"has-text-align-center\">&#8220;Rock &#8216;N&#8217; Radio &#8211; A festa&#8221;&nbsp;surgiu devido ao sucesso do programa \u201cRock &#8216;N&#8217; Radio\u201d, que \u00e9 todo dedicado ao rock e vai ao ar \u201cao vivo\u201d toda sexta-feira, de 19h00 \u00e0s 21h00, na R\u00e1dio Positividade FM, 104.5. S\u00e3o duas horas s\u00f3 de rock and roll para os roqueiros de plant\u00e3o.<\/p>\n\n\n\n<p class=\"has-text-align-center\"><strong>Servi\u00e7o:<\/strong><\/p>\n\n\n\n<p class=\"has-text-align-center\"><strong>\u201cRock &#8216;N&#8217; R\u00e1dio &#8211; A Festa\u201d<\/strong><\/p>\n\n\n\n<p class=\"has-text-align-center\">Dia: 10 de agosto (s\u00e1bado)<\/p>\n\n\n\n<p class=\"has-text-align-center\">Hor\u00e1rio: a partir das 20h00&nbsp;<\/p>\n\n\n\n<p class=\"has-text-align-center\">Local: AABB-Rio<\/p>\n\n\n\n<p class=\"has-text-align-center\">Endere\u00e7o: Avenida Borges de Medeiros, 829 &#8211; Leblon, Rio de Janeiro, RJ<\/p>\n\n\n\n<p class=\"has-text-align-center\">(em frente \u00e0 Lagoa Rodrigo de Freitas)&nbsp;<\/p>\n\n\n\n<p class=\"has-text-align-center\">Ingressos \u00e0 venda:&nbsp;<a href=\"http:\/\/sympla.com.br\/\" target=\"_blank\" rel=\"noreferrer noopener\">Sympla.com.br<\/a>&nbsp;<\/p>\n\n\n\n<p class=\"has-text-align-center\">Classifica\u00e7\u00e3o: 18 anos<\/p>\n\n\n\n<p class=\"has-text-align-center\">@rocknradio.afesta<\/p>\n\n\n\n<p>&#8212;<\/p>\n\n\n\n<p><strong>JP ASSESSORIA EM COMUNICA\u00c7\u00c3O<\/strong><\/p>\n\n\n\n<p><strong>Luiz Claudio de Almeida<\/strong><\/p>\n\n\n\n<p><strong>55. 21. 9 7281 61 08<\/strong><\/p>\n\n\n\n<p><strong>Alessandra Lacet<\/strong><\/p>\n\n\n\n<p><strong>55. 21. 9 9701 0549<\/strong><\/p>\n\n\n\n<p><strong>2 anexos \u2022 Anexos verificados pelo Gmail<\/strong><\/p>\n","protected":false},"excerpt":{"rendered":"<p>A pr\u00f3xima edi\u00e7\u00e3o da \u201cRock &#8216;N&#8217; Radio &#8211; A festa\u201d acontecer\u00e1 a partir das 20h00,&#8230;<\/p>\n","protected":false},"author":3,"featured_media":15088,"comment_status":"closed","ping_status":"open","sticky":false,"template":"","format":"standard","meta":{"om_disable_all_campaigns":false,"_monsterinsights_skip_tracking":false,"_monsterinsights_sitenote_active":false,"_monsterinsights_sitenote_note":"","_monsterinsights_sitenote_category":0,"spay_email":""},"categories":[1],"tags":[],"jetpack_featured_media_url":"https:\/\/vimagazine.com.br\/wp-content\/uploads\/2024\/08\/rk-e1722942106971.jpg","_links":{"self":[{"href":"https:\/\/vimagazine.com.br\/index.php?rest_route=\/wp\/v2\/posts\/15087"}],"collection":[{"href":"https:\/\/vimagazine.com.br\/index.php?rest_route=\/wp\/v2\/posts"}],"about":[{"href":"https:\/\/vimagazine.com.br\/index.php?rest_route=\/wp\/v2\/types\/post"}],"author":[{"embeddable":true,"href":"https:\/\/vimagazine.com.br\/index.php?rest_route=\/wp\/v2\/users\/3"}],"replies":[{"embeddable":true,"href":"https:\/\/vimagazine.com.br\/index.php?rest_route=%2Fwp%2Fv2%2Fcomments&post=15087"}],"version-history":[{"count":1,"href":"https:\/\/vimagazine.com.br\/index.php?rest_route=\/wp\/v2\/posts\/15087\/revisions"}],"predecessor-version":[{"id":15089,"href":"https:\/\/vimagazine.com.br\/index.php?rest_route=\/wp\/v2\/posts\/15087\/revisions\/15089"}],"wp:featuredmedia":[{"embeddable":true,"href":"https:\/\/vimagazine.com.br\/index.php?rest_route=\/wp\/v2\/media\/15088"}],"wp:attachment":[{"href":"https:\/\/vimagazine.com.br\/index.php?rest_route=%2Fwp%2Fv2%2Fmedia&parent=15087"}],"wp:term":[{"taxonomy":"category","embeddable":true,"href":"https:\/\/vimagazine.com.br\/index.php?rest_route=%2Fwp%2Fv2%2Fcategories&post=15087"},{"taxonomy":"post_tag","embeddable":true,"href":"https:\/\/vimagazine.com.br\/index.php?rest_route=%2Fwp%2Fv2%2Ftags&post=15087"}],"curies":[{"name":"wp","href":"https:\/\/api.w.org\/{rel}","templated":true}]}}