{"id":15090,"date":"2024-08-06T12:41:26","date_gmt":"2024-08-06T15:41:26","guid":{"rendered":"https:\/\/vimagazine.com.br\/?p=15090"},"modified":"2024-08-06T12:41:28","modified_gmt":"2024-08-06T15:41:28","slug":"protagonistas-do-brasil-um-encontro-de-gigantes-com-pablo-marcal","status":"publish","type":"post","link":"https:\/\/vimagazine.com.br\/?p=15090","title":{"rendered":"<strong>Protagonistas do Brasil: Um Encontro de Gigantes com Pablo Mar\u00e7al<\/strong>"},"content":{"rendered":"\n<p><em>O evento reuniu o n\u00facleo do empresariado nacional<\/em><\/p>\n\n\n\n<p>\u00a0 No dia 30 de julho, o renomado <strong>Clube Protagonistas do Brasil com MasterMind &amp; F\u00f3rum das Am\u00e9ricas<\/strong> realizou seu 20\u00ba Almo\u00e7o Empresarial, recebendo como convidado especial o empres\u00e1rio e pr\u00e9-candidato \u00e0 prefeitura de S\u00e3o Paulo, <strong>Pablo Mar\u00e7al<\/strong>. O evento reuniu 200 empres\u00e1rios de destaque, dentre os quais Jamil Albuquerque, Jason Albuquerque, Alvaro Garnero\u00a0 \u00a0consolidando-se como um dos principais encontros do empresariado e da pol\u00edtica brasileira.<\/p>\n\n\n\n<figure class=\"wp-block-image size-large is-resized\"><img src=\"https:\/\/vimagazine.com.br\/wp-content\/uploads\/2024\/08\/2-576x1024.jpg\" alt=\"\" class=\"wp-image-15092\" width=\"838\" height=\"1490\" srcset=\"https:\/\/vimagazine.com.br\/wp-content\/uploads\/2024\/08\/2-576x1024.jpg 576w, https:\/\/vimagazine.com.br\/wp-content\/uploads\/2024\/08\/2-169x300.jpg 169w, https:\/\/vimagazine.com.br\/wp-content\/uploads\/2024\/08\/2-rotated.jpg 800w\" sizes=\"(max-width: 838px) 100vw, 838px\" \/><\/figure>\n\n\n\n<p>\u00a0 Mar\u00e7al, conhecido por sua trajet\u00f3ria inspiradora e vis\u00e3o empreendedora, compartilhou suas experi\u00eancias e insights com os presentes, abordando temas como lideran\u00e7a, inova\u00e7\u00e3o e desenvolvimento pessoal. Sua participa\u00e7\u00e3o no evento refor\u00e7a a import\u00e2ncia do Clube como plataforma para o di\u00e1logo e a troca de ideias entre l\u00edderes de diferentes setores.<\/p>\n\n\n\n<figure class=\"wp-block-image size-large is-resized\"><img src=\"https:\/\/vimagazine.com.br\/wp-content\/uploads\/2024\/08\/4-576x1024.jpg\" alt=\"\" class=\"wp-image-15093\" width=\"842\" height=\"1497\" srcset=\"https:\/\/vimagazine.com.br\/wp-content\/uploads\/2024\/08\/4-576x1024.jpg 576w, https:\/\/vimagazine.com.br\/wp-content\/uploads\/2024\/08\/4-169x300.jpg 169w, https:\/\/vimagazine.com.br\/wp-content\/uploads\/2024\/08\/4-768x1364.jpg 768w, https:\/\/vimagazine.com.br\/wp-content\/uploads\/2024\/08\/4-rotated.jpg 800w\" sizes=\"(max-width: 842px) 100vw, 842px\" \/><\/figure>\n\n\n\n<p>&nbsp; &#8220;Esse foi um encontro \u00e9pico e confesso que fiz uma retrospectiva e fiquei emocionado ao ver o que constru\u00edmos e que tomou grande envergadura&#8221;, considerou Tadeu Lockermann, CEO dos Protagonistas do Brasil. O evento teve dura\u00e7\u00e3o de mais de duas horas e foi transmitido ao vivo pela VIVAX TV.<\/p>\n\n\n\n<p>Os Almo\u00e7os Empresariais do Clube Protagonistas do Brasil j\u00e1 se tornaram refer\u00eancia no cen\u00e1rio nacional, atraindo a aten\u00e7\u00e3o de empres\u00e1rios e personalidades de todo o pa\u00eds. A cada edi\u00e7\u00e3o, o Clube surpreende com a presen\u00e7a de convidados de renome, proporcionando aos participantes a oportunidade de aprender com os melhores.<\/p>\n\n\n\n<p>Para fazer parte deste seleto grupo e ter acesso \u00e0 agenda completa do Clube, que inclui eventos exclusivos, mentorias e networking de alto n\u00edvel, \u00e9 necess\u00e1rio passar por um processo de sele\u00e7\u00e3o e realizar o investimento da taxa de anuidade.<\/p>\n\n\n\n<p>A expectativa para o pr\u00f3ximo Almo\u00e7o, que acontecer\u00e1 no dia 27 de agosto, j\u00e1 \u00e9 grande. O Clube promete mais uma vez surpreender com a presen\u00e7a de grandes nomes do empresariado e da pol\u00edtica, consolidando sua posi\u00e7\u00e3o como um dos principais eventos do pa\u00eds para quem busca conhecimento, networking e inspira\u00e7\u00e3o.<\/p>\n\n\n\n<p><strong>Junte-se aos Protagonistas do Brasil e fa\u00e7a parte deste movimento que est\u00e1 transformando o pa\u00eds!<\/strong><\/p>\n\n\n\n<p><\/p>\n\n\n\n<p>Cr\u00e9ditos Fotos: Alex Salti ( AN Connect)<\/p>\n","protected":false},"excerpt":{"rendered":"<p>O evento reuniu o n\u00facleo do empresariado nacional \u00a0 No dia 30 de julho, o&#8230;<\/p>\n","protected":false},"author":2,"featured_media":15091,"comment_status":"closed","ping_status":"open","sticky":false,"template":"","format":"standard","meta":{"om_disable_all_campaigns":false,"_monsterinsights_skip_tracking":false,"_monsterinsights_sitenote_active":false,"_monsterinsights_sitenote_note":"","_monsterinsights_sitenote_category":0,"spay_email":""},"categories":[27,26,75],"tags":[884,883],"jetpack_featured_media_url":"https:\/\/vimagazine.com.br\/wp-content\/uploads\/2024\/08\/3.jpg","_links":{"self":[{"href":"https:\/\/vimagazine.com.br\/index.php?rest_route=\/wp\/v2\/posts\/15090"}],"collection":[{"href":"https:\/\/vimagazine.com.br\/index.php?rest_route=\/wp\/v2\/posts"}],"about":[{"href":"https:\/\/vimagazine.com.br\/index.php?rest_route=\/wp\/v2\/types\/post"}],"author":[{"embeddable":true,"href":"https:\/\/vimagazine.com.br\/index.php?rest_route=\/wp\/v2\/users\/2"}],"replies":[{"embeddable":true,"href":"https:\/\/vimagazine.com.br\/index.php?rest_route=%2Fwp%2Fv2%2Fcomments&post=15090"}],"version-history":[{"count":1,"href":"https:\/\/vimagazine.com.br\/index.php?rest_route=\/wp\/v2\/posts\/15090\/revisions"}],"predecessor-version":[{"id":15094,"href":"https:\/\/vimagazine.com.br\/index.php?rest_route=\/wp\/v2\/posts\/15090\/revisions\/15094"}],"wp:featuredmedia":[{"embeddable":true,"href":"https:\/\/vimagazine.com.br\/index.php?rest_route=\/wp\/v2\/media\/15091"}],"wp:attachment":[{"href":"https:\/\/vimagazine.com.br\/index.php?rest_route=%2Fwp%2Fv2%2Fmedia&parent=15090"}],"wp:term":[{"taxonomy":"category","embeddable":true,"href":"https:\/\/vimagazine.com.br\/index.php?rest_route=%2Fwp%2Fv2%2Fcategories&post=15090"},{"taxonomy":"post_tag","embeddable":true,"href":"https:\/\/vimagazine.com.br\/index.php?rest_route=%2Fwp%2Fv2%2Ftags&post=15090"}],"curies":[{"name":"wp","href":"https:\/\/api.w.org\/{rel}","templated":true}]}}