{"id":15095,"date":"2024-08-06T16:23:06","date_gmt":"2024-08-06T19:23:06","guid":{"rendered":"https:\/\/vimagazine.com.br\/?p=15095"},"modified":"2024-08-06T16:23:07","modified_gmt":"2024-08-06T19:23:07","slug":"ex-bbb-amanda-gontijo-ao-lado-do-noivo-danilo-monteiro-curtem-trancoso-na-bahia-local-onde-irao-casar-em-novembro","status":"publish","type":"post","link":"https:\/\/vimagazine.com.br\/?p=15095","title":{"rendered":"Ex-BBB Amanda Gontijo ao lado do noivo Danilo Monteiro, curtem Trancoso, na Bahia, local onde ir\u00e3o casar em novembro"},"content":{"rendered":"\n<figure class=\"wp-block-image aligncenter size-large is-resized\"><img src=\"https:\/\/vimagazine.com.br\/wp-content\/uploads\/2024\/08\/WhatsApp-Image-2024-08-06-at-12.29.43-682x1024.jpeg\" alt=\"\" class=\"wp-image-15096\" width=\"450\" height=\"676\" srcset=\"https:\/\/vimagazine.com.br\/wp-content\/uploads\/2024\/08\/WhatsApp-Image-2024-08-06-at-12.29.43-682x1024.jpeg 682w, https:\/\/vimagazine.com.br\/wp-content\/uploads\/2024\/08\/WhatsApp-Image-2024-08-06-at-12.29.43-200x300.jpeg 200w, https:\/\/vimagazine.com.br\/wp-content\/uploads\/2024\/08\/WhatsApp-Image-2024-08-06-at-12.29.43-768x1154.jpeg 768w, https:\/\/vimagazine.com.br\/wp-content\/uploads\/2024\/08\/WhatsApp-Image-2024-08-06-at-12.29.43.jpeg 852w\" sizes=\"(max-width: 450px) 100vw, 450px\" \/><\/figure>\n\n\n\n<figure class=\"wp-block-image aligncenter size-large is-resized\"><img src=\"https:\/\/vimagazine.com.br\/wp-content\/uploads\/2024\/08\/WhatsApp-Image-2024-08-06-at-12.32.02-682x1024.jpeg\" alt=\"\" class=\"wp-image-15097\" width=\"467\" height=\"701\" srcset=\"https:\/\/vimagazine.com.br\/wp-content\/uploads\/2024\/08\/WhatsApp-Image-2024-08-06-at-12.32.02-682x1024.jpeg 682w, https:\/\/vimagazine.com.br\/wp-content\/uploads\/2024\/08\/WhatsApp-Image-2024-08-06-at-12.32.02-200x300.jpeg 200w, https:\/\/vimagazine.com.br\/wp-content\/uploads\/2024\/08\/WhatsApp-Image-2024-08-06-at-12.32.02-768x1154.jpeg 768w, https:\/\/vimagazine.com.br\/wp-content\/uploads\/2024\/08\/WhatsApp-Image-2024-08-06-at-12.32.02.jpeg 852w\" sizes=\"(max-width: 467px) 100vw, 467px\" \/><\/figure>\n\n\n\n<figure class=\"wp-block-image aligncenter size-large is-resized\"><img src=\"https:\/\/vimagazine.com.br\/wp-content\/uploads\/2024\/08\/WhatsApp-Image-2024-08-06-at-12.30.00-682x1024.jpeg\" alt=\"\" class=\"wp-image-15098\" width=\"361\" height=\"542\" srcset=\"https:\/\/vimagazine.com.br\/wp-content\/uploads\/2024\/08\/WhatsApp-Image-2024-08-06-at-12.30.00-682x1024.jpeg 682w, https:\/\/vimagazine.com.br\/wp-content\/uploads\/2024\/08\/WhatsApp-Image-2024-08-06-at-12.30.00-200x300.jpeg 200w, https:\/\/vimagazine.com.br\/wp-content\/uploads\/2024\/08\/WhatsApp-Image-2024-08-06-at-12.30.00-768x1153.jpeg 768w, https:\/\/vimagazine.com.br\/wp-content\/uploads\/2024\/08\/WhatsApp-Image-2024-08-06-at-12.30.00-1023x1536.jpeg 1023w, https:\/\/vimagazine.com.br\/wp-content\/uploads\/2024\/08\/WhatsApp-Image-2024-08-06-at-12.30.00-1024x1537.jpeg 1024w, https:\/\/vimagazine.com.br\/wp-content\/uploads\/2024\/08\/WhatsApp-Image-2024-08-06-at-12.30.00.jpeg 1066w\" sizes=\"(max-width: 361px) 100vw, 361px\" \/><\/figure>\n\n\n\n<p>A ex-BBB&nbsp;<strong>Amanda Gontijo<\/strong>&nbsp;ao lado do noivo, o cirurgi\u00e3o pl\u00e1stico&nbsp;<strong>Danilo Monteiro<\/strong>, tiraram uns dias de f\u00e9rias para visitarem a cidade de Trancoso, na Bahia, e assim alinharem alguns detalhes de onde os pombinhos ir\u00e3o realizar a cerim\u00f4nia religiosa da uni\u00e3o.<\/p>\n\n\n\n<p>Radiantes, o casal escolheu o hotel Terraza Boutique, local onde ir\u00e3o receber os amigos e os familiares e contar\u00e3o com a excelente estrutura do hotel para o t\u00e3o aguardado &#8216;sim&#8217; de um para o outro, ap\u00f3s 2 anos de prepara\u00e7\u00e3o, onde enfim os noivos ir\u00e3o subir ao altar no dia 09 de novembro deste ano.<\/p>\n\n\n\n<p>&#8220;Essa cerim\u00f4nia religiosa s\u00f3 vai refor\u00e7ar todos os desejos que temos diariamente. E vai ajudar a renovar nossos votos de forma comemorativa&#8221;, revela Amanda, que tem uma uni\u00e3o est\u00e1vel h\u00e1 quatro anos e est\u00e1 no processo de congelar os \u00f3vulos para se tornar m\u00e3e em breve.<\/p>\n\n\n\n<p>Voc\u00ea sempre sonhou em se casar no religioso?<br>J\u00e1 temos uma uni\u00e3o est\u00e1vel, mas fal\u00e1vamos muito em conseguir ter condi\u00e7\u00f5es financeiras para realizar uma festa religiosa e reunir nossa fam\u00edlia e amigos. S\u00f3 ap\u00f3s nos estabilizamos, que come\u00e7amos a realizar esse sonho, afinal, antes t\u00ednhamos outras prioridades, que naquele momento eram mais importantes. H\u00e1 2 anos, est\u00e1vamos planejando nos casar, por\u00e9m, nossos pais faleceram, e acabamos deixando para outro momento.<\/p>\n\n\n\n<p>Voc\u00eas se casam em novembro em Trancoso, na Bahia. Tem algum motivo especial para a escolha do lugar e data?<br>Nosso casamento ser\u00e1 no dia nove de novembro, data que marca o nosso encontro de cinco anos atr\u00e1s, quando tudo come\u00e7ou. O casamento vai ser no Terraza Boutique, um hotel extremamente exclusivo. Sempre fui apaixonada pela Bahia, inclusive uma boa parte da minha inf\u00e2ncia passei l\u00e1 com meus pais. \u00c9 um lugar que gera essas mem\u00f3rias afetivas que me fizeram querer desde sempre me casar l\u00e1. E Trancoso \u00e9 um lugar lindo e acolhedor. Al\u00e9m disso, dizem que &#8220;quem se casa em Trancoso, trancado est\u00e1&#8221; (risos).<\/p>\n\n\n\n<p>Vai ser um casamento grandioso ou mais intimista?<br>Bem intimista, para poucos convidados. Vamos convidar entre 100 e 150 pessoas mais pr\u00f3ximas do casal. Tamb\u00e9m ser\u00e1 uma cerim\u00f4nia mais minimalista. N\u00e3o quero um casamento conservador. Vai ser algo bem livre.<\/p>\n\n\n\n<p>O noivo \u00e9 cirurgi\u00e3o-pl\u00e1stico. Voc\u00ea pretende fazer algum procedimento est\u00e9tico para o grande dia?<br>N\u00e3o. Apenas me dedicar ao treino e \u00e0 dieta nesses quatro meses, afinal, com o processo de congelamento de \u00f3vulos acabei engordando um pouco. J\u00e1 realizei a cirurgia de otoplastia (corre\u00e7\u00e3o das orelhas) justamente para o casamento, mas pouqu\u00edssimas pessoas sabiam, afinal, estamos planejando o casamento h\u00e1 um ano, por\u00e9m s\u00f3 estamos divulgando e convidando as pessoas agora, ap\u00f3s a visita t\u00e9cnica ao local da cerim\u00f4nia.<\/p>\n\n\n\n<p><strong>Cr\u00e9dito das Fotos: Felipe Bitencourt e Jo\u00e3o Heber Fr\u00f3s \/ Divulga\u00e7\u00e3o<\/strong><\/p>\n","protected":false},"excerpt":{"rendered":"<p>A ex-BBB&nbsp;Amanda Gontijo&nbsp;ao lado do noivo, o cirurgi\u00e3o pl\u00e1stico&nbsp;Danilo Monteiro, tiraram uns dias de f\u00e9rias&#8230;<\/p>\n","protected":false},"author":19,"featured_media":15099,"comment_status":"closed","ping_status":"open","sticky":false,"template":"","format":"standard","meta":{"om_disable_all_campaigns":false,"_monsterinsights_skip_tracking":false,"_monsterinsights_sitenote_active":false,"_monsterinsights_sitenote_note":"","_monsterinsights_sitenote_category":0,"spay_email":""},"categories":[1],"tags":[],"jetpack_featured_media_url":"https:\/\/vimagazine.com.br\/wp-content\/uploads\/2024\/08\/WhatsApp-Image-2024-08-06-at-12.34.44.jpeg","_links":{"self":[{"href":"https:\/\/vimagazine.com.br\/index.php?rest_route=\/wp\/v2\/posts\/15095"}],"collection":[{"href":"https:\/\/vimagazine.com.br\/index.php?rest_route=\/wp\/v2\/posts"}],"about":[{"href":"https:\/\/vimagazine.com.br\/index.php?rest_route=\/wp\/v2\/types\/post"}],"author":[{"embeddable":true,"href":"https:\/\/vimagazine.com.br\/index.php?rest_route=\/wp\/v2\/users\/19"}],"replies":[{"embeddable":true,"href":"https:\/\/vimagazine.com.br\/index.php?rest_route=%2Fwp%2Fv2%2Fcomments&post=15095"}],"version-history":[{"count":1,"href":"https:\/\/vimagazine.com.br\/index.php?rest_route=\/wp\/v2\/posts\/15095\/revisions"}],"predecessor-version":[{"id":15100,"href":"https:\/\/vimagazine.com.br\/index.php?rest_route=\/wp\/v2\/posts\/15095\/revisions\/15100"}],"wp:featuredmedia":[{"embeddable":true,"href":"https:\/\/vimagazine.com.br\/index.php?rest_route=\/wp\/v2\/media\/15099"}],"wp:attachment":[{"href":"https:\/\/vimagazine.com.br\/index.php?rest_route=%2Fwp%2Fv2%2Fmedia&parent=15095"}],"wp:term":[{"taxonomy":"category","embeddable":true,"href":"https:\/\/vimagazine.com.br\/index.php?rest_route=%2Fwp%2Fv2%2Fcategories&post=15095"},{"taxonomy":"post_tag","embeddable":true,"href":"https:\/\/vimagazine.com.br\/index.php?rest_route=%2Fwp%2Fv2%2Ftags&post=15095"}],"curies":[{"name":"wp","href":"https:\/\/api.w.org\/{rel}","templated":true}]}}