{"id":15132,"date":"2024-08-08T08:35:12","date_gmt":"2024-08-08T11:35:12","guid":{"rendered":"https:\/\/vimagazine.com.br\/?p=15132"},"modified":"2024-08-08T08:35:14","modified_gmt":"2024-08-08T11:35:14","slug":"embaixadores-de-turismo-do-rj-celebram-a-beleza-do-cristo-redentor-em-visita-ao-corcovado","status":"publish","type":"post","link":"https:\/\/vimagazine.com.br\/?p=15132","title":{"rendered":"\u00a0Embaixadores de Turismo do RJ Celebram a Beleza do Cristo Redentor em Visita ao Corcovado"},"content":{"rendered":"\n<p>O ic\u00f4nico Corcovado, lar do majestoso Cristo Redentor, recebeu com grande honra o grupo de Embaixadores de Turismo do Rio de Janeiro para uma visita oficial e promo\u00e7\u00e3o deste deslumbrante patrim\u00f4nio hist\u00f3rico.<\/p>\n\n\n\n<p>A iniciativa, que buscou enaltecer ainda mais a grandiosidade e a import\u00e2ncia deste monumento, contou com a presen\u00e7a de vinte ilustres convidados.<\/p>\n\n\n\n<figure class=\"wp-container-2 wp-block-gallery-1 wp-block-gallery has-nested-images columns-default is-cropped\">\n<figure class=\"wp-block-image size-large\"><img width=\"480\" height=\"640\" data-id=\"15138\"  src=\"https:\/\/vimagazine.com.br\/wp-content\/uploads\/2024\/08\/IMG_4418-rotated.jpeg\" alt=\"\" class=\"wp-image-15138\" srcset=\"https:\/\/vimagazine.com.br\/wp-content\/uploads\/2024\/08\/IMG_4418-rotated.jpeg 480w, https:\/\/vimagazine.com.br\/wp-content\/uploads\/2024\/08\/IMG_4418-225x300.jpeg 225w\" sizes=\"(max-width: 480px) 100vw, 480px\" \/><figcaption>Constan\u00e7a Carvalho e Thelma Innecco<\/figcaption><\/figure>\n\n\n\n<figure class=\"wp-block-image size-large\"><img width=\"960\" height=\"1280\" data-id=\"15137\"  src=\"https:\/\/vimagazine.com.br\/wp-content\/uploads\/2024\/08\/f46aeb80-1c64-4ca6-b243-df046c6746a5.jpeg\" alt=\"\" class=\"wp-image-15137\" srcset=\"https:\/\/vimagazine.com.br\/wp-content\/uploads\/2024\/08\/f46aeb80-1c64-4ca6-b243-df046c6746a5.jpeg 960w, https:\/\/vimagazine.com.br\/wp-content\/uploads\/2024\/08\/f46aeb80-1c64-4ca6-b243-df046c6746a5-225x300.jpeg 225w, https:\/\/vimagazine.com.br\/wp-content\/uploads\/2024\/08\/f46aeb80-1c64-4ca6-b243-df046c6746a5-768x1024.jpeg 768w\" sizes=\"(max-width: 960px) 100vw, 960px\" \/><figcaption>Sylvia Faillace &#8211; Foto: Divulga\u00e7\u00e3o <\/figcaption><\/figure>\n\n\n\n<figure class=\"wp-block-image size-large\"><img width=\"480\" height=\"640\" data-id=\"15136\"  src=\"https:\/\/vimagazine.com.br\/wp-content\/uploads\/2024\/08\/IMG_4425-rotated.jpeg\" alt=\"\" class=\"wp-image-15136\" srcset=\"https:\/\/vimagazine.com.br\/wp-content\/uploads\/2024\/08\/IMG_4425-rotated.jpeg 480w, https:\/\/vimagazine.com.br\/wp-content\/uploads\/2024\/08\/IMG_4425-225x300.jpeg 225w\" sizes=\"(max-width: 480px) 100vw, 480px\" \/><figcaption> Viviane Fernandes ,Bayard Boiteux e Constan\u00e7a Carvalho<\/figcaption><\/figure>\n<\/figure>\n\n\n\n<p>Os embaixadores embarcaram no tradicional trem do Corcovado, que recentemente passou por uma completa renova\u00e7\u00e3o, proporcionando uma experi\u00eancia ainda mais confort\u00e1vel e memor\u00e1vel. Ao longo do passeio, os visitantes foram brindados com uma recep\u00e7\u00e3o calorosa, incluindo um requintado Welcome Drink com espumante.<\/p>\n\n\n\n<figure class=\"wp-block-image size-large\"><img width=\"1024\" height=\"625\" src=\"https:\/\/vimagazine.com.br\/wp-content\/uploads\/2024\/08\/IMG_4465-1024x625.jpeg\" alt=\"\" class=\"wp-image-15140\" srcset=\"https:\/\/vimagazine.com.br\/wp-content\/uploads\/2024\/08\/IMG_4465-1024x625.jpeg 1024w, https:\/\/vimagazine.com.br\/wp-content\/uploads\/2024\/08\/IMG_4465-300x183.jpeg 300w, https:\/\/vimagazine.com.br\/wp-content\/uploads\/2024\/08\/IMG_4465-768x469.jpeg 768w, https:\/\/vimagazine.com.br\/wp-content\/uploads\/2024\/08\/IMG_4465.jpeg 1440w\" sizes=\"(max-width: 1024px) 100vw, 1024px\" \/><figcaption>Foto oficial do  grupo na chegada\n<\/figcaption><\/figure>\n\n\n\n<p>O ponto alto da visita foi o momento em que todos puderam contemplar o p\u00f4r do sol aos p\u00e9s do Cristo Redentor, um espet\u00e1culo que real\u00e7a a beleza natural e espiritual do Rio de Janeiro. Este encontro n\u00e3o apenas fortaleceu os la\u00e7os entre os embaixadores, mas tamb\u00e9m gerou grande repercuss\u00e3o nas redes sociais, com mais de 1.000 posts compartilhando a experi\u00eancia \u00fanica vivida nesta primeira semana de agosto.<\/p>\n\n\n\n<figure class=\"wp-container-4 wp-block-gallery-3 wp-block-gallery has-nested-images columns-default is-cropped\">\n<figure class=\"wp-block-image size-large\"><img width=\"960\" height=\"1280\" data-id=\"15137\"  src=\"https:\/\/vimagazine.com.br\/wp-content\/uploads\/2024\/08\/f46aeb80-1c64-4ca6-b243-df046c6746a5.jpeg\" alt=\"\" class=\"wp-image-15137\" srcset=\"https:\/\/vimagazine.com.br\/wp-content\/uploads\/2024\/08\/f46aeb80-1c64-4ca6-b243-df046c6746a5.jpeg 960w, https:\/\/vimagazine.com.br\/wp-content\/uploads\/2024\/08\/f46aeb80-1c64-4ca6-b243-df046c6746a5-225x300.jpeg 225w, https:\/\/vimagazine.com.br\/wp-content\/uploads\/2024\/08\/f46aeb80-1c64-4ca6-b243-df046c6746a5-768x1024.jpeg 768w\" sizes=\"(max-width: 960px) 100vw, 960px\" \/><figcaption>Sylvia Faillace &#8211; Foto: Divulga\u00e7\u00e3o <\/figcaption><\/figure>\n\n\n\n<figure class=\"wp-block-image size-large\"><img width=\"480\" height=\"640\" data-id=\"15135\"  src=\"https:\/\/vimagazine.com.br\/wp-content\/uploads\/2024\/08\/IMG_4419-rotated.jpeg\" alt=\"\" class=\"wp-image-15135\" srcset=\"https:\/\/vimagazine.com.br\/wp-content\/uploads\/2024\/08\/IMG_4419-rotated.jpeg 480w, https:\/\/vimagazine.com.br\/wp-content\/uploads\/2024\/08\/IMG_4419-225x300.jpeg 225w\" sizes=\"(max-width: 480px) 100vw, 480px\" \/><figcaption>Matheus Oliveira ,Orlanda Freire e Chico Vartulli\n<\/figcaption><\/figure>\n\n\n\n<figure class=\"wp-block-image size-large\"><img width=\"828\" height=\"793\" data-id=\"15134\"  src=\"https:\/\/vimagazine.com.br\/wp-content\/uploads\/2024\/08\/IMG_4491.jpeg\" alt=\"\" class=\"wp-image-15134\" srcset=\"https:\/\/vimagazine.com.br\/wp-content\/uploads\/2024\/08\/IMG_4491.jpeg 828w, https:\/\/vimagazine.com.br\/wp-content\/uploads\/2024\/08\/IMG_4491-300x287.jpeg 300w, https:\/\/vimagazine.com.br\/wp-content\/uploads\/2024\/08\/IMG_4491-768x736.jpeg 768w\" sizes=\"(max-width: 828px) 100vw, 828px\" \/><\/figure>\n<\/figure>\n\n\n\n<p>Esta a\u00e7\u00e3o, organizada pela Associa\u00e7\u00e3o dos Embaixadores de Turismo do RJ, destaca a import\u00e2ncia de preservar e promover um dos s\u00edmbolos mais reconhecidos do Brasil, celebrando tanto a beleza do monumento quanto o papel essencial dos embaixadores na divulga\u00e7\u00e3o do Rio de Janeiro como destino tur\u00edstico de excel\u00eancia.<\/p>\n","protected":false},"excerpt":{"rendered":"<p>O ic\u00f4nico Corcovado, lar do majestoso Cristo Redentor, recebeu com grande honra o grupo de&#8230;<\/p>\n","protected":false},"author":18,"featured_media":15139,"comment_status":"closed","ping_status":"open","sticky":false,"template":"","format":"standard","meta":{"om_disable_all_campaigns":false,"_monsterinsights_skip_tracking":false,"_monsterinsights_sitenote_active":false,"_monsterinsights_sitenote_note":"","_monsterinsights_sitenote_category":0,"spay_email":""},"categories":[1],"tags":[885,106,312,288,252,374,886],"jetpack_featured_media_url":"https:\/\/vimagazine.com.br\/wp-content\/uploads\/2024\/08\/IMG_4403-1.jpeg","_links":{"self":[{"href":"https:\/\/vimagazine.com.br\/index.php?rest_route=\/wp\/v2\/posts\/15132"}],"collection":[{"href":"https:\/\/vimagazine.com.br\/index.php?rest_route=\/wp\/v2\/posts"}],"about":[{"href":"https:\/\/vimagazine.com.br\/index.php?rest_route=\/wp\/v2\/types\/post"}],"author":[{"embeddable":true,"href":"https:\/\/vimagazine.com.br\/index.php?rest_route=\/wp\/v2\/users\/18"}],"replies":[{"embeddable":true,"href":"https:\/\/vimagazine.com.br\/index.php?rest_route=%2Fwp%2Fv2%2Fcomments&post=15132"}],"version-history":[{"count":1,"href":"https:\/\/vimagazine.com.br\/index.php?rest_route=\/wp\/v2\/posts\/15132\/revisions"}],"predecessor-version":[{"id":15141,"href":"https:\/\/vimagazine.com.br\/index.php?rest_route=\/wp\/v2\/posts\/15132\/revisions\/15141"}],"wp:featuredmedia":[{"embeddable":true,"href":"https:\/\/vimagazine.com.br\/index.php?rest_route=\/wp\/v2\/media\/15139"}],"wp:attachment":[{"href":"https:\/\/vimagazine.com.br\/index.php?rest_route=%2Fwp%2Fv2%2Fmedia&parent=15132"}],"wp:term":[{"taxonomy":"category","embeddable":true,"href":"https:\/\/vimagazine.com.br\/index.php?rest_route=%2Fwp%2Fv2%2Fcategories&post=15132"},{"taxonomy":"post_tag","embeddable":true,"href":"https:\/\/vimagazine.com.br\/index.php?rest_route=%2Fwp%2Fv2%2Ftags&post=15132"}],"curies":[{"name":"wp","href":"https:\/\/api.w.org\/{rel}","templated":true}]}}