{"id":15163,"date":"2024-08-08T17:02:36","date_gmt":"2024-08-08T20:02:36","guid":{"rendered":"https:\/\/vimagazine.com.br\/?p=15163"},"modified":"2024-08-08T17:02:37","modified_gmt":"2024-08-08T20:02:37","slug":"novo-showroom-reveev-joinville-tem-lancamento-de-camas-assinadas-e-mobiliario-para-o-quarto","status":"publish","type":"post","link":"https:\/\/vimagazine.com.br\/?p=15163","title":{"rendered":"Novo showroom REVEEV Joinville tem lan\u00e7amento de camas assinadas e mobili\u00e1rio para o quarto"},"content":{"rendered":"\n<p><\/p>\n\n\n\n<p>No m\u00eas de julho, a REVEEV Joinville reinaugurou com novidades, onde seu novo showroom foi assinado por grandes nomes do design e da arquitetura catarinense, que criaram espa\u00e7os confort\u00e1veis e sofisticados. S\u00e3o sete ambientes desenvolvidos para proporcionar aos clientes uma viv\u00eancia completa do universo do dormir.<\/p>\n\n\n\n<p>&#8220;Queremos despertar a percep\u00e7\u00e3o das pessoas para este espa\u00e7o, t\u00e3o necess\u00e1rio e importante, que \u00e9 o quarto. Acreditamos que ele deve ser um o\u00e1sis de calma e eleg\u00e2ncia, um espa\u00e7o confort\u00e1vel e altamente pessoal&#8221;, fala Klaus Diether Glatz, diretor da empresa.<\/p>\n\n\n\n<p>A loja traz todo o portf\u00f3lio das pe\u00e7as REVEEV, que incluem distintas alturas para os p\u00e9s das camas, ilumina\u00e7\u00e3o LED dimeriz\u00e1vel, carregador por indu\u00e7\u00e3o, entrada USB, entre outros. Entre os materiais utilizados est\u00e3o as madeiras nobres como o Freij\u00f3, Tauari, Carvalho e Nogueira, assim como os tecidos texturizados, que com o toque trazem aconchego e conforto aos ambientes, al\u00e9m de pedras naturais, a palha natural e um destaque ao couro.<\/p>\n\n\n\n<p>Os escrit\u00f3rios que assinam os ambientes s\u00e3o: Tufi Mousse Arquitetura, KZA Arquitetura, Est\u00fadio Criativo Arquitetura e Interiores, M\u00fatuo Studio, N\u00e1dia M\u00fcller Interiores, Casab\u00e1 Criativos Associados, Dantas Arquitetura e Luciana Bacheschi e Deneusa Rodrigues Paisagismo.<\/p>\n\n\n\n<p><\/p>\n\n\n\n<figure class=\"wp-container-2 wp-block-gallery-1 wp-block-gallery has-nested-images columns-2 is-cropped\">\n<figure class=\"wp-block-image size-large\"><img width=\"1000\" height=\"1500\" data-id=\"15164\"  src=\"https:\/\/vimagazine.com.br\/wp-content\/uploads\/2024\/08\/Ambiente-assinado-por-Nadia-Muller-Interiores.jpg\" alt=\"\" class=\"wp-image-15164\" srcset=\"https:\/\/vimagazine.com.br\/wp-content\/uploads\/2024\/08\/Ambiente-assinado-por-Nadia-Muller-Interiores.jpg 1000w, https:\/\/vimagazine.com.br\/wp-content\/uploads\/2024\/08\/Ambiente-assinado-por-Nadia-Muller-Interiores-200x300.jpg 200w, https:\/\/vimagazine.com.br\/wp-content\/uploads\/2024\/08\/Ambiente-assinado-por-Nadia-Muller-Interiores-683x1024.jpg 683w, https:\/\/vimagazine.com.br\/wp-content\/uploads\/2024\/08\/Ambiente-assinado-por-Nadia-Muller-Interiores-768x1152.jpg 768w\" sizes=\"(max-width: 1000px) 100vw, 1000px\" \/><\/figure>\n\n\n\n<figure class=\"wp-block-image size-large\"><img width=\"1500\" height=\"1000\" data-id=\"15165\"  src=\"https:\/\/vimagazine.com.br\/wp-content\/uploads\/2024\/08\/Ambiente-assinado-por-Tufi-Mousse-Arquitetura.jpg\" alt=\"\" class=\"wp-image-15165\" srcset=\"https:\/\/vimagazine.com.br\/wp-content\/uploads\/2024\/08\/Ambiente-assinado-por-Tufi-Mousse-Arquitetura.jpg 1500w, https:\/\/vimagazine.com.br\/wp-content\/uploads\/2024\/08\/Ambiente-assinado-por-Tufi-Mousse-Arquitetura-300x200.jpg 300w, https:\/\/vimagazine.com.br\/wp-content\/uploads\/2024\/08\/Ambiente-assinado-por-Tufi-Mousse-Arquitetura-1024x683.jpg 1024w, https:\/\/vimagazine.com.br\/wp-content\/uploads\/2024\/08\/Ambiente-assinado-por-Tufi-Mousse-Arquitetura-768x512.jpg 768w\" sizes=\"(max-width: 1500px) 100vw, 1500px\" \/><\/figure>\n\n\n\n<figure class=\"wp-block-image size-large\"><img width=\"975\" height=\"753\" data-id=\"15170\"  src=\"https:\/\/vimagazine.com.br\/wp-content\/uploads\/2024\/08\/Ambiente-assinado-por-KZA-Arquitetura.jpg\" alt=\"\" class=\"wp-image-15170\" srcset=\"https:\/\/vimagazine.com.br\/wp-content\/uploads\/2024\/08\/Ambiente-assinado-por-KZA-Arquitetura.jpg 975w, https:\/\/vimagazine.com.br\/wp-content\/uploads\/2024\/08\/Ambiente-assinado-por-KZA-Arquitetura-300x232.jpg 300w, https:\/\/vimagazine.com.br\/wp-content\/uploads\/2024\/08\/Ambiente-assinado-por-KZA-Arquitetura-768x593.jpg 768w\" sizes=\"(max-width: 975px) 100vw, 975px\" \/><\/figure>\n\n\n\n<figure class=\"wp-block-image size-large\"><img width=\"1600\" height=\"1081\" data-id=\"15166\"  src=\"https:\/\/vimagazine.com.br\/wp-content\/uploads\/2024\/08\/Ambiente-assinado-por-Estudio-Criativo-Arquitetura-e-Interiores.jpg\" alt=\"\" class=\"wp-image-15166\" srcset=\"https:\/\/vimagazine.com.br\/wp-content\/uploads\/2024\/08\/Ambiente-assinado-por-Estudio-Criativo-Arquitetura-e-Interiores.jpg 1600w, https:\/\/vimagazine.com.br\/wp-content\/uploads\/2024\/08\/Ambiente-assinado-por-Estudio-Criativo-Arquitetura-e-Interiores-300x203.jpg 300w, https:\/\/vimagazine.com.br\/wp-content\/uploads\/2024\/08\/Ambiente-assinado-por-Estudio-Criativo-Arquitetura-e-Interiores-1024x692.jpg 1024w, https:\/\/vimagazine.com.br\/wp-content\/uploads\/2024\/08\/Ambiente-assinado-por-Estudio-Criativo-Arquitetura-e-Interiores-768x519.jpg 768w, https:\/\/vimagazine.com.br\/wp-content\/uploads\/2024\/08\/Ambiente-assinado-por-Estudio-Criativo-Arquitetura-e-Interiores-1536x1038.jpg 1536w\" sizes=\"(max-width: 1600px) 100vw, 1600px\" \/><\/figure>\n\n\n\n<figure class=\"wp-block-image size-large\"><img width=\"750\" height=\"500\" data-id=\"15167\"  src=\"https:\/\/vimagazine.com.br\/wp-content\/uploads\/2024\/08\/Ambiente-assinado-por-Casaba-Criativos-Associados.jpg\" alt=\"\" class=\"wp-image-15167\" srcset=\"https:\/\/vimagazine.com.br\/wp-content\/uploads\/2024\/08\/Ambiente-assinado-por-Casaba-Criativos-Associados.jpg 750w, https:\/\/vimagazine.com.br\/wp-content\/uploads\/2024\/08\/Ambiente-assinado-por-Casaba-Criativos-Associados-300x200.jpg 300w\" sizes=\"(max-width: 750px) 100vw, 750px\" \/><\/figure>\n\n\n\n<figure class=\"wp-block-image size-large\"><img width=\"1500\" height=\"1000\" data-id=\"15169\"  src=\"https:\/\/vimagazine.com.br\/wp-content\/uploads\/2024\/08\/Ambiente-assinado-por-Dantas-Arquitetura.jpg\" alt=\"\" class=\"wp-image-15169\" srcset=\"https:\/\/vimagazine.com.br\/wp-content\/uploads\/2024\/08\/Ambiente-assinado-por-Dantas-Arquitetura.jpg 1500w, https:\/\/vimagazine.com.br\/wp-content\/uploads\/2024\/08\/Ambiente-assinado-por-Dantas-Arquitetura-300x200.jpg 300w, https:\/\/vimagazine.com.br\/wp-content\/uploads\/2024\/08\/Ambiente-assinado-por-Dantas-Arquitetura-1024x683.jpg 1024w, https:\/\/vimagazine.com.br\/wp-content\/uploads\/2024\/08\/Ambiente-assinado-por-Dantas-Arquitetura-768x512.jpg 768w\" sizes=\"(max-width: 1500px) 100vw, 1500px\" \/><\/figure>\n<\/figure>\n\n\n\n<p><\/p>\n\n\n\n<p><strong>Sobre a REVEEV<\/strong><\/p>\n\n\n\n<p>Com sede em S\u00e3o Bento do Sul, Santa Catarina, a Reveev \u00e9 refer\u00eancia em camas e colch\u00f5es voltados para o mercado de alto padr\u00e3o e est\u00e1 sempre atenta ao que h\u00e1 de melhor em mat\u00e9ria-prima e tend\u00eancias de design internacionais. Com 14 anos de trajet\u00f3ria, a marca \u00e9 fornecedora de camas e colch\u00f5es nas mais importantes mostras de arquitetura, design e decora\u00e7\u00e3o do pa\u00eds. A Reveev leva a mesma experi\u00eancia para as cidades de Curitiba, Itapema, Joinville e S\u00e3o Bento do Sul. Al\u00e9m das lojas pr\u00f3prias, a Reveev possui atua\u00e7\u00e3o nacional atrav\u00e9s de lojistas selecionados dentro do mercado de alta decora\u00e7\u00e3o. O prop\u00f3sito da marca \u00e9 garantir uma experi\u00eancia \u00fanica e personalizada para elevar o bem-estar e a qualidade de vida de seus clientes. &#8220;Acima de tudo, somos especializados no dormir&#8221;, comenta Klaus.<\/p>\n\n\n\n<p>Em seus produtos, a Reveev preza pela tradi\u00e7\u00e3o do trabalho artesanal e, como uma empresa moderna, busca o que h\u00e1 de mais novo em tecnologia do sono e tend\u00eancias de decora\u00e7\u00e3o para a melhor experi\u00eancia dos clientes.<\/p>\n\n\n\n<p><strong>REVEEV JOINVILLE<\/strong><\/p>\n\n\n\n<p>Rua Max Colin, 1030, Am\u00e9rica \u2013 Joinville, SC<\/p>\n\n\n\n<p><strong><em>Cr\u00e9ditos: Fabio Junior Severo (ambientes)<\/em><\/strong><\/p>\n","protected":false},"excerpt":{"rendered":"<p>No m\u00eas de julho, a REVEEV Joinville reinaugurou com novidades, onde seu novo showroom foi&#8230;<\/p>\n","protected":false},"author":1,"featured_media":15168,"comment_status":"closed","ping_status":"open","sticky":false,"template":"","format":"standard","meta":{"om_disable_all_campaigns":false,"_monsterinsights_skip_tracking":false,"_monsterinsights_sitenote_active":false,"_monsterinsights_sitenote_note":"","_monsterinsights_sitenote_category":0,"spay_email":""},"categories":[27,1],"tags":[],"jetpack_featured_media_url":"https:\/\/vimagazine.com.br\/wp-content\/uploads\/2024\/08\/Ambiente-assinado-por-Mutuo-Studio.jpg","_links":{"self":[{"href":"https:\/\/vimagazine.com.br\/index.php?rest_route=\/wp\/v2\/posts\/15163"}],"collection":[{"href":"https:\/\/vimagazine.com.br\/index.php?rest_route=\/wp\/v2\/posts"}],"about":[{"href":"https:\/\/vimagazine.com.br\/index.php?rest_route=\/wp\/v2\/types\/post"}],"author":[{"embeddable":true,"href":"https:\/\/vimagazine.com.br\/index.php?rest_route=\/wp\/v2\/users\/1"}],"replies":[{"embeddable":true,"href":"https:\/\/vimagazine.com.br\/index.php?rest_route=%2Fwp%2Fv2%2Fcomments&post=15163"}],"version-history":[{"count":1,"href":"https:\/\/vimagazine.com.br\/index.php?rest_route=\/wp\/v2\/posts\/15163\/revisions"}],"predecessor-version":[{"id":15171,"href":"https:\/\/vimagazine.com.br\/index.php?rest_route=\/wp\/v2\/posts\/15163\/revisions\/15171"}],"wp:featuredmedia":[{"embeddable":true,"href":"https:\/\/vimagazine.com.br\/index.php?rest_route=\/wp\/v2\/media\/15168"}],"wp:attachment":[{"href":"https:\/\/vimagazine.com.br\/index.php?rest_route=%2Fwp%2Fv2%2Fmedia&parent=15163"}],"wp:term":[{"taxonomy":"category","embeddable":true,"href":"https:\/\/vimagazine.com.br\/index.php?rest_route=%2Fwp%2Fv2%2Fcategories&post=15163"},{"taxonomy":"post_tag","embeddable":true,"href":"https:\/\/vimagazine.com.br\/index.php?rest_route=%2Fwp%2Fv2%2Ftags&post=15163"}],"curies":[{"name":"wp","href":"https:\/\/api.w.org\/{rel}","templated":true}]}}