{"id":15185,"date":"2024-08-09T16:01:24","date_gmt":"2024-08-09T19:01:24","guid":{"rendered":"https:\/\/vimagazine.com.br\/?p=15185"},"modified":"2024-08-09T16:01:26","modified_gmt":"2024-08-09T19:01:26","slug":"tarologo-val-couto-faz-revelacao-impressionante-sobre-espirito-de-ator-jorge-lafond-a-eterna-vera-verao","status":"publish","type":"post","link":"https:\/\/vimagazine.com.br\/?p=15185","title":{"rendered":"Tar\u00f3logo Val Couto faz revela\u00e7\u00e3o impressionante sobre esp\u00edrito de ator Jorge Lafond, a eterna Vera Ver\u00e3o"},"content":{"rendered":"\n<figure class=\"wp-block-image aligncenter size-full is-resized\"><img src=\"https:\/\/vimagazine.com.br\/wp-content\/uploads\/2024\/08\/Jorge-Lafond-a-eterna-Vera-Vera\u0303o-Foto-Divulgac\u0327a\u0303o.jpeg\" alt=\"\" class=\"wp-image-15186\" width=\"566\" height=\"315\" srcset=\"https:\/\/vimagazine.com.br\/wp-content\/uploads\/2024\/08\/Jorge-Lafond-a-eterna-Vera-Vera\u0303o-Foto-Divulgac\u0327a\u0303o.jpeg 719w, https:\/\/vimagazine.com.br\/wp-content\/uploads\/2024\/08\/Jorge-Lafond-a-eterna-Vera-Vera\u0303o-Foto-Divulgac\u0327a\u0303o-300x167.jpeg 300w\" sizes=\"(max-width: 566px) 100vw, 566px\" \/><\/figure>\n\n\n\n<p>A espiritualidade relata segredos profundos atrav\u00e9s das palavras s\u00e1bias do tar\u00f3logo Val Couto. Em uma narrativa emocionante, somos conduzidos \u00e0 vida do renomado ator Jorge Lafond, que deu vida ao inesquec\u00edvel personagem Vera Ver\u00e3o no programa &#8220;A Pra\u00e7a \u00e9 Nossa&#8221; do SBT.<\/p>\n\n\n\n<p>Durante muito tempo esteve imerso em um &#8220;umbral&#8221;, mas com o aux\u00edlio de mentores espirituais e de seu amigo pr\u00f3ximo ligado ao mundo art\u00edstico, Zacarias, Jorge Lafond encontrou a for\u00e7a para emergir desse estado sombrio. Atualmente, ele reside na acolhedora col\u00f4nia espiritual Raio do Amanhecer.<\/p>\n\n\n\n<p>No in\u00edcio, apesar de sua proximidade com a espiritualidade, Jorge Lafond carregava consigo uma profunda m\u00e1goa relacionada a um acontecimento de sua vida terrena. Essa ferida emocional estava ligada a uma participa\u00e7\u00e3o em um programa de televis\u00e3o que o deixou magoado. Entretanto, ao se libertar dessa carga, ele consegue expressar toda a gratid\u00e3o por estar em um ambiente repleto de amor e positividade, onde pode compartilhar sua luz com aqueles que chegam em busca de amparo.<\/p>\n\n\n\n<p>A hist\u00f3ria de Jorge Lafond nos inspira a refletir sobre temas como perd\u00e3o, gratid\u00e3o e renova\u00e7\u00e3o espiritual. Sob a orienta\u00e7\u00e3o de seus mentores espirituais, ele se prepara para um novo ciclo de aprendizado e crescimento, aguardando o momento certo para reencarnar na Terra e completar sua jornada com sabedoria e amor, ouvindo atentamente os ensinamentos que o guiar\u00e3o em sua pr\u00f3xima jornada terrena.<\/p>\n","protected":false},"excerpt":{"rendered":"<p>A espiritualidade relata segredos profundos atrav\u00e9s das palavras s\u00e1bias do tar\u00f3logo Val Couto. Em uma&#8230;<\/p>\n","protected":false},"author":19,"featured_media":15187,"comment_status":"closed","ping_status":"open","sticky":false,"template":"","format":"standard","meta":{"om_disable_all_campaigns":false,"_monsterinsights_skip_tracking":false,"_monsterinsights_sitenote_active":false,"_monsterinsights_sitenote_note":"","_monsterinsights_sitenote_category":0,"spay_email":""},"categories":[1],"tags":[],"jetpack_featured_media_url":"https:\/\/vimagazine.com.br\/wp-content\/uploads\/2024\/08\/Taro\u0301logo-Val-Couto-Foto-Acervo-Pessoal-02.jpeg","_links":{"self":[{"href":"https:\/\/vimagazine.com.br\/index.php?rest_route=\/wp\/v2\/posts\/15185"}],"collection":[{"href":"https:\/\/vimagazine.com.br\/index.php?rest_route=\/wp\/v2\/posts"}],"about":[{"href":"https:\/\/vimagazine.com.br\/index.php?rest_route=\/wp\/v2\/types\/post"}],"author":[{"embeddable":true,"href":"https:\/\/vimagazine.com.br\/index.php?rest_route=\/wp\/v2\/users\/19"}],"replies":[{"embeddable":true,"href":"https:\/\/vimagazine.com.br\/index.php?rest_route=%2Fwp%2Fv2%2Fcomments&post=15185"}],"version-history":[{"count":1,"href":"https:\/\/vimagazine.com.br\/index.php?rest_route=\/wp\/v2\/posts\/15185\/revisions"}],"predecessor-version":[{"id":15188,"href":"https:\/\/vimagazine.com.br\/index.php?rest_route=\/wp\/v2\/posts\/15185\/revisions\/15188"}],"wp:featuredmedia":[{"embeddable":true,"href":"https:\/\/vimagazine.com.br\/index.php?rest_route=\/wp\/v2\/media\/15187"}],"wp:attachment":[{"href":"https:\/\/vimagazine.com.br\/index.php?rest_route=%2Fwp%2Fv2%2Fmedia&parent=15185"}],"wp:term":[{"taxonomy":"category","embeddable":true,"href":"https:\/\/vimagazine.com.br\/index.php?rest_route=%2Fwp%2Fv2%2Fcategories&post=15185"},{"taxonomy":"post_tag","embeddable":true,"href":"https:\/\/vimagazine.com.br\/index.php?rest_route=%2Fwp%2Fv2%2Ftags&post=15185"}],"curies":[{"name":"wp","href":"https:\/\/api.w.org\/{rel}","templated":true}]}}