{"id":15189,"date":"2024-08-09T19:44:35","date_gmt":"2024-08-09T22:44:35","guid":{"rendered":"https:\/\/vimagazine.com.br\/?p=15189"},"modified":"2024-08-12T11:49:36","modified_gmt":"2024-08-12T14:49:36","slug":"na-vibe-com-giu-cota","status":"publish","type":"post","link":"https:\/\/vimagazine.com.br\/?p=15189","title":{"rendered":"Na Vibe com Giu Cota:"},"content":{"rendered":"\n<p><strong>De Princesa Feliz a Pessimista: \u201cA Hist\u00f3ria que Vai Fazer Voc\u00ea Repensar o Bullying&#8221;<\/strong><\/p>\n\n\n\n<p>Quem entrou \u201c<strong>Na Vibe com o Giu Cota\u201d<\/strong>&nbsp;Foi a escritora&nbsp;<strong>Suelen Militello<\/strong>, onde trago uma an\u00e1lise do impactante livro, que nos apresenta a cativante e reflexiva hist\u00f3ria da \u201c<strong>Princesa Pessimista<\/strong>.\u201d A obra, que mergulha fundo nas consequ\u00eancias do bullying, das decep\u00e7\u00f5es e das frustra\u00e7\u00f5es, \u00e9 um verdadeiro espelho das experi\u00eancias pessoais da autora.<\/p>\n\n\n\n<p><\/p>\n\n\n\n<figure class=\"wp-block-image size-large\"><img width=\"481\" height=\"1024\" src=\"https:\/\/vimagazine.com.br\/wp-content\/uploads\/2024\/08\/737ab37a-f57f-4165-af9d-393a874a18b2-481x1024.jpeg\" alt=\"\" class=\"wp-image-15190\" srcset=\"https:\/\/vimagazine.com.br\/wp-content\/uploads\/2024\/08\/737ab37a-f57f-4165-af9d-393a874a18b2-481x1024.jpeg 481w, https:\/\/vimagazine.com.br\/wp-content\/uploads\/2024\/08\/737ab37a-f57f-4165-af9d-393a874a18b2-141x300.jpeg 141w, https:\/\/vimagazine.com.br\/wp-content\/uploads\/2024\/08\/737ab37a-f57f-4165-af9d-393a874a18b2.jpeg 601w\" sizes=\"(max-width: 481px) 100vw, 481px\" \/><figcaption>Suelen  Militello<\/figcaption><\/figure>\n\n\n\n<p><strong>Suelen Militello<\/strong>, desde muito jovem, vivenciou situa\u00e7\u00f5es que moldaram n\u00e3o apenas sua sensibilidade como pessoa, mas tamb\u00e9m como escritora. Em sua inf\u00e2ncia, ela testemunhou o sofrimento de duas colegas de escola, uma albina e outra negra, que eram v\u00edtimas constantes de bullying. A crueldade que essas meninas enfrentavam deixou marcas em Suelen, que, movida pela empatia, decidiu se sentar ao lado delas todos os dias, tentando de alguma forma fazer com que se sentissem mais aceitas e menos solit\u00e1rias.<\/p>\n\n\n\n<p>Essas viv\u00eancias foram a semente para a cria\u00e7\u00e3o da \u201cPrincesa Pessimista,\u201d uma personagem que, como tantos de n\u00f3s, come\u00e7a sua jornada feliz, mas acaba sendo transformada por um feiti\u00e7o cruel, que a faz enxergar o mundo pelo lado mais sombrio. A hist\u00f3ria da princesa, que perde sua alegria e esquece o qu\u00e3o maravilhosa \u00e9, reflete exatamente o que as adversidades da vida, como o bullying, podem fazer com a autoestima e a percep\u00e7\u00e3o de uma pessoa.<\/p>\n\n\n\n<p>A narrativa de <strong>Suelen<\/strong> \u00e9 um poderoso lembrete de que, por mais que as dificuldades tentem nos transformar, nossa verdadeira ess\u00eancia nunca desaparece.&nbsp;<\/p>\n\n\n\n<p><\/p>\n\n\n\n<figure class=\"wp-block-image size-large\"><img width=\"683\" height=\"1024\" src=\"https:\/\/vimagazine.com.br\/wp-content\/uploads\/2024\/08\/33b78472-ea39-4135-86c5-ffd8e09ded55-683x1024.jpeg\" alt=\"\" class=\"wp-image-15191\" srcset=\"https:\/\/vimagazine.com.br\/wp-content\/uploads\/2024\/08\/33b78472-ea39-4135-86c5-ffd8e09ded55-683x1024.jpeg 683w, https:\/\/vimagazine.com.br\/wp-content\/uploads\/2024\/08\/33b78472-ea39-4135-86c5-ffd8e09ded55-200x300.jpeg 200w, https:\/\/vimagazine.com.br\/wp-content\/uploads\/2024\/08\/33b78472-ea39-4135-86c5-ffd8e09ded55-768x1151.jpeg 768w, https:\/\/vimagazine.com.br\/wp-content\/uploads\/2024\/08\/33b78472-ea39-4135-86c5-ffd8e09ded55.jpeg 854w\" sizes=\"(max-width: 683px) 100vw, 683px\" \/><figcaption>Foto Divulga\u00e7\u00e3o<br><\/figcaption><\/figure>\n\n\n\n<p>&#8220;Acredito que a &#8216;<strong>Princesa Pessimista<\/strong>&#8216; tenha muito de mim e de todos n\u00f3s. Na hist\u00f3ria, ela \u00e9 feliz at\u00e9 encontrar o MAL, que, por um feiti\u00e7o cruel, a transforma em algu\u00e9m triste e que s\u00f3 v\u00ea o lado ruim das coisas. A protagonista, perde sua alegria e esquece qu\u00e3o maravilhosa ela \u00e9\u2026\u201d palavras da escritora.<\/p>\n\n\n\n<p>\u201c<strong>Princesa Pessimista<\/strong>\u201d \u00e9 mais do que uma hist\u00f3ria; \u00e9 um convite \u00e0 reflex\u00e3o sobre como as palavras e a\u00e7\u00f5es dos outros podem nos impactar profundamente e sobre a import\u00e2ncia de mantermos viva a chama da nossa pr\u00f3pria luz, independentemente das circunst\u00e2ncias.<\/p>\n\n\n\n<p>O livro de&nbsp;<strong>Suelen Militello<\/strong>&nbsp;n\u00e3o s\u00f3 nos emociona, mas tamb\u00e9m nos inspira a sermos mais gentis, a estendermos a m\u00e3o para aqueles que est\u00e3o passando por momentos dif\u00edceis, e a nunca esquecermos de quem realmente somos.<\/p>\n\n\n\n<p>Al\u00e9m do lan\u00e7amento do seu novo livro &#8220;<strong>Princesa Pessimista<\/strong>,&#8221; a escritora <strong>Suelen Militello<\/strong> marcar\u00e1 presen\u00e7a na 27\u00aa Bienal do Livro de S\u00e3o Paulo. O evento, que \u00e9 um dos mais prestigiados do pa\u00eds no universo liter\u00e1rio, acontecer\u00e1 entre os dias 06 a 15 de setembro 2024 no Pavilh\u00e3o de Exposi\u00e7\u00f5es do Anhembi.<\/p>\n\n\n\n<p>Contato de Assessoria Giu Cota<br><strong>Roberto Rodrigues<\/strong><\/p>\n\n\n\n<p><strong>#GiuCota #Podcast #PodCota #NaVibeComGiuCota #ViMagazine #<\/strong>Escritora #livros #SuelenMilitello<\/p>\n\n\n\n<p><strong>Giu Cota<\/strong><br>Colunista Vi Magazine<br>\u201cNa Vibe com Giu Cota\u201d<\/p>\n\n\n\n<p><\/p>\n\n\n\n<p><\/p>\n\n\n\n<p><\/p>\n","protected":false},"excerpt":{"rendered":"<p>De Princesa Feliz a Pessimista: \u201cA Hist\u00f3ria que Vai Fazer Voc\u00ea Repensar o Bullying&#8221; Quem&#8230;<\/p>\n","protected":false},"author":37,"featured_media":15195,"comment_status":"closed","ping_status":"open","sticky":false,"template":"","format":"standard","meta":{"om_disable_all_campaigns":false,"_monsterinsights_skip_tracking":false,"_monsterinsights_sitenote_active":false,"_monsterinsights_sitenote_note":"","_monsterinsights_sitenote_category":0,"spay_email":""},"categories":[1],"tags":[],"jetpack_featured_media_url":"https:\/\/vimagazine.com.br\/wp-content\/uploads\/2024\/08\/Captura-de-tela-2024-08-12-114439.jpg","_links":{"self":[{"href":"https:\/\/vimagazine.com.br\/index.php?rest_route=\/wp\/v2\/posts\/15189"}],"collection":[{"href":"https:\/\/vimagazine.com.br\/index.php?rest_route=\/wp\/v2\/posts"}],"about":[{"href":"https:\/\/vimagazine.com.br\/index.php?rest_route=\/wp\/v2\/types\/post"}],"author":[{"embeddable":true,"href":"https:\/\/vimagazine.com.br\/index.php?rest_route=\/wp\/v2\/users\/37"}],"replies":[{"embeddable":true,"href":"https:\/\/vimagazine.com.br\/index.php?rest_route=%2Fwp%2Fv2%2Fcomments&post=15189"}],"version-history":[{"count":2,"href":"https:\/\/vimagazine.com.br\/index.php?rest_route=\/wp\/v2\/posts\/15189\/revisions"}],"predecessor-version":[{"id":15196,"href":"https:\/\/vimagazine.com.br\/index.php?rest_route=\/wp\/v2\/posts\/15189\/revisions\/15196"}],"wp:featuredmedia":[{"embeddable":true,"href":"https:\/\/vimagazine.com.br\/index.php?rest_route=\/wp\/v2\/media\/15195"}],"wp:attachment":[{"href":"https:\/\/vimagazine.com.br\/index.php?rest_route=%2Fwp%2Fv2%2Fmedia&parent=15189"}],"wp:term":[{"taxonomy":"category","embeddable":true,"href":"https:\/\/vimagazine.com.br\/index.php?rest_route=%2Fwp%2Fv2%2Fcategories&post=15189"},{"taxonomy":"post_tag","embeddable":true,"href":"https:\/\/vimagazine.com.br\/index.php?rest_route=%2Fwp%2Fv2%2Ftags&post=15189"}],"curies":[{"name":"wp","href":"https:\/\/api.w.org\/{rel}","templated":true}]}}