{"id":15226,"date":"2024-08-16T08:00:00","date_gmt":"2024-08-16T11:00:00","guid":{"rendered":"https:\/\/vimagazine.com.br\/?p=15226"},"modified":"2024-08-15T21:25:39","modified_gmt":"2024-08-16T00:25:39","slug":"livro-de-kristhel-byancco-ajuda-o-leitor-a-encontrar-um-proposito-de-vida%ef%bf%bc","status":"publish","type":"post","link":"https:\/\/vimagazine.com.br\/?p=15226","title":{"rendered":"Livro de Kristhel Byancco ajuda o leitor a encontrar um prop\u00f3sito de vida\ufffc"},"content":{"rendered":"\n<p class=\"has-text-align-center\"><em>\u201cLapidando Vidas\u201d \u00e9 uma obra de autoajuda que est\u00e1 sendo lan\u00e7ada em v\u00e1rios estados do Brasil e em outros pa\u00edses, como EUA, Portugal, It\u00e1lia e Emirados \u00c1rabes-Dubai<\/em><\/p>\n\n\n\n<p>A escritora e palestrante, Kristhel Byancco, vai lan\u00e7ar seu novo livro \u201cLapidando Vidas: seja um diamante \u00fanico com mente brilhante\u201d, pela editora Livr(a), em noite de aut\u00f3grafos, na ter\u00e7a-feira, 20\/08 a partir das 19hs , na Livraria Argumento no Leblon, Rio de Janeiro.&nbsp;<\/p>\n\n\n\n<p>A obra j\u00e1 est\u00e1 dispon\u00edvel na plataforma Amazon, foi lan\u00e7ada em dois eventos na cidade de S\u00e3o Paulo, e em Bras\u00edlia, Distrito Federal. A autora tem sido convidada para levar sua palestra \u201cGuia de Estilo Batom Vermelho e Salto Alto\u201d e sua obra liter\u00e1ria para v\u00e1rios estados do Brasil e outros pa\u00edses, a exemplo de Portugal, It\u00e1lia e Dubai para abordar a autoestima, estilo e identidade.<\/p>\n\n\n\n<figure class=\"wp-block-image aligncenter size-large\"><img width=\"682\" height=\"1024\" src=\"https:\/\/vimagazine.com.br\/wp-content\/uploads\/2024\/08\/WhatsApp-Image-2024-08-05-at-22.48.50-2-682x1024.jpeg\" alt=\"\" class=\"wp-image-15228\" srcset=\"https:\/\/vimagazine.com.br\/wp-content\/uploads\/2024\/08\/WhatsApp-Image-2024-08-05-at-22.48.50-2-682x1024.jpeg 682w, https:\/\/vimagazine.com.br\/wp-content\/uploads\/2024\/08\/WhatsApp-Image-2024-08-05-at-22.48.50-2-200x300.jpeg 200w, https:\/\/vimagazine.com.br\/wp-content\/uploads\/2024\/08\/WhatsApp-Image-2024-08-05-at-22.48.50-2-768x1153.jpeg 768w, https:\/\/vimagazine.com.br\/wp-content\/uploads\/2024\/08\/WhatsApp-Image-2024-08-05-at-22.48.50-2-1023x1536.jpeg 1023w, https:\/\/vimagazine.com.br\/wp-content\/uploads\/2024\/08\/WhatsApp-Image-2024-08-05-at-22.48.50-2-1024x1537.jpeg 1024w, https:\/\/vimagazine.com.br\/wp-content\/uploads\/2024\/08\/WhatsApp-Image-2024-08-05-at-22.48.50-2.jpeg 1066w\" sizes=\"(max-width: 682px) 100vw, 682px\" \/><\/figure>\n\n\n\n<p>Ap\u00f3s evento no Rio de Janeiro, ela seguir\u00e1 para Jo\u00e3o Pessoa, capital da Para\u00edba, onde participar\u00e1 de uma s\u00e9rie de eventos, de 22 a 28\/08. Kristhel possui um relacionamento, de mais de 20 anos, com o estado nordestino, marcado por trabalhos de assist\u00eancia social. Ela \u00e9 presidente da Funda\u00e7\u00e3o FEC \u2013 F\u00e9, Esperan\u00e7a e Caridade que ajudou a melhorar a qualidade de vida de milhares de pessoas, fam\u00edlias inteiras. Mesmo atuando tamb\u00e9m no Rio de Janeiro e S\u00e3o Paulo, a sede da institui\u00e7\u00e3o permanece na Para\u00edba. Ela tamb\u00e9m foi casada com ex-deputado federal Ricardo Rique, que \u00e9 natural do Estado.<\/p>\n\n\n\n<p>No Nordeste, Para\u00edba e Alagoas, a escritora far\u00e1 parte, com palestra, lan\u00e7amento e aut\u00f3grafos do livro, da Rota das Empreendedora \u2013 Mulheres de Performance, que nasceu com o objetivo de fomentar neg\u00f3cios de mulheres por meio da troca de conhecimentos e ampliar a visibilidade dos estabelecimentos geridos por mulheres, liderada por Mayara Marinov, Mentora de Neg\u00f3cio Internacional.<\/p>\n\n\n\n<p>Atualmente, Kristhel vive entre S\u00e3o Paulo, Rio de Janeiro e Vit\u00f3ria, no Esp\u00edrito Santo. \u00c9 uma mulher de m\u00faltiplas fun\u00e7\u00f5es. A atriz brilhou nas telas da Rede Globo e nos teatros, mas o seu maior destaque foi na novela Xica da Silva (1996) onde interpretou a esposa do Contratador Felisberto Caldeira Brant, a Emerenciana. CEO da La Byancco Com\u00e9rcio Produ\u00e7\u00f5es e Representa\u00e7\u00f5es Ltda h\u00e1 27 anos, fundadora e presidente da Funda\u00e7\u00e3o FEC &#8211; F\u00e9, Esperan\u00e7a e Caridade, desde 1999, embaixadora da paz pela Universal Peace Federation, membro da Academia de Ci\u00eancia, Letras e Artes de S\u00e3o Paulo (ACLASP) e embaixadora da ABME Mulher nacional. Tamb\u00e9m \u00e9 engajada nas causas sociais, em defesa das mulheres e dos menos favorecidos &#8211; idosos e moradores de rua. Sua hist\u00f3ria de protagonismo feminino tem inspirado muitas mulheres.<\/p>\n\n\n\n<figure class=\"wp-block-image aligncenter size-large\"><img width=\"682\" height=\"1024\" src=\"https:\/\/vimagazine.com.br\/wp-content\/uploads\/2024\/08\/WhatsApp-Image-2024-08-05-at-22.48.51-4-682x1024.jpeg\" alt=\"\" class=\"wp-image-15227\" srcset=\"https:\/\/vimagazine.com.br\/wp-content\/uploads\/2024\/08\/WhatsApp-Image-2024-08-05-at-22.48.51-4-682x1024.jpeg 682w, https:\/\/vimagazine.com.br\/wp-content\/uploads\/2024\/08\/WhatsApp-Image-2024-08-05-at-22.48.51-4-200x300.jpeg 200w, https:\/\/vimagazine.com.br\/wp-content\/uploads\/2024\/08\/WhatsApp-Image-2024-08-05-at-22.48.51-4-768x1153.jpeg 768w, https:\/\/vimagazine.com.br\/wp-content\/uploads\/2024\/08\/WhatsApp-Image-2024-08-05-at-22.48.51-4-1023x1536.jpeg 1023w, https:\/\/vimagazine.com.br\/wp-content\/uploads\/2024\/08\/WhatsApp-Image-2024-08-05-at-22.48.51-4-1024x1537.jpeg 1024w, https:\/\/vimagazine.com.br\/wp-content\/uploads\/2024\/08\/WhatsApp-Image-2024-08-05-at-22.48.51-4.jpeg 1066w\" sizes=\"(max-width: 682px) 100vw, 682px\" \/><\/figure>\n\n\n\n<p>Lapidando Vidas n\u00e3o \u00e9 o seu primeiro livro. Ela \u00e9 tamb\u00e9m autora de \u201cVoo de uma estrela\u201d, \u201cJornada da Reconstru\u00e7\u00e3o\u201d, \u201cInfinitos Segredos\u201d e coautora de mais quatro livros com o presidente da ACLASP, Roberto Ferrari, poetas e mulheres que fazem a diferen\u00e7a. No caminho de uma escritora experiente, em 2021, lan\u00e7ou \u201cInfinitos Segredos &#8211; Contos, Cr\u00f4nicas e Poesias\u201d tamb\u00e9m pela editora Livr(a), que traz em 198 p\u00e1ginas muito da personalidade da escritora, poetisa, atriz, designer de j\u00f3ias, da mulher destemida e identidade bem formada. Seu talento liter\u00e1rio e po\u00e9tico soma-se ao desenvolvimento de master coach motivacional e comportamental, palestrante e mentora pela SLAC (Sociedade Latina Americana de Coaching). Os livros da autora est\u00e3o em v\u00e1rias plataformas digitais e dispon\u00edveis no Sunset Woman &#8211; art design e literatura.<\/p>\n\n\n\n<p>A nova obra \u201cLapidando Vidas\u201d, com mais de 180 p\u00e1ginas, re\u00fane 12 lives, da autora, que fizeram mais sucesso entre 2020 e 2023, com foco na transforma\u00e7\u00e3o de vidas. Com linguagem simples e direta, al\u00e9m de confian\u00e7a firme, Kristhel expressa ideias, f\u00e9 e dicas para o leitor avan\u00e7ar em conquistas, seja no campo pessoal, emocional e familiar ou no profissional e empresarial. <em>\u201cQuero ajudar ao leitor no caminho pela busca do aperfei\u00e7oamento, do seu melhor, da sua melhor vers\u00e3o, do que se pode ser, realizar e se doar\u201d<\/em>, afirma a escritora.<\/p>\n\n\n\n<p>Com uma narrativa que mergulha na complexidade humana, j\u00e1 na primeira leitura percebe-se que s\u00e3o textos escritos em amor e partilhados com amor. \u00c9 poss\u00edvel at\u00e9 chamar de jornada de autoconhecimento. A obra estimula a reflex\u00e3o sobre beleza, autoestima, autoconhecimento, merecimento, casamento, filhos, dinheiro e carreira de sucesso. Contudo, no fundo, a proposta \u00e9 orientar para a busca e\/ou encontro de um prop\u00f3sito na pr\u00f3pria vida. O livro aborda o fortalecimento da identidade do indiv\u00edduo, a intelig\u00eancia emocional, o deixar as coisas velhas para tr\u00e1s, conquistar algo novo, e nesse processo, a autoestima e a f\u00e9 s\u00e3o fundamentais.&nbsp;<\/p>\n\n\n\n<p><em>\u201cQuem se ajusta as minhas indica\u00e7\u00f5es, acaba por ser lapidada(o) e receber o brilho pr\u00f3prio da vit\u00f3ria, ter um encontro com o Criador e desenvolver uma mente brilhante\u201d <\/em>acrescenta Kristhel<\/p>\n\n\n\n<p>Na agenda 2024 est\u00e3o previstos lan\u00e7amentos internacionais: Portugal, It\u00e1lia, Estados Unidos e Emirados \u00c1rabes \/ Dubai. Em breve, a escritora vai divulgar o roteiro dos lan\u00e7amentos internacionais.<\/p>\n\n\n\n<figure class=\"wp-block-image size-large is-resized\"><img src=\"https:\/\/vimagazine.com.br\/wp-content\/uploads\/2024\/08\/WhatsApp-Image-2024-08-05-at-22.46.52-1024x1024.jpeg\" alt=\"\" class=\"wp-image-15229\" width=\"794\" height=\"794\" srcset=\"https:\/\/vimagazine.com.br\/wp-content\/uploads\/2024\/08\/WhatsApp-Image-2024-08-05-at-22.46.52-1024x1024.jpeg 1024w, https:\/\/vimagazine.com.br\/wp-content\/uploads\/2024\/08\/WhatsApp-Image-2024-08-05-at-22.46.52-300x300.jpeg 300w, https:\/\/vimagazine.com.br\/wp-content\/uploads\/2024\/08\/WhatsApp-Image-2024-08-05-at-22.46.52-150x150.jpeg 150w, https:\/\/vimagazine.com.br\/wp-content\/uploads\/2024\/08\/WhatsApp-Image-2024-08-05-at-22.46.52-768x768.jpeg 768w, https:\/\/vimagazine.com.br\/wp-content\/uploads\/2024\/08\/WhatsApp-Image-2024-08-05-at-22.46.52.jpeg 1080w\" sizes=\"(max-width: 794px) 100vw, 794px\" \/><\/figure>\n\n\n\n<p><strong>Programa\u00e7\u00e3o dos pr\u00f3ximos lan\u00e7amentos do livro \u201cLapidando Vidas\u201d, no Brasil&nbsp;<\/strong><\/p>\n\n\n\n<p><strong><em>Agosto<\/em><\/strong><\/p>\n\n\n\n<p>20\/08 &#8211; Lan\u00e7amento de \u201cLapidando Vidas\u201d, na Livraria Argumento, na Rua&nbsp; Dias Ferreira, 417, Leblon\/Rio de Janeiro.<\/p>\n\n\n\n<p>24\/08 &#8211; Palestra Guia de Estilo Batom Vermelho, no Senac &#8211; Jo\u00e3o Pessoa\/PB &#8211; Rota da Empreendedora.<\/p>\n\n\n\n<p>26\/08 \u2013 Lan\u00e7amento de \u201cLapidando Vidas\u201d, em Jo\u00e3o Pessoa\/PB \u2013 Livraria do Luiz, Mag Shopping.<\/p>\n\n\n\n<p><strong><em>Novembro<\/em><\/strong><\/p>\n\n\n\n<p>24\/11 &#8211; Macei\u00f3 &#8211; Congresso Rota de Empreendedora &#8211; Palestra Guia de Estilo Batom Vermelho e Salto Alto, com lan\u00e7amento do livro \u201cLapidando Vidas\u201d.<\/p>\n\n\n\n<p><strong>Mais informa\u00e7\u00f5es<\/strong><strong><br><\/strong>+55 21 98307-6776<\/p>\n","protected":false},"excerpt":{"rendered":"<p>\u201cLapidando Vidas\u201d \u00e9 uma obra de autoajuda que est\u00e1 sendo lan\u00e7ada em v\u00e1rios estados do&#8230;<\/p>\n","protected":false},"author":18,"featured_media":15230,"comment_status":"closed","ping_status":"open","sticky":false,"template":"","format":"standard","meta":{"om_disable_all_campaigns":false,"_monsterinsights_skip_tracking":false,"_monsterinsights_sitenote_active":false,"_monsterinsights_sitenote_note":"","_monsterinsights_sitenote_category":0,"spay_email":""},"categories":[1],"tags":[889,888,887,890,96,288,349],"jetpack_featured_media_url":"https:\/\/vimagazine.com.br\/wp-content\/uploads\/2024\/08\/WhatsApp-Image-2024-08-05-at-22.45.26.jpeg","_links":{"self":[{"href":"https:\/\/vimagazine.com.br\/index.php?rest_route=\/wp\/v2\/posts\/15226"}],"collection":[{"href":"https:\/\/vimagazine.com.br\/index.php?rest_route=\/wp\/v2\/posts"}],"about":[{"href":"https:\/\/vimagazine.com.br\/index.php?rest_route=\/wp\/v2\/types\/post"}],"author":[{"embeddable":true,"href":"https:\/\/vimagazine.com.br\/index.php?rest_route=\/wp\/v2\/users\/18"}],"replies":[{"embeddable":true,"href":"https:\/\/vimagazine.com.br\/index.php?rest_route=%2Fwp%2Fv2%2Fcomments&post=15226"}],"version-history":[{"count":1,"href":"https:\/\/vimagazine.com.br\/index.php?rest_route=\/wp\/v2\/posts\/15226\/revisions"}],"predecessor-version":[{"id":15231,"href":"https:\/\/vimagazine.com.br\/index.php?rest_route=\/wp\/v2\/posts\/15226\/revisions\/15231"}],"wp:featuredmedia":[{"embeddable":true,"href":"https:\/\/vimagazine.com.br\/index.php?rest_route=\/wp\/v2\/media\/15230"}],"wp:attachment":[{"href":"https:\/\/vimagazine.com.br\/index.php?rest_route=%2Fwp%2Fv2%2Fmedia&parent=15226"}],"wp:term":[{"taxonomy":"category","embeddable":true,"href":"https:\/\/vimagazine.com.br\/index.php?rest_route=%2Fwp%2Fv2%2Fcategories&post=15226"},{"taxonomy":"post_tag","embeddable":true,"href":"https:\/\/vimagazine.com.br\/index.php?rest_route=%2Fwp%2Fv2%2Ftags&post=15226"}],"curies":[{"name":"wp","href":"https:\/\/api.w.org\/{rel}","templated":true}]}}