{"id":15232,"date":"2024-08-16T08:17:42","date_gmt":"2024-08-16T11:17:42","guid":{"rendered":"https:\/\/vimagazine.com.br\/?p=15232"},"modified":"2024-08-16T08:17:43","modified_gmt":"2024-08-16T11:17:43","slug":"associacao-solidar-realiza-segunda-edicao-do-dia-da-sopa","status":"publish","type":"post","link":"https:\/\/vimagazine.com.br\/?p=15232","title":{"rendered":"Associa\u00e7\u00e3o Solidar realiza segunda edi\u00e7\u00e3o do Dia da Sopa"},"content":{"rendered":"\n<p><em><strong>Joinvilenses podem fazer encomendas para retirada no dia 24 de agosto, a partir das 17h, na sede da associa\u00e7\u00e3o; valor ser\u00e1 revertido para a alimenta\u00e7\u00e3o de 260 crian\u00e7as no Jardim Para\u00edso<\/strong><\/em><\/p>\n\n\n\n<p>A Associa\u00e7\u00e3o Solidar realiza no dia 24 de agosto a segunda edi\u00e7\u00e3o do Dia da Sopa. <\/p>\n\n\n\n<p>Todo o recurso arrecadado com o evento ser\u00e1 revertido para a alimenta\u00e7\u00e3o de 260 crian\u00e7as do Jardim Para\u00edso, em Joinville, e para custear outras a\u00e7\u00f5es da entidade.<\/p>\n\n\n\n<p>Neste ano, as volunt\u00e1rias v\u00e3o preparar canjiquinha com carne de porco defumada e canja de galinha. Para confirmar o pedido basta fazer um pix para a entidade at\u00e9 quinta-feira, dia 22\/8, informando no campo destinado ao coment\u00e1rio qual ser\u00e1 o sabor escolhido. A chave pix \u00e9\u00a0<a href=\"mailto:associacaosolidar@gmail.com\" target=\"_blank\" rel=\"noreferrer noopener\">associacaosolidar@gmail.com<\/a>. <\/p>\n\n\n\n<p>A por\u00e7\u00e3o custa R$ 35.<\/p>\n\n\n\n<p>As sopas ser\u00e3o entregues em sistema drive thru no s\u00e1bado, dia 24\/8, a partir das 17h, na sede da Associa\u00e7\u00e3o Solidar, na rua Pelotas, 435, no bairro Gl\u00f3ria. <\/p>\n\n\n\n<p>O comprovante do pix deve ser enviado por whatsapp para a presidente da associa\u00e7\u00e3o, Amarilda Nass.<\/p>\n\n\n\n<p>O n\u00famero \u00e9 47 99210-6309.<\/p>\n\n\n\n<p>A Associa\u00e7\u00e3o Solidar re\u00fane volunt\u00e1rias que atuam na confec\u00e7\u00e3o e venda de artesanatos, triagem e distribui\u00e7\u00e3o de donativos e realiza\u00e7\u00e3o de diversas a\u00e7\u00f5es para arrecada\u00e7\u00e3o de fundos em aux\u00edlio a projetos sociais no Brasil e na \u00c1frica.<\/p>\n\n\n\n<p>Al\u00e9m da doa\u00e7\u00e3o de alimentos para as crian\u00e7as do Projeto Acolher, no bairro Jardim Para\u00edso, elas trabalham na produ\u00e7\u00e3o de bonecas de pano e na arrecada\u00e7\u00e3o de bolas que ser\u00e3o enviadas a crian\u00e7as nigerianas em outubro. <\/p>\n\n\n\n<p>Quem quiser participar dessa a\u00e7\u00e3o pode fazer doa\u00e7\u00f5es pelo pix\u00a0<a href=\"mailto:associacaosolidar@gmail.com\" target=\"_blank\" rel=\"noreferrer noopener\">associacaosolidar@gmail.com<\/a>.<\/p>\n\n\n\n<p>Outra forma de contribuir \u00e9 por meio da compra de itens produzidos pelas volunt\u00e1rias, como bonecas, chaveiros, sacolas retorn\u00e1veis e outras lembrancinhas.<\/p>\n\n\n\n<p> As compras podem ser feitas pelo direct no Instagram @associacaosolidar ou no Brech\u00f3 Closet da Betinha, na rua Lages, 598, de segunda \u00e0 sexta-feira, das 12h \u00e0s 19h.<\/p>\n\n\n\n<p><strong>SERVI\u00c7O<\/strong><\/p>\n\n\n\n<ul><li><strong>O qu\u00ea:<\/strong>\u00a02\u00aa edi\u00e7\u00e3o do Dia da Sopa, da Associa\u00e7\u00e3o Solidar<\/li><li><strong>Quando:<\/strong>\u00a0encomendas at\u00e9 o dia 22\/8 e retirada no dia 24\/8, a partir das 17h<\/li><li><strong>Quanto:<\/strong>\u00a0R$ 35 a por\u00e7\u00e3o<\/li><li><strong>Op\u00e7\u00f5es<\/strong>: canja de galinha e canjiquinha com carne de porco defumada<\/li><li><strong>Como participar:<\/strong>\u00a0basta faz o pix para\u00a0<a href=\"mailto:associacaosolidar@gmail.com\" target=\"_blank\" rel=\"noreferrer noopener\">associacaosolidar@gmail.com<\/a>, informar nos coment\u00e1rios o sabor escolhido e enviar o comprovante de pagamento pelo whatsapp 47 99210-6309.<\/li><li><strong>Onde retirar:<\/strong>\u00a0as sopas ser\u00e3o entregues no s\u00e1bado, dia 24\/8, a partir das 17h, na sede da Associa\u00e7\u00e3o Solidar, na rua Pelotas, 435, no bairro Gl\u00f3ria, em sistema drive thru.<\/li><\/ul>\n","protected":false},"excerpt":{"rendered":"<p>Joinvilenses podem fazer encomendas para retirada no dia 24 de agosto, a partir das 17h,&#8230;<\/p>\n","protected":false},"author":3,"featured_media":15233,"comment_status":"closed","ping_status":"open","sticky":false,"template":"","format":"standard","meta":{"om_disable_all_campaigns":false,"_monsterinsights_skip_tracking":false,"_monsterinsights_sitenote_active":false,"_monsterinsights_sitenote_note":"","_monsterinsights_sitenote_category":0,"spay_email":""},"categories":[1],"tags":[],"jetpack_featured_media_url":"https:\/\/vimagazine.com.br\/wp-content\/uploads\/2024\/08\/dia-da-sopa.jpg","_links":{"self":[{"href":"https:\/\/vimagazine.com.br\/index.php?rest_route=\/wp\/v2\/posts\/15232"}],"collection":[{"href":"https:\/\/vimagazine.com.br\/index.php?rest_route=\/wp\/v2\/posts"}],"about":[{"href":"https:\/\/vimagazine.com.br\/index.php?rest_route=\/wp\/v2\/types\/post"}],"author":[{"embeddable":true,"href":"https:\/\/vimagazine.com.br\/index.php?rest_route=\/wp\/v2\/users\/3"}],"replies":[{"embeddable":true,"href":"https:\/\/vimagazine.com.br\/index.php?rest_route=%2Fwp%2Fv2%2Fcomments&post=15232"}],"version-history":[{"count":1,"href":"https:\/\/vimagazine.com.br\/index.php?rest_route=\/wp\/v2\/posts\/15232\/revisions"}],"predecessor-version":[{"id":15234,"href":"https:\/\/vimagazine.com.br\/index.php?rest_route=\/wp\/v2\/posts\/15232\/revisions\/15234"}],"wp:featuredmedia":[{"embeddable":true,"href":"https:\/\/vimagazine.com.br\/index.php?rest_route=\/wp\/v2\/media\/15233"}],"wp:attachment":[{"href":"https:\/\/vimagazine.com.br\/index.php?rest_route=%2Fwp%2Fv2%2Fmedia&parent=15232"}],"wp:term":[{"taxonomy":"category","embeddable":true,"href":"https:\/\/vimagazine.com.br\/index.php?rest_route=%2Fwp%2Fv2%2Fcategories&post=15232"},{"taxonomy":"post_tag","embeddable":true,"href":"https:\/\/vimagazine.com.br\/index.php?rest_route=%2Fwp%2Fv2%2Ftags&post=15232"}],"curies":[{"name":"wp","href":"https:\/\/api.w.org\/{rel}","templated":true}]}}