{"id":15235,"date":"2024-08-16T08:24:47","date_gmt":"2024-08-16T11:24:47","guid":{"rendered":"https:\/\/vimagazine.com.br\/?p=15235"},"modified":"2024-08-16T08:24:57","modified_gmt":"2024-08-16T11:24:57","slug":"graziela-medori-canta-marcos-valle-no-palco-do-dolores-club-no-centro-do-rj","status":"publish","type":"post","link":"https:\/\/vimagazine.com.br\/?p=15235","title":{"rendered":"\u201cGraziela Medori canta Marcos Valle\u201d no palco do Dolores Club, no Centro do RJ."},"content":{"rendered":"\n<p>Pela primeira vez se apresentando no RJ, a cantora Graziela Medori traz para os palcos cariocas seu nov\u00edssimo show \u201cGraziela Medori Canta Marcos Valle\u201d que estreou com muito sucesso em S\u00e3o Paulo e, far\u00e1 \u00fanica apresenta\u00e7\u00e3o no Dolores Club (Rua do Lavradio 10, Centro do RJ)&nbsp; no pr\u00f3ximo dia 23 de agosto \u2013 sexta-feira, \u00e0s 20h.<\/p>\n\n\n\n<p>Neste show, Graziela Medori contar\u00e1 com a participa\u00e7\u00e3o especial de Claudio Lins, Delia Fischer e Bruno Galv\u00e3o e a abertura do show ficar\u00e1 por conta do cantor Wladimir Cabanas (tenor do Theatro Municipal do RJ).<\/p>\n\n\n\n<p>Os ingressos para esta noite que promete ser inesquec\u00edvel,&nbsp; est\u00e3o dispon\u00edveis no SYMPLA aqui:&nbsp;<a href=\"https:\/\/bileto.sympla.com.br\/event\/96112\/d\/267397\/s\/1832121\" target=\"_blank\" rel=\"noreferrer noopener\">https:\/\/bileto.sympla.com.br\/event\/96112\/d\/267397\/s\/1832121<\/a>&nbsp;a partir de 30 reais.<\/p>\n\n\n\n<p>\u201cGraziela Medori, Canta Marcos Valle\u201d, \u00e9 um projeto idealizado pelo DJ Z\u00e9 Pedro, com lan\u00e7amento pelo selo Joia Moderna e produ\u00e7\u00e3o do pianista Alexandre Vianna.<\/p>\n\n\n\n<p>Um \u00e1lbum que resgata can\u00e7\u00f5es pouco conhecidas do grande p\u00fablico tornando-o assim, in\u00e9dito, dentro do seu vasto repert\u00f3rio, como: \u201cMomento de Amor\u201d, gravada no ano de 1968, pela cantora Vanusa, \u201cQual \u00e9\u201d, primeiro registro do compositor e cantor Djavan, para a novela: \u201cOs Ossos do Bar\u00e3o\u201d, de 1973, \u201cVamos Sambar\u201d, composi\u00e7\u00e3o em parceria com Marcelo Camelo, entre outras.<\/p>\n\n\n\n<p>Graziela, entrela\u00e7a&nbsp;seu canto, possibilitando um resgate importante, j\u00e1 que sua m\u00e3e, Claudya, fez muito sucesso na d\u00e9cada de 70 com can\u00e7\u00f5es do Marcos, em parceria com seu irm\u00e3o, Paulo Sergio Valle.<\/p>\n\n\n\n<p><br>As can\u00e7\u00f5es foram pensadas para uma forma\u00e7\u00e3o de trio- piano, baixo e bateria. <\/p>\n\n\n\n<p>Dentro da concep\u00e7\u00e3o est\u00e3o as fus\u00f5es entre a m\u00fasica brasileira, o jazz e a m\u00fasica contempor\u00e2nea.<\/p>\n\n\n\n<p>Com produ\u00e7\u00e3o musical do pianista Alexandre Vianna, arranjador do disco, Graziela d\u00e1 voz a dez m\u00fasicas pouco conhecidas do cancioneiro plural de Marcos Valle em grava\u00e7\u00f5es feitas no formato de trio de piano (o de Alexandre Vianna), baixo (ac\u00fastico e el\u00e9trico, ambos tocados por Jo\u00e3o Benjamim) e bateria (a de Rafael Louren\u00e7o, tamb\u00e9m na percuss\u00e3o).<\/p>\n\n\n\n<p>\u201cO repert\u00f3rio do \u00e1lbum \u201cGraziela Medori canta Marcos Valle\u201d \u2013 selecionado pelo DJ Z\u00e9 Pedro, idealizador do disco \u2013 prima por jogar luz sobre t\u00edtulos obscuros da obra de um artista que, aos 80 anos, festejados em setembro\/2024, se conserva jovial como a bossa nova \u00e0 qual ainda \u00e9 primordialmente associado em escala planet\u00e1ria\u201d, escreveu o jornalista Mauro Ferreira, do G1, sobre o lan\u00e7amento deste novo trabalho.<\/p>\n\n\n\n<p><strong>Servi\u00e7o:<\/strong><\/p>\n\n\n\n<p>\u201c<strong>Graziela Medori Canta Marcos Valle<\/strong>&nbsp;com os m\u00fasicos Alexandre Vianna ao piano, Jo\u00e3o Benjamim no baixo e o baterista Rafael Louren\u00e7o.<\/p>\n\n\n\n<p>Assessoria de Imprensa: Jo\u00e3o Luiz Azevedo<\/p>\n\n\n\n<p><strong>Data: 23\/08 (sexta-feira)<\/strong><\/p>\n\n\n\n<p>Hor\u00e1rio: 20h<\/p>\n\n\n\n<p><strong>Dolores Club<\/strong><\/p>\n\n\n\n<p>Endere\u00e7o: Rua do Lavradio, 10- Centro- RJ<\/p>\n\n\n\n<p>Ingressos a partir de 30 reais pelo Sympla aqui:&nbsp;<a href=\"https:\/\/bileto.sympla.com.br\/event\/96112\/d\/267397\/s\/1832121\" target=\"_blank\" rel=\"noreferrer noopener\">https:\/\/bileto.sympla.com.br\/event\/96112\/d\/267397\/s\/1832121<\/a><\/p>\n\n\n\n<p><strong><em>A Cantora<\/em><\/strong><\/p>\n\n\n\n<p><em>GRAZIELA MEDORI, filha da consagrada cantora Claudya e do instrumentista Chico Medori, come\u00e7ou profissionalmente na m\u00fasica aos 16 anos.<\/em><\/p>\n\n\n\n<p><em>O primeiro trabalho da cantora saiu pela gravadora Lua Music em 2011, as grava\u00e7\u00f5es contaram com as participa\u00e7\u00f5es de diversos m\u00fasicos, entre eles, Oswaldinho do Acordeon, Dominguinhos e Fernando Nunes, com dire\u00e7\u00e3o e arranjos de Chico Medori.<\/em><\/p>\n\n\n\n<p><em>Quatro anos mais tarde, seu segundo disco, \u201cToma Limonada\u201d (2015), traz regrava\u00e7\u00f5es de importantes compositores da MPB como Marcos Valle, L\u00f4 e M\u00e1rcio Borges e Raul Seixas, bem como as in\u00e9ditas, \u201cNada mais Que Cinema\u201d de Thiago Pimentel e \u201cRadical\u201d, de Claudya, em parceria com Luiz Carlos. <\/em><\/p>\n\n\n\n<p><em>O destaque desse novo trabalho, fica com a faixa t\u00edtulo, que conta com a participa\u00e7\u00e3o do Seu Jorge. Al\u00e9m de dois discos lan\u00e7ados, Graziela tem em seu curr\u00edculo participa\u00e7\u00e3o em diversos projetos, como o: \u201cLiteralmente Loucas\u201d, uma homenagem a Marina Lima, \u201c100 anos de Ataulfo Alves\u201d e \u201c\u00c9 melhor ser alegre que ser Triste\u201d, um Show assinado pela Mesa 2 Produ\u00e7\u00f5es dedicado ao poeta Vin\u00edcius de Moraes, ao lado de Jane Duboc e Juan Alba.<\/em><\/p>\n\n\n\n<p><em> Tem lan\u00e7ado Singles de sua autoria e em parceria com outros compositores.<\/em><\/p>\n\n\n\n<p><em>Est\u00e1 dispon\u00edvel como EP: \u201cGraziela Medori canta Claudia\u201d, o resgate de dois discos da d\u00e9cada de 70: \u201cDeixa eu Dizer\u201d e \u201cVoc\u00ea Claudia Voc\u00ea\u201d. Participou da segunda temporada do programa: \u201cThe Four Brasil\u201d, na TV Record no m\u00eas de Abril de 2020.<\/em><\/p>\n\n\n\n<p><em>Graziela Medori e o pianista Alexandre Vianna lan\u00e7aram o terceiro disco da carreira de ambos no m\u00eas de novembro de 2020, em uma releitura e grande homenagem ao \u201cClube da Esquina\u201d, intitulado: \u201cNossas Esquinas\u201d, resgatando can\u00e7\u00f5es do primeiro e segundo \u00e1lbum, que marcaram a hist\u00f3ria da m\u00fasica popular brasileira.<\/em><\/p>\n\n\n\n<p><em>Graziela lan\u00e7ou o quarto \u00e1lbum, em 2022, uma parceria entre a cantora e a Mandril Audio, o disco: \u201cTransando o Transa\u201d, uma homenagem ao disco Transa de Caetano Veloso lan\u00e7ado em 1972.<\/em><\/p>\n\n\n\n<p><em>Participou do programa \u201cThe Voice Brasil\u201d no mesmo ano, exibido pela TV Globo. <\/em><\/p>\n\n\n\n<p><em>A cantora, lan\u00e7ou o quinto disco da carreira, em janeiro de 2024, intitulado: \u201cGraziela Medori canta Marcos Valle\u201d, um projeto idealizado pelo DJ Z\u00e9 Pedro, com lan\u00e7amento pelo selo Joia Moderna.<\/em><\/p>\n\n\n\n<p><strong>Segue aqui tamb\u00e9m alguns v\u00eddeos do trabalho.&nbsp;&nbsp;<\/strong><\/p>\n\n\n\n<figure class=\"wp-block-embed is-type-video is-provider-youtube wp-block-embed-youtube wp-embed-aspect-16-9 wp-has-aspect-ratio\"><div class=\"wp-block-embed__wrapper\">\n<iframe loading=\"lazy\" title=\"Qual e\u0301 (Marcos Valle e Paulo S\u00e9rgio Valle)\" width=\"640\" height=\"360\" src=\"https:\/\/www.youtube.com\/embed\/BqYbgleEJMM?feature=oembed\" frameborder=\"0\" allow=\"accelerometer; autoplay; clipboard-write; encrypted-media; gyroscope; picture-in-picture; web-share\" referrerpolicy=\"strict-origin-when-cross-origin\" allowfullscreen><\/iframe>\n<\/div><\/figure>\n\n\n\n<figure class=\"wp-block-embed is-type-video is-provider-youtube wp-block-embed-youtube wp-embed-aspect-16-9 wp-has-aspect-ratio\"><div class=\"wp-block-embed__wrapper\">\n<iframe loading=\"lazy\" title=\"Curvas do tempo (Marcos Valle e Celso Fonseca)\" width=\"640\" height=\"360\" src=\"https:\/\/www.youtube.com\/embed\/ddbM3l8NunE?feature=oembed\" frameborder=\"0\" allow=\"accelerometer; autoplay; clipboard-write; encrypted-media; gyroscope; picture-in-picture; web-share\" referrerpolicy=\"strict-origin-when-cross-origin\" allowfullscreen><\/iframe>\n<\/div><\/figure>\n\n\n\n<figure class=\"wp-block-embed is-type-video is-provider-youtube wp-block-embed-youtube wp-embed-aspect-16-9 wp-has-aspect-ratio\"><div class=\"wp-block-embed__wrapper\">\n<iframe loading=\"lazy\" title=\"Am\u00e9rica Latina (Marcos Valle e Paulo S\u00e9rgio Valle)\" width=\"640\" height=\"360\" src=\"https:\/\/www.youtube.com\/embed\/3A2Xocb2Ud0?feature=oembed\" frameborder=\"0\" allow=\"accelerometer; autoplay; clipboard-write; encrypted-media; gyroscope; picture-in-picture; web-share\" referrerpolicy=\"strict-origin-when-cross-origin\" allowfullscreen><\/iframe>\n<\/div><\/figure>\n\n\n\n<p><strong>Mais informa\u00e7\u00f5es pelo tel\/zap: 021-9.9605-3074 com o Jo\u00e3o Luiz Azevedo &nbsp;<\/strong><\/p>\n","protected":false},"excerpt":{"rendered":"<p>Pela primeira vez se apresentando no RJ, a cantora Graziela Medori traz para os palcos&#8230;<\/p>\n","protected":false},"author":3,"featured_media":15236,"comment_status":"closed","ping_status":"open","sticky":false,"template":"","format":"standard","meta":{"om_disable_all_campaigns":false,"_monsterinsights_skip_tracking":false,"_monsterinsights_sitenote_active":false,"_monsterinsights_sitenote_note":"","_monsterinsights_sitenote_category":0,"spay_email":""},"categories":[1],"tags":[],"jetpack_featured_media_url":"https:\/\/vimagazine.com.br\/wp-content\/uploads\/2024\/08\/flyer-GRAZIELA-MEDORI-Canta-Marcos-Valle-e1723807320108.jpeg","_links":{"self":[{"href":"https:\/\/vimagazine.com.br\/index.php?rest_route=\/wp\/v2\/posts\/15235"}],"collection":[{"href":"https:\/\/vimagazine.com.br\/index.php?rest_route=\/wp\/v2\/posts"}],"about":[{"href":"https:\/\/vimagazine.com.br\/index.php?rest_route=\/wp\/v2\/types\/post"}],"author":[{"embeddable":true,"href":"https:\/\/vimagazine.com.br\/index.php?rest_route=\/wp\/v2\/users\/3"}],"replies":[{"embeddable":true,"href":"https:\/\/vimagazine.com.br\/index.php?rest_route=%2Fwp%2Fv2%2Fcomments&post=15235"}],"version-history":[{"count":1,"href":"https:\/\/vimagazine.com.br\/index.php?rest_route=\/wp\/v2\/posts\/15235\/revisions"}],"predecessor-version":[{"id":15237,"href":"https:\/\/vimagazine.com.br\/index.php?rest_route=\/wp\/v2\/posts\/15235\/revisions\/15237"}],"wp:featuredmedia":[{"embeddable":true,"href":"https:\/\/vimagazine.com.br\/index.php?rest_route=\/wp\/v2\/media\/15236"}],"wp:attachment":[{"href":"https:\/\/vimagazine.com.br\/index.php?rest_route=%2Fwp%2Fv2%2Fmedia&parent=15235"}],"wp:term":[{"taxonomy":"category","embeddable":true,"href":"https:\/\/vimagazine.com.br\/index.php?rest_route=%2Fwp%2Fv2%2Fcategories&post=15235"},{"taxonomy":"post_tag","embeddable":true,"href":"https:\/\/vimagazine.com.br\/index.php?rest_route=%2Fwp%2Fv2%2Ftags&post=15235"}],"curies":[{"name":"wp","href":"https:\/\/api.w.org\/{rel}","templated":true}]}}