{"id":15240,"date":"2024-08-16T08:36:59","date_gmt":"2024-08-16T11:36:59","guid":{"rendered":"https:\/\/vimagazine.com.br\/?p=15240"},"modified":"2024-08-16T08:37:01","modified_gmt":"2024-08-16T11:37:01","slug":"komprao-em-rio-negrinho-foi-inaugurado-a-71a-loja-do-grupo-koch-em-santa-catarina","status":"publish","type":"post","link":"https:\/\/vimagazine.com.br\/?p=15240","title":{"rendered":"Kompr\u00e3o em Rio Negrinho foi inaugurado, a 71\u00aa loja do Grupo Koch em Santa Catarina"},"content":{"rendered":"\n<p class=\"has-text-align-center\"><em><strong>Unidade da marca de atacarejo foi aberta nesta quinta-feira, dia 15 de agosto<\/strong><\/em><\/p>\n\n\n\n<p class=\"has-text-align-center\">Maior rede supermercadista de Santa Catarina e 10\u00aa do Brasil, o Grupo Koch acaba de inaugurar a sua segunda loja Kompr\u00e3o em Rio Negrinho (a primeira da cidade fica localizada no Bairro Centro), a 71\u00aa em Santa Catarina, nesta quinta-feira (15), na Rodovia BR-280, 1960, no Bairro Industrial Sul.<\/p>\n\n\n\n<p class=\"has-text-align-center\"><strong> A unidade da marca de atacarejo gerou 130 empregos diretos e 500 indiretos.\u00a0<\/strong><\/p>\n\n\n\n<p class=\"has-text-align-center\">Com 9,7 mil metros quadrados de \u00e1rea constru\u00edda, o segundo Kompr\u00e3o de Rio Negrinho conta tamb\u00e9m com estacionamento com 342 vagas, possui ilumina\u00e7\u00e3o natural e reaproveitamento da \u00e1gua da chuva.<\/p>\n\n\n\n<p class=\"has-text-align-center\">\u00a0O Grupo Koch tem Rio Negrinho como uma cidade que integra o seu planejamento de expans\u00e3o para o Planalto Norte catarinense, como explica o CEO, Jos\u00e9 Koch.\u00a0<\/p>\n\n\n\n<p class=\"has-text-align-center\">&#8220;Rio Negrinho \u00e9 uma cidade com localiza\u00e7\u00e3o estrat\u00e9gica, tendo em vista o seu crescimento e tamb\u00e9m da regi\u00e3o, localizada \u00e0s margens de uma das rodovias mais importantes do estado e que agora recebe a sua segunda loja Kompr\u00e3o&#8221;, afirma.<\/p>\n\n\n\n<p class=\"has-text-align-center\">\u00a0A loja funciona de segunda a s\u00e1bado, das 7h \u00e0s 22h, e domingos e feriados, das 8h \u00e0s 21h. S\u00e3o 29 checkouts em opera\u00e7\u00e3o, sendo tr\u00eas caixas r\u00e1pido e seis autoatendimento.<\/p>\n\n\n\n<p class=\"has-text-align-center\"> A loja conta com setor de padaria, a\u00e7ougue, adega com mais de 500 r\u00f3tulos de vinhos, trazendo mais modernidade e oferecendo mais facilidades aos clientes. <\/p>\n\n\n\n<p class=\"has-text-align-center\">Al\u00e9m disso, o espa\u00e7o possui tamb\u00e9m farm\u00e1cia, pastelaria, lojas de vestu\u00e1rio, brinquedos, artigos religiosos, artigos esportivos, produtos naturais, acess\u00f3rios de celular e entretenimento.<\/p>\n\n\n\n<p class=\"has-text-align-center\"><strong>Sobre o Grupo Koch<\/strong><\/p>\n\n\n\n<p class=\"has-text-align-center\">Maior rede supermercadista em Santa Catarina e a 10\u00aa do pa\u00eds, de acordo com o ranking 2024 da Associa\u00e7\u00e3o Brasileira de Supermercados (Abras), o Grupo Koch est\u00e1 presente em 34 cidades do estado. S\u00e3o 71 lojas no segmento aliment\u00edcio, nos formatos varejo (com a marca SuperKoch) e atacarejo (com a marca Kompr\u00e3o Atacadista), al\u00e9m de vendas pelo e-commerce. <\/p>\n\n\n\n<p class=\"has-text-align-center\">O Grupo conta tamb\u00e9m com dois Centros de Distribui\u00e7\u00e3o e uma sede administrativa em Tijucas e um Centro Administrativo e Comercial em Itapema. <\/p>\n\n\n\n<p class=\"has-text-align-center\">Empresa familiar, foi fundada oficialmente em 1994, em Tijucas, e tem \u00e0 frente como CEO, o empres\u00e1rio Jos\u00e9 Koch, um dos cinco irm\u00e3os que come\u00e7aram a hist\u00f3ria da empresa nos anos 80 vendendo produtos hortifr\u00fati nas feiras da Grande Florian\u00f3polis.<\/p>\n","protected":false},"excerpt":{"rendered":"<p>Unidade da marca de atacarejo foi aberta nesta quinta-feira, dia 15 de agosto Maior rede&#8230;<\/p>\n","protected":false},"author":3,"featured_media":15241,"comment_status":"closed","ping_status":"open","sticky":false,"template":"","format":"standard","meta":{"om_disable_all_campaigns":false,"_monsterinsights_skip_tracking":false,"_monsterinsights_sitenote_active":false,"_monsterinsights_sitenote_note":"","_monsterinsights_sitenote_category":0,"spay_email":""},"categories":[1],"tags":[],"jetpack_featured_media_url":"https:\/\/vimagazine.com.br\/wp-content\/uploads\/2024\/08\/Rio-Negrinho-agora-tem-sua-segunda-loja-Kompra\u0303o-e1723808011863.jpeg","_links":{"self":[{"href":"https:\/\/vimagazine.com.br\/index.php?rest_route=\/wp\/v2\/posts\/15240"}],"collection":[{"href":"https:\/\/vimagazine.com.br\/index.php?rest_route=\/wp\/v2\/posts"}],"about":[{"href":"https:\/\/vimagazine.com.br\/index.php?rest_route=\/wp\/v2\/types\/post"}],"author":[{"embeddable":true,"href":"https:\/\/vimagazine.com.br\/index.php?rest_route=\/wp\/v2\/users\/3"}],"replies":[{"embeddable":true,"href":"https:\/\/vimagazine.com.br\/index.php?rest_route=%2Fwp%2Fv2%2Fcomments&post=15240"}],"version-history":[{"count":1,"href":"https:\/\/vimagazine.com.br\/index.php?rest_route=\/wp\/v2\/posts\/15240\/revisions"}],"predecessor-version":[{"id":15242,"href":"https:\/\/vimagazine.com.br\/index.php?rest_route=\/wp\/v2\/posts\/15240\/revisions\/15242"}],"wp:featuredmedia":[{"embeddable":true,"href":"https:\/\/vimagazine.com.br\/index.php?rest_route=\/wp\/v2\/media\/15241"}],"wp:attachment":[{"href":"https:\/\/vimagazine.com.br\/index.php?rest_route=%2Fwp%2Fv2%2Fmedia&parent=15240"}],"wp:term":[{"taxonomy":"category","embeddable":true,"href":"https:\/\/vimagazine.com.br\/index.php?rest_route=%2Fwp%2Fv2%2Fcategories&post=15240"},{"taxonomy":"post_tag","embeddable":true,"href":"https:\/\/vimagazine.com.br\/index.php?rest_route=%2Fwp%2Fv2%2Ftags&post=15240"}],"curies":[{"name":"wp","href":"https:\/\/api.w.org\/{rel}","templated":true}]}}