{"id":15246,"date":"2024-08-16T08:51:04","date_gmt":"2024-08-16T11:51:04","guid":{"rendered":"https:\/\/vimagazine.com.br\/?p=15246"},"modified":"2024-08-16T08:55:49","modified_gmt":"2024-08-16T11:55:49","slug":"alem-de-servicos-de-saude-unisociesc-em-acao-tera-concurso-de-pets-e-teatro-sobre-perigos-do-trafico-de-animais-silvestres","status":"publish","type":"post","link":"https:\/\/vimagazine.com.br\/?p=15246","title":{"rendered":"Al\u00e9m de servi\u00e7os de sa\u00fade, UniSociesc em A\u00e7\u00e3o ter\u00e1 concurso de pets e teatro sobre perigos do tr\u00e1fico de animais silvestres"},"content":{"rendered":"\n<figure class=\"wp-block-table\"><table><tbody><tr><td><strong>Atividades gratuitas ser\u00e3o realizadas neste s\u00e1bado, das 10 \u00e0s 13 horas, na pra\u00e7a Lauro M\u00fcller, no Centro de Joinville<\/strong><\/td><\/tr><\/tbody><\/table><\/figure>\n\n\n\n<figure class=\"wp-block-table\"><table><tbody><tr><td>Uma s\u00e9rie de servi\u00e7os, orienta\u00e7\u00f5es e atividades gratuitas ser\u00e3o realizadas na Pra\u00e7a Lauro M\u00fcller, no Centro de Joinville, neste s\u00e1bado (17\/8). Entre 10 e 13 horas, o UniSociesc em A\u00e7\u00e3o coloca estudantes e professores em contato direto com a comunidade. <br><br>Entre os servi\u00e7os de sa\u00fade oferecidos est\u00e3o: orienta\u00e7\u00e3o nutricional e de autoexame de boca, avalia\u00e7\u00e3o postural e de flexibilidade e aferi\u00e7\u00e3o de press\u00e3o e glicose (veja servi\u00e7o completo abaixo).<br><br>Mas a grande novidade deste s\u00e1bado \u00e9 o concurso \u201cMeu Pet \u00e9 Show\u201d, organizado pelo curso de Medicina Veterin\u00e1ria da UniSociesc.<br><br> \u201cTodos os amigos de quatro patas de qualquer esp\u00e9cie, com tutores residentes em Joinville e regi\u00e3o podem participar. <br><br>O concurso ser\u00e1 realizado \u00e0s 10h30, mas assim que o tutor chegar \u00e0 pra\u00e7a com seu pet, j\u00e1 deve fazer a inscri\u00e7\u00e3o\u201d, explica a coordenadora do curso de Medicina Veterin\u00e1ria, B\u00e1rbara Barbi de Freitas.<br><br><br>Entre os crit\u00e9rios de avalia\u00e7\u00e3o do concurso est\u00e3o a originalidade, fofura e a apresenta\u00e7\u00e3o geral durante o evento. \u201cHaver\u00e1 uma vota\u00e7\u00e3o do p\u00fablico presente e tamb\u00e9m de jurados.<br><br>O vencedor ser\u00e1 anunciado durante o evento e receber\u00e1 como pr\u00eamio um combo de brindes da F\u00f3rmula Natural e ainda ser\u00e1 coroado com o t\u00edtulo de Pet Mais Show. Traga seu pet e venha se divertir\u201d, refor\u00e7a B\u00e1rbara.<br><br> Os tutores tamb\u00e9m v\u00e3o receber orienta\u00e7\u00f5es sobre limpeza de ouvido e escova\u00e7\u00e3o dent\u00e1ria dos animais.<br><br><br><strong>Teatro conscientiza sobre perigos do tr\u00e1fico de animais silvestres<\/strong><br><br><br><br><br>Outra atividade do curso de Medicina Veterin\u00e1ria ser\u00e1 um teatro de fantoches em dois hor\u00e1rios: \u00e0s 11 horas e \u00e0s 12h15.<br><br> O Projeto Preservar \u00e9 Animal realiza apresenta\u00e7\u00f5es de teatro de fantoches em escolas p\u00fablicas de Joinville para educar crian\u00e7as e suas fam\u00edlias sobre os perigos do tr\u00e1fico de animais silvestres. <br><br>Na pra\u00e7a, crian\u00e7as e adultos v\u00e3o conhecer as hist\u00f3rias do papagaio verdadeiro, Orico; do macaco-prego, Caco; e da tartaruga tigre-d\u2019\u00e1gua de orelha amarela, Antonella.\u00a0<br><br><br>No Brasil, o tr\u00e1fico de animais silvestres \u00e9 o terceiro maior com\u00e9rcio il\u00edcito do mundo, perdendo apenas para o tr\u00e1fico de narc\u00f3ticos e armas. <br><br>O projeto Preservar \u00e9 Animal tem o objetivo de promover a educa\u00e7\u00e3o ambiental, a\u00e7\u00f5es de combate ao tr\u00e1fico de animais silvestres e guarda respons\u00e1vel de animais de estima\u00e7\u00e3o n\u00e3o-convencionais. Tamb\u00e9m haver\u00e1 exposi\u00e7\u00e3o de fotos e desenhos de crian\u00e7as sobre o tema.<br><br><br>Confira os servi\u00e7os gratuitos de sa\u00fade<br><br><br><strong>Aferi\u00e7\u00e3o de press\u00e3o e glicose<\/strong><br>A medi\u00e7\u00e3o da press\u00e3o \u00e9 muito simples e r\u00e1pida. Para o teste de glicose \u00e9 feito um furinho no dedo que coleta uma gota de sangue que d\u00e1 o resultado imediatamente.<br>Atividades realizadas pelos estudantes de Farm\u00e1cia e t\u00e9cnico de Enfermagem<br><br><br><br><strong>Orienta\u00e7\u00e3o nutricional<\/strong><br>A partir do guia nutricional da popula\u00e7\u00e3o brasileira ser\u00e1 feita orienta\u00e7\u00e3o sobre que alimentos devem ser consumidos numa dieta saud\u00e1vel, quais os nutrientes s\u00e3o importantes e quantidades indicadas. <br>Tamb\u00e9m ser\u00e1 oferecida avalia\u00e7\u00e3o antropom\u00e9trica, com as medidas e \u00edndice de massa corporal (IMC).<br>Atividade realizada pelos estudantes de Nutri\u00e7\u00e3o\u00a0<br><br><br><strong>Avalia\u00e7\u00e3o postural e de flexibilidade<\/strong><br>Como esta avalia\u00e7\u00e3o \u00e9 poss\u00edvel identificar poss\u00edveis desvios e \u00e1reas de rigidez e passar orienta\u00e7\u00f5es de cuidados que a pessoa pode tomar para evitar dores e problemas futuros.\u00a0<br>Atividade realizada pelos estudantes de Fisioterapia\u00a0<br><br><br><strong>Aula de pilates<\/strong><br>Para quem n\u00e3o conhece o pilates ser\u00e1 uma oportunidade de conhecer a atividade que promove consci\u00eancia corporal; entender como corrigir desequil\u00edbrios posturais e melhorar a flexibilidade; al\u00e9m de tirar outras d\u00favidas sobre benef\u00edcios e indica\u00e7\u00f5es.\u00a0<br>Atividade realizada pelos estudantes de Fisioterapia\u00a0<br><br><br><strong>Instru\u00e7\u00f5es sobre o autoexame de boca<\/strong><br>Aprenda a inspecionar cavidade bucal para detectar sinais de problemas, como c\u00e2ncer bucal.<br><br> O exame envolve verificar l\u00e1bios, gengivas, dentes, palato, l\u00edngua e bochechas em busca de altera\u00e7\u00f5es como \u00falceras, manchas ou incha\u00e7os. <br><br>A pr\u00e1tica regular e a detec\u00e7\u00e3o precoce s\u00e3o essenciais para a sa\u00fade bucal.<br>Atividades realizadas pelos estudantes de Odontologia\u00a0<br><br><br>Projeto ser\u00e1 realizado a cada quinze dias, sempre com novas atra\u00e7\u00f5es<br><br><br>O projeto UniSociesc em A\u00e7\u00e3o tem agenda na Pra\u00e7a Lauro M\u00fcller a cada quinze dias at\u00e9 o m\u00eas de dezembro, sempre nas manh\u00e3s de s\u00e1bado, das 10 \u00e0s 13 horas (datas abaixo). <br><br>Quem estiver passando pelo centro da cidade poder\u00e1 usufruir de todas as atividades e servi\u00e7os sem inscri\u00e7\u00e3o e sem nenhum tipo de custo.<br><br> A conhecida Pra\u00e7a da Biblioteca foi adotada pela UniSociesc e pela Orcali em 2021 dentro do programa Joinville Mais Bonita, que conta com o apoio de empresas e institui\u00e7\u00f5es para manter espa\u00e7os p\u00fablicos preservados.\u00a0<br>\u00a0<br>\u201cFaz muito sentido a UniSociesc adotar uma pra\u00e7a que conversa tanto com a educa\u00e7\u00e3o. <br><br>O projeto que desenvolvemos \u00e9 um presente para a comunidade, entregue neste espa\u00e7o especial.<br><br><br> Ter\u00e1 uma agenda com atividades que envolvem todos os cursos da institui\u00e7\u00e3o, sempre com novidades. Nosso objetivo \u00e9 fortalecer a rela\u00e7\u00e3o que temos com a comunidade\u201d, explica a diretora geral da UniSociesc, Cinthia Tamara.<br><br><br>\u201cTemos muitos planos para a pra\u00e7a. <br><br>Esta \u00e9 apenas a primeira fase do projeto, que leva presta\u00e7\u00e3o de servi\u00e7o \u00e0s pessoas. Num segundo momento, queremos integrar feiras de artesanato e gastron\u00f4mica, mostrando a multiculturalidade de Joinville\u201d, destaca Cinthia. <br><br><br>A Pra\u00e7a Lauro M\u00fcller fica localizada na Rua Cmte. Eug\u00eanio Lepper, 19, no Centro de Joinville, junto a Biblioteca P\u00fablica Municipal Rolf Colin.<br><br><br>Para deixar a pra\u00e7a ainda mais bonita, a institui\u00e7\u00e3o contratou os artistas Irm\u00e3os Feitosa para darem uma cara nova \u00e0s paredes da Biblioteca Municipal com sua arte. <br><br><br>\u201c\u00c9 outro presente da UniSociesc para a comunidade\u201d, refor\u00e7a a diretora.<br><br><br>Programe-se: agenda do UniSociesc em A\u00e7\u00e3o<br>31 de agosto<br>14 de setembro<br>28 de setembro<br>12 de outubro<br>26 de outubro<br>9 de novembro<br>23 de novembro<br>7 de dezembro<br>14 de dezembro<br><strong>Sobre a UniSociesc<\/strong><br><br><br><em>Com voca\u00e7\u00e3o para inova\u00e7\u00e3o, ambientes maker, coworkings e espa\u00e7os que estimulam a troca de conhecimentos e experi\u00eancias, a UniSociesc \u00e9 reconhecida pelo MEC como a melhor institui\u00e7\u00e3o privada de ensino superior de Santa Catarina. Integrante do maior e mais inovador ecossistema de qualidade do Brasil, o Ecossistema \u00c2nima, h\u00e1 65 anos dedica-se a formar profissionais e transformar pessoas, desenvolvendo compet\u00eancias, talentos e carreiras.<\/em><br><br><br><em>Com unidades acad\u00eamicas nas cidades de Blumenau, Jaragu\u00e1 do Sul, Joinville (duas unidades) e S\u00e3o Bento do Sul, conta com ampla diversidade de cursos, s\u00e3o mais de 70 op\u00e7\u00f5es em seu portf\u00f3lio, e uma estrutura de laborat\u00f3rios diferenciada, sendo os mais completos e modernos entre as institui\u00e7\u00f5es de ensino da regi\u00e3o. <\/em><br><br><br><em>A UniSociesc tamb\u00e9m contribui para democratiza\u00e7\u00e3o do Ensino Superior ao disponibilizar uma oferta de cursos digitais com diversos p\u00f3los dentro e fora do Estado de Santa Catarina.<\/em><br><br><br><br><strong>Relacionamento com a imprensa UniSociesc &#8211;\u00a0<\/strong><a href=\"http:\/\/www.unisociesc.com.br\/\" target=\"_blank\" rel=\"noreferrer noopener\"><strong>www.unisociesc.com.br<\/strong><\/a><br><strong>Mem Comunica\u00e7\u00e3o &#8211;\u00a0<\/strong><a href=\"http:\/\/www.memcomunicacao.com.br\/\" target=\"_blank\" rel=\"noreferrer noopener\"><strong>www.memcomunicacao.com.br<\/strong><\/a><strong>\u00a0\u00a0<\/strong>\u00a0<br>Genara Rigotti \u2013 (47) 9 9102-5223\u00a0&#8211;\u00a0<a href=\"mailto:redacao03memcomunicacao@gmail.com\" target=\"_blank\" rel=\"noreferrer noopener\">redacao03memcomunicacao@gmail.com<\/a>\u00a0<br>Marlise Groth Mem &#8211; (41) 9 9908-0511 \u2013\u00a0<a href=\"mailto:marliseassessoria@gmail.com\" target=\"_blank\" rel=\"noreferrer noopener\">marliseassessoria@gmail.com<\/a><br>Jo\u00e3o Al\u00e9cio Mem \u2013 (41) 9 9124-9748 \u2013\u00a0<a href=\"mailto:joaoalecioassessoria@gmail.com\" target=\"_blank\" rel=\"noreferrer noopener\">joaoalecioassessoria@gmail.com<\/a><br>Graziela Lindner \u2013 (47) 9 9176-0080 &#8211;\u00a0<a href=\"mailto:grazielalindner@gmail.com\" target=\"_blank\" rel=\"noreferrer noopener\">grazielalindner@gmail.com<\/a><br><em>Jornalismo\/ Assessoria de Imprensa \/ Consultoria em Comunica\u00e7\u00e3o e Eventos<\/em><br><em>@mem_e_mem_agencia_de_noticias<\/em><\/td><\/tr><\/tbody><\/table><\/figure>\n\n\n\n<figure class=\"wp-block-image size-large\"><img width=\"1024\" height=\"576\" src=\"https:\/\/vimagazine.com.br\/wp-content\/uploads\/2024\/08\/unnamed-1-1024x576.jpg\" alt=\"\" class=\"wp-image-15251\" srcset=\"https:\/\/vimagazine.com.br\/wp-content\/uploads\/2024\/08\/unnamed-1-1024x576.jpg 1024w, https:\/\/vimagazine.com.br\/wp-content\/uploads\/2024\/08\/unnamed-1-300x169.jpg 300w, https:\/\/vimagazine.com.br\/wp-content\/uploads\/2024\/08\/unnamed-1-768x432.jpg 768w, https:\/\/vimagazine.com.br\/wp-content\/uploads\/2024\/08\/unnamed-1-1536x864.jpg 1536w, https:\/\/vimagazine.com.br\/wp-content\/uploads\/2024\/08\/unnamed-1.jpg 1920w\" sizes=\"(max-width: 1024px) 100vw, 1024px\" \/><\/figure>\n\n\n\n<figure class=\"wp-block-image size-large\"><img width=\"1024\" height=\"683\" src=\"https:\/\/vimagazine.com.br\/wp-content\/uploads\/2024\/08\/Feira-da-Estacao-Fotos-por-Heloisa-Koffke-1-1024x683.jpg\" alt=\"\" class=\"wp-image-15253\" srcset=\"https:\/\/vimagazine.com.br\/wp-content\/uploads\/2024\/08\/Feira-da-Estacao-Fotos-por-Heloisa-Koffke-1-1024x683.jpg 1024w, https:\/\/vimagazine.com.br\/wp-content\/uploads\/2024\/08\/Feira-da-Estacao-Fotos-por-Heloisa-Koffke-1-300x200.jpg 300w, https:\/\/vimagazine.com.br\/wp-content\/uploads\/2024\/08\/Feira-da-Estacao-Fotos-por-Heloisa-Koffke-1-768x512.jpg 768w, https:\/\/vimagazine.com.br\/wp-content\/uploads\/2024\/08\/Feira-da-Estacao-Fotos-por-Heloisa-Koffke-1-1536x1024.jpg 1536w, https:\/\/vimagazine.com.br\/wp-content\/uploads\/2024\/08\/Feira-da-Estacao-Fotos-por-Heloisa-Koffke-1.jpg 1920w\" sizes=\"(max-width: 1024px) 100vw, 1024px\" \/><\/figure>\n\n\n","protected":false},"excerpt":{"rendered":"<p>Atividades gratuitas ser\u00e3o realizadas neste s\u00e1bado, das 10 \u00e0s 13 horas, na pra\u00e7a Lauro M\u00fcller,&#8230;<\/p>\n","protected":false},"author":3,"featured_media":15248,"comment_status":"closed","ping_status":"open","sticky":false,"template":"","format":"standard","meta":{"om_disable_all_campaigns":false,"_monsterinsights_skip_tracking":false,"_monsterinsights_sitenote_active":false,"_monsterinsights_sitenote_note":"","_monsterinsights_sitenote_category":0,"spay_email":""},"categories":[1],"tags":[],"jetpack_featured_media_url":"https:\/\/vimagazine.com.br\/wp-content\/uploads\/2024\/08\/unnamed-2.jpg","_links":{"self":[{"href":"https:\/\/vimagazine.com.br\/index.php?rest_route=\/wp\/v2\/posts\/15246"}],"collection":[{"href":"https:\/\/vimagazine.com.br\/index.php?rest_route=\/wp\/v2\/posts"}],"about":[{"href":"https:\/\/vimagazine.com.br\/index.php?rest_route=\/wp\/v2\/types\/post"}],"author":[{"embeddable":true,"href":"https:\/\/vimagazine.com.br\/index.php?rest_route=\/wp\/v2\/users\/3"}],"replies":[{"embeddable":true,"href":"https:\/\/vimagazine.com.br\/index.php?rest_route=%2Fwp%2Fv2%2Fcomments&post=15246"}],"version-history":[{"count":4,"href":"https:\/\/vimagazine.com.br\/index.php?rest_route=\/wp\/v2\/posts\/15246\/revisions"}],"predecessor-version":[{"id":15255,"href":"https:\/\/vimagazine.com.br\/index.php?rest_route=\/wp\/v2\/posts\/15246\/revisions\/15255"}],"wp:featuredmedia":[{"embeddable":true,"href":"https:\/\/vimagazine.com.br\/index.php?rest_route=\/wp\/v2\/media\/15248"}],"wp:attachment":[{"href":"https:\/\/vimagazine.com.br\/index.php?rest_route=%2Fwp%2Fv2%2Fmedia&parent=15246"}],"wp:term":[{"taxonomy":"category","embeddable":true,"href":"https:\/\/vimagazine.com.br\/index.php?rest_route=%2Fwp%2Fv2%2Fcategories&post=15246"},{"taxonomy":"post_tag","embeddable":true,"href":"https:\/\/vimagazine.com.br\/index.php?rest_route=%2Fwp%2Fv2%2Ftags&post=15246"}],"curies":[{"name":"wp","href":"https:\/\/api.w.org\/{rel}","templated":true}]}}