{"id":15256,"date":"2024-08-16T09:03:59","date_gmt":"2024-08-16T12:03:59","guid":{"rendered":"https:\/\/vimagazine.com.br\/?p=15256"},"modified":"2024-08-16T09:04:01","modified_gmt":"2024-08-16T12:04:01","slug":"coral-ciser-show-leva-musical-infantil-a20-escolas-da-rede-municipal-de-joinville","status":"publish","type":"post","link":"https:\/\/vimagazine.com.br\/?p=15256","title":{"rendered":"Coral Ciser Show leva musical infantil a\t20 escolas da rede municipal de Joinville"},"content":{"rendered":"\n<p class=\"has-text-align-center\">Depois de mais uma temporada de sucesso, em junho, no Teatro Juarez Machado, o espet\u00e1culo infantil <strong>\u201cNum Mundo Novo, Somos Todos Iguais\u201d<\/strong>, do Coral Ciser Show, circula pela rede municipal de ensino de Joinville, entre agosto e novembro. <\/p>\n\n\n\n<p class=\"has-text-align-center\">Ser\u00e3o 20 apresenta\u00e7\u00f5es, em diversos bairros, com o objetivo de ampliar o acesso da comunidade ao projeto. <\/p>\n\n\n\n<p class=\"has-text-align-center\">A estreia est\u00e1 marcada para esta quinta-feira, 15, \u00e0s 19h30, na Escola Orestes Guimar\u00e3es. Na pr\u00f3xima semana, duas apresenta\u00e7\u00f5es \u2013 na Escola Lacy Luiza da Cruz Flores, dia 23, e na Escola Virg\u00ednia Soares, dia 23, ambas \u00e0s 19h30.<\/p>\n\n\n\n<p class=\"has-text-align-center\">O musical, que teve a primeira temporada em 2023, foi redesenhado, disponibilizando novas emo\u00e7\u00f5es ao p\u00fablico. <\/p>\n\n\n\n<p class=\"has-text-align-center\">Na vers\u00e3o deste ano, algumas pe\u00e7as musicais foram atualizadas, al\u00e9m da participa\u00e7\u00e3o de novos cantores e instrumentistas. <\/p>\n\n\n\n<p class=\"has-text-align-center\"><strong>O espet\u00e1culo, integralmente patrocinado pela Ciser, marca exatos 27 anos da parceria. <\/strong><\/p>\n\n\n\n<p class=\"has-text-align-center\">A dire\u00e7\u00e3o geral \u00e9 do dramaturgo e diretor Rubens Lima Junior, tamb\u00e9m autor do roteiro, e a dire\u00e7\u00e3o musical, de Jacson Ara\u00fajo.<\/p>\n\n\n\n<p class=\"has-text-align-center\">Na opini\u00e3o da produtora Albertina Tuma, coordenadora geral do projeto, levar o espet\u00e1culo \u00e0s escolas \u00e9 mais uma das a\u00e7\u00f5es que evidenciam o car\u00e1ter pedag\u00f3gico da iniciativa. <\/p>\n\n\n\n<p class=\"has-text-align-center\">Albertina entende como fundamental contribuir para a consolida\u00e7\u00e3o da arte e da cultura, possibilitando a forma\u00e7\u00e3o de novas plateias.<\/p>\n\n\n\n<p class=\"has-text-align-center\">O projeto tem apoio da Lei Federal de Incentivo \u00e0 Cultura e Governo Estadual de Santa Catarina com Patroc\u00ednio\/Incentivo da Ciser.<\/p>\n\n\n\n<p class=\"has-text-align-center\"> Tem Incentivo Estadual do Programa de Incentivo \u00e0 Cultura, Funda\u00e7\u00e3o Catarinense de Cultura (FCC), e realiza\u00e7\u00e3o do Minist\u00e9rio de Cultura e Governo Federal &#8211; Uni\u00e3o e Reconstru\u00e7\u00e3o.<\/p>\n\n\n\n<p class=\"has-text-align-center\">Sobre o coral<\/p>\n\n\n\n<p class=\"has-text-align-center\">\u201cIntegrar o trabalho \u00e0 arte e ao lazer \u00e9 o objetivo do Coral Ciser Show\u201d, sublinha Albertina Tuma. <\/p>\n\n\n\n<p class=\"has-text-align-center\">Ela frisa que o projeto do coral, criado em maio de 1997, conta com uma estrutura completa para proporcionar verdadeiros espet\u00e1culos. <\/p>\n\n\n\n<p class=\"has-text-align-center\">A performance \u00e9 diferente das tradicionais: os participantes fazem aulas de express\u00e3o corporal e dan\u00e7a, agregando coreografias \u00e0s m\u00fasicas. <\/p>\n\n\n\n<p class=\"has-text-align-center\">O repert\u00f3rio privilegia a m\u00fasica popular brasileira, al\u00e9m de cl\u00e1ssicos, m\u00fasicas regionais e sacras. <\/p>\n\n\n\n<p class=\"has-text-align-center\">\u201cCelebrar 27 anos desse trabalho \u00e9 um grande privil\u00e9gio \u2013 mas, sobretudo, uma honra e uma alegria\u201d, acrescenta Albertina.<\/p>\n\n\n\n<p class=\"has-text-align-center\">PROGRAMA\u00c7\u00c3O COMPLETA<\/p>\n\n\n\n<p class=\"has-text-align-center\">15\/08, 19h30. Escola Professor Orestes Guimar\u00e3es<\/p>\n\n\n\n<p class=\"has-text-align-center\">22\/08, 19h30. Escola Professora Lacy Luiza da Cruz Flores<\/p>\n\n\n\n<p class=\"has-text-align-center\">23\/08, 19h30. Escola Virg\u00ednia Soares<\/p>\n\n\n\n<p class=\"has-text-align-center\">05\/09, 19h30. Escola Enfermeira Hilda Anna Krisch<\/p>\n\n\n\n<p class=\"has-text-align-center\">06\/09, 19h30. Escola Prefeito Luiz Gomes<\/p>\n\n\n\n<p class=\"has-text-align-center\">20\/09, 19h30. Escola Pastor Hans Mueller<\/p>\n\n\n\n<p class=\"has-text-align-center\">03\/10, 19h30. Escola Professora Elizabeth Von Dreifuss<\/p>\n\n\n\n<p class=\"has-text-align-center\">04\/10, 19h30. Escola Jo\u00e3o Costa<\/p>\n\n\n\n<p class=\"has-text-align-center\">05\/10, 10h. Escola Presidente Castelo Branco<\/p>\n\n\n\n<p class=\"has-text-align-center\">05\/10, 16h. Escola Bernardo Tank<\/p>\n\n\n\n<p class=\"has-text-align-center\">17\/10, 19h30. Escola Prefeito Joaquim F\u00e9lix Moreira<\/p>\n\n\n\n<p class=\"has-text-align-center\">18\/10, 19h30. Escola Pl\u00e1cido Xavier Vieira<\/p>\n\n\n\n<p class=\"has-text-align-center\">19\/10, 10h. Escola Sylvio Sniecikovski<\/p>\n\n\n\n<p class=\"has-text-align-center\">19\/10, 16h. Escola Amador Aguiar<\/p>\n\n\n\n<p class=\"has-text-align-center\">25\/10, 19h30. Escola Deputado Lauro Carneiro de Loyola<\/p>\n\n\n\n<p class=\"has-text-align-center\">26\/10, 16h. Escola Professor Oswaldo Cabral<\/p>\n\n\n\n<p class=\"has-text-align-center\">08\/11, 19h30. Escola Anaburgo<\/p>\n\n\n\n<p class=\"has-text-align-center\">09\/11, 16h. Escola Professora Thereza Mazzolli Hreisemnou<\/p>\n\n\n\n<p class=\"has-text-align-center\">22\/11, 19h30. Escola Valentim Jo\u00e3o da Rocha<\/p>\n\n\n\n<p class=\"has-text-align-center\">23\/11, 16h. Escola Nove de Mar\u00e7o<\/p>\n\n\n\n<p class=\"has-text-align-center\">Assessoria de imprensa: Mercado de Comunica\u00e7\u00e3o.<\/p>\n\n\n\n<p class=\"has-text-align-center\"> Jornalista respons\u00e1vel: Ana Ribas Diefenthaeler.<\/p>\n\n\n\n<p class=\"has-text-align-center\"> Contato: (47) 98403-2745<\/p>\n","protected":false},"excerpt":{"rendered":"<p>Depois de mais uma temporada de sucesso, em junho, no Teatro Juarez Machado, o espet\u00e1culo&#8230;<\/p>\n","protected":false},"author":3,"featured_media":15257,"comment_status":"closed","ping_status":"open","sticky":false,"template":"","format":"standard","meta":{"om_disable_all_campaigns":false,"_monsterinsights_skip_tracking":false,"_monsterinsights_sitenote_active":false,"_monsterinsights_sitenote_note":"","_monsterinsights_sitenote_category":0,"spay_email":""},"categories":[1],"tags":[],"jetpack_featured_media_url":"https:\/\/vimagazine.com.br\/wp-content\/uploads\/2024\/08\/WhatsApp-Image-2024-08-13-at-15.25.46-e1723809663343.jpeg","_links":{"self":[{"href":"https:\/\/vimagazine.com.br\/index.php?rest_route=\/wp\/v2\/posts\/15256"}],"collection":[{"href":"https:\/\/vimagazine.com.br\/index.php?rest_route=\/wp\/v2\/posts"}],"about":[{"href":"https:\/\/vimagazine.com.br\/index.php?rest_route=\/wp\/v2\/types\/post"}],"author":[{"embeddable":true,"href":"https:\/\/vimagazine.com.br\/index.php?rest_route=\/wp\/v2\/users\/3"}],"replies":[{"embeddable":true,"href":"https:\/\/vimagazine.com.br\/index.php?rest_route=%2Fwp%2Fv2%2Fcomments&post=15256"}],"version-history":[{"count":1,"href":"https:\/\/vimagazine.com.br\/index.php?rest_route=\/wp\/v2\/posts\/15256\/revisions"}],"predecessor-version":[{"id":15258,"href":"https:\/\/vimagazine.com.br\/index.php?rest_route=\/wp\/v2\/posts\/15256\/revisions\/15258"}],"wp:featuredmedia":[{"embeddable":true,"href":"https:\/\/vimagazine.com.br\/index.php?rest_route=\/wp\/v2\/media\/15257"}],"wp:attachment":[{"href":"https:\/\/vimagazine.com.br\/index.php?rest_route=%2Fwp%2Fv2%2Fmedia&parent=15256"}],"wp:term":[{"taxonomy":"category","embeddable":true,"href":"https:\/\/vimagazine.com.br\/index.php?rest_route=%2Fwp%2Fv2%2Fcategories&post=15256"},{"taxonomy":"post_tag","embeddable":true,"href":"https:\/\/vimagazine.com.br\/index.php?rest_route=%2Fwp%2Fv2%2Ftags&post=15256"}],"curies":[{"name":"wp","href":"https:\/\/api.w.org\/{rel}","templated":true}]}}