{"id":15259,"date":"2024-08-16T09:08:41","date_gmt":"2024-08-16T12:08:41","guid":{"rendered":"https:\/\/vimagazine.com.br\/?p=15259"},"modified":"2024-08-16T09:08:43","modified_gmt":"2024-08-16T12:08:43","slug":"dia-do-cardiologista-especialista-do-dona-helena-revela-cuidados-para-evitar-doencas","status":"publish","type":"post","link":"https:\/\/vimagazine.com.br\/?p=15259","title":{"rendered":"Dia do Cardiologista: especialista do Dona Helena revela cuidados para evitar doen\u00e7as"},"content":{"rendered":"\n<p class=\"has-text-align-center\">Apesar de todos os avan\u00e7os da ci\u00eancia m\u00e9dica e das in\u00fameras campanhas em torno da preven\u00e7\u00e3o, as doen\u00e7as associadas ao sistema cardiol\u00f3gico continuam sendo as que mais matam, no mundo todo. <\/p>\n\n\n\n<p class=\"has-text-align-center\">Integrante do corpo cl\u00ednico do Hospital Dona Helena, de Joinville (SC), Ana Carolina Noronha Campos Berbel chama a aten\u00e7\u00e3o para essa realidade, que ganha destaque em 14 de agosto, quando o calend\u00e1rio marca o Dia do Cardiologista. Informa\u00e7\u00f5es importantes, que pressup\u00f5em, mais do que aten\u00e7\u00e3o aos tratamentos, uma verdadeira mudan\u00e7a de paradigmas na vida das pessoas.<\/p>\n\n\n\n<p class=\"has-text-align-center\"><strong> Acompanhe o artigo produzido pela m\u00e9dica.<\/strong><\/p>\n\n\n\n<p class=\"has-text-align-center\">As doen\u00e7as cardiovasculares (DCV) continuam sendo a principal causa de morte no mundo. Fatores de risco como hipertens\u00e3o arterial sist\u00eamica (HAS), diabetes mellitus (DM), dislipidemia, obesidade, tabagismo e alcoolismo, associados ao comportamento sedent\u00e1rio, priva\u00e7\u00e3o de sono, estresse e hist\u00f3rico familiar favorecem a doen\u00e7a.<\/p>\n\n\n\n<p class=\"has-text-align-center\">A hipertens\u00e3o \u00e9 um importante fator de risco, sendo o mais prevalente para as doen\u00e7as cardiovasculares. J\u00e1 a diabetes tem aumentado significativamente nos \u00faltimos anos, levando \u00e0 inflama\u00e7\u00e3o cr\u00f4nica do organismo e preju\u00edzo \u00e0s art\u00e9rias, tornando-se uma das principais causas de mortalidade dentre as doen\u00e7as cardiovasculares.<\/p>\n\n\n\n<p class=\"has-text-align-center\">Tamb\u00e9m a obesidade, uma entidade complexa, \u00e9 considerada de grande impacto nas doen\u00e7as cardiovasculares e importante no comprometimento dos fatores de risco.<\/p>\n\n\n\n<p class=\"has-text-align-center\"> Tabagismo, ingest\u00e3o de \u00e1lcool e sedentarismo est\u00e3o relacionados ao aumento do risco cardiovascular, afetando todas as fases das doen\u00e7as associadas.<\/p>\n\n\n\n<p class=\"has-text-align-center\">A ado\u00e7\u00e3o de h\u00e1bitos saud\u00e1veis exige constante esfor\u00e7o pessoal e resili\u00eancia. <\/p>\n\n\n\n<p class=\"has-text-align-center\">A melhora no estilo de vida associada \u00e0 alimenta\u00e7\u00e3o saud\u00e1vel traz novas perspectivas para a preven\u00e7\u00e3o cardiovascular. <\/p>\n\n\n\n<p class=\"has-text-align-center\">A atividade f\u00edsica tem efeitos positivos no metabolismo do colesterol, glicose e press\u00e3o arterial e, combinada com novas classes de medicamentos para controlar os fatores de risco, resultou na diminui\u00e7\u00e3o das doen\u00e7as card\u00edacas.<\/p>\n\n\n\n<p class=\"has-text-align-center\">O controle do tabagismo \u00e9 um importante instrumento de preven\u00e7\u00e3o prim\u00e1ria que, por meio da educa\u00e7\u00e3o continuada nos \u00faltimos anos, tem levado a uma redu\u00e7\u00e3o importante no n\u00famero de dependentes.<\/p>\n\n\n\n<p class=\"has-text-align-center\">A preven\u00e7\u00e3o das doen\u00e7as cardiovasculares \u00e9 fundamental para evitarmos desfechos graves como o infarto agudo do mioc\u00e1rdio (IAM) e o acidente vascular encef\u00e1lico (AVC). <\/p>\n\n\n\n<p class=\"has-text-align-center\">Para auxiliar o paciente em sua jornada na preven\u00e7\u00e3o e, se necess\u00e1rio, o tratamento \u00e9 importante o acompanhamento de uma equipe multidisciplinar composta por m\u00e9dico (cardiologista, endocrinologista, cl\u00ednico geral), nutricionista, educador f\u00edsico e psic\u00f3logo. <\/p>\n\n\n\n<p class=\"has-text-align-center\">O tempo e frequ\u00eancia para as visitas aos profissionais da sa\u00fade s\u00e3o individualizadas.<\/p>\n\n\n\n<p class=\"has-text-align-center\"> No entanto, uma consulta anual com uma boa coleta de hist\u00f3ria do paciente, exame f\u00edsico e exames complementares selecionados \u00e9 uma receita saud\u00e1vel para o cuidado com a sa\u00fade.<\/p>\n\n\n\n<p class=\"has-text-align-center\">Assessoria de imprensa Hospital Dona Helena. <\/p>\n\n\n\n<p class=\"has-text-align-center\">Jornalista respons\u00e1vel: Guilherme Diefenthaeler <\/p>\n\n\n\n<p class=\"has-text-align-center\">(reg. prof. 6207\/RS). <\/p>\n\n\n\n<p class=\"has-text-align-center\">WhatsApp (47) 98403-2745.<\/p>\n","protected":false},"excerpt":{"rendered":"<p>Apesar de todos os avan\u00e7os da ci\u00eancia m\u00e9dica e das in\u00fameras campanhas em torno da&#8230;<\/p>\n","protected":false},"author":3,"featured_media":15260,"comment_status":"closed","ping_status":"open","sticky":false,"template":"","format":"standard","meta":{"om_disable_all_campaigns":false,"_monsterinsights_skip_tracking":false,"_monsterinsights_sitenote_active":false,"_monsterinsights_sitenote_note":"","_monsterinsights_sitenote_category":0,"spay_email":""},"categories":[1],"tags":[],"jetpack_featured_media_url":"https:\/\/vimagazine.com.br\/wp-content\/uploads\/2024\/08\/WhatsApp-Image-2024-08-12-at-11.38.44-e1723809989917.jpeg","_links":{"self":[{"href":"https:\/\/vimagazine.com.br\/index.php?rest_route=\/wp\/v2\/posts\/15259"}],"collection":[{"href":"https:\/\/vimagazine.com.br\/index.php?rest_route=\/wp\/v2\/posts"}],"about":[{"href":"https:\/\/vimagazine.com.br\/index.php?rest_route=\/wp\/v2\/types\/post"}],"author":[{"embeddable":true,"href":"https:\/\/vimagazine.com.br\/index.php?rest_route=\/wp\/v2\/users\/3"}],"replies":[{"embeddable":true,"href":"https:\/\/vimagazine.com.br\/index.php?rest_route=%2Fwp%2Fv2%2Fcomments&post=15259"}],"version-history":[{"count":1,"href":"https:\/\/vimagazine.com.br\/index.php?rest_route=\/wp\/v2\/posts\/15259\/revisions"}],"predecessor-version":[{"id":15261,"href":"https:\/\/vimagazine.com.br\/index.php?rest_route=\/wp\/v2\/posts\/15259\/revisions\/15261"}],"wp:featuredmedia":[{"embeddable":true,"href":"https:\/\/vimagazine.com.br\/index.php?rest_route=\/wp\/v2\/media\/15260"}],"wp:attachment":[{"href":"https:\/\/vimagazine.com.br\/index.php?rest_route=%2Fwp%2Fv2%2Fmedia&parent=15259"}],"wp:term":[{"taxonomy":"category","embeddable":true,"href":"https:\/\/vimagazine.com.br\/index.php?rest_route=%2Fwp%2Fv2%2Fcategories&post=15259"},{"taxonomy":"post_tag","embeddable":true,"href":"https:\/\/vimagazine.com.br\/index.php?rest_route=%2Fwp%2Fv2%2Ftags&post=15259"}],"curies":[{"name":"wp","href":"https:\/\/api.w.org\/{rel}","templated":true}]}}